{"id":981,"date":"2017-03-17T10:57:18","date_gmt":"2017-03-17T09:57:18","guid":{"rendered":"http:\/\/fleschmazowsza.com.pl\/?p=981"},"modified":"2017-03-17T10:57:18","modified_gmt":"2017-03-17T09:57:18","slug":"coraz-blizej-modernizacji-linii-grodzisk-mazowiecki-warszawa","status":"publish","type":"post","link":"https:\/\/fleschmazowsza.com.pl\/?p=981","title":{"rendered":"Coraz bli\u017cej modernizacji linii Grodzisk Mazowiecki \u2013 Warszawa"},"content":{"rendered":"<p><strong>W kwietniu PKP Polskie Linie Kolejowe S.A. podpisz\u0105 umow\u0119 na przebudow\u0119 trasy<br \/>\nz Grodziska Mazowieckiego do Warszawy. Inwestycja, warta oko\u0142o 290 milion\u00f3w z\u0142otych, istotnie poprawi komunikacj\u0119 kolejow\u0105 w aglomeracji warszawskiej. Jesieni\u0105 2018 r. zmodernizowana linia zapewni przejazd wi\u0119kszej liczby poci\u0105g\u00f3w. Pasa\u017cerowie skorzystaj\u0105 z nowych dobrze wyposa\u017conych peron\u00f3w. <\/strong><\/p>\n<p>\u2013 <em>Jeste\u015bmy przygotowani do modernizacji trasy podmiejskiej do Warszawy. Podobne inwestycje realizuj\u0105 PLK w Krakowie. Usprawniamy infrastruktur\u0119 w Gorzowie Wielkopolskim i Poznaniu. Poprawa komunikacji kolejowej w aglomeracjach, sprawny przejazd wi\u0119kszej liczby poci\u0105g\u00f3w \u0142\u0105cz\u0105cych du\u017ce o\u015brodki z regionami &#8211; to jeden z cel\u00f3w Krajowego Programu Kolejowego<\/em> \u2013 m\u00f3wi Ireneusz Merchel, prezes PKP Polskich Linii Kolejowych S.A.<\/p>\n<p>Przygotowania do modernizacji linii podmiejskiej zaplanowano w maju. Prace obejm\u0105 przej\u015bcia podziemne na przystankach: Warszawa W\u0142ochy, Warszawa Ursus, Piast\u00f3w, Parzniew (nowo budowany w ramach modernizacji), Milan\u00f3wek oraz nowe przej\u015bcie pieszo-rowerowe w Brwinowie &#8211; czyli obiekty wsp\u00f3lne dla linii podmiejskiej i linii dalekobie\u017cnej. Wykonanie specjalnych tymczasowych konstrukcji zapewni mo\u017cliwo\u015b\u0107 przebudowy przej\u015b\u0107. Takie rozwi\u0105zanie zagwarantuje tak\u017ce sprawny przejazd poci\u0105g\u00f3w podmiejskich\u00a0 i dalekobie\u017cnych. Na tym etapie prace nie b\u0119d\u0105 wymaga\u0142y zamkni\u0119cia linii.<\/p>\n<p style=\"text-align: center;\"><strong>\u00a0Wrze\u015bniowa zmiana komunikacji <\/strong><\/p>\n<p>Kluczowy etap modernizacji linii podmiejskiej zaplanowano od wrze\u015bnia. Zmiany \u0142\u0105cz\u0105 si\u0119<br \/>\nz wprowadzeniem zast\u0119pczej komunikacji autobusowej na 12 miesi\u0119cy. Zapewnienie mieszka\u0144com powiat\u00f3w pruszkowskiego i grodziskiego sprawnej komunikacji na czas modernizacji linii jest uzgadniane przez przedstawicieli przewo\u017anik\u00f3w, samorz\u0105d\u00f3w oraz zarz\u0105dc\u0119 infrastruktury. W kwietniu zostanie przedstawiony kompletny i szczeg\u00f3\u0142owy harmonogram zast\u0119pczej komunikacji autobusowej.<\/p>\n<p>Od wrze\u015bnia wykonawca przyst\u0105pi do gruntownej przebudowy tor\u00f3w, sieci trakcyjnej, urz\u0105dze\u0144 sterowania ruchem kolejowym i infrastruktury pasa\u017cerskiej. Wstrzymanie ruchu na linii umo\u017cliwi skr\u00f3cenie czasu modernizacji z 31 do 22 miesi\u0119cy. Realnie linia b\u0119dzie zamkni\u0119ta tylko przez<br \/>\n12 miesi\u0119cy. Najwra\u017cliwsze prace zostan\u0105 wykonane prawie o 1,5 roku szybciej ni\u017c planowano.<\/p>\n<p style=\"text-align: center;\"><strong>\u00a0Efekty modernizacji<\/strong><\/p>\n<p>Efektem modernizacji 22 &#8211; kilometrowej linii Warszawa W\u0142ochy \u2013 Grodzisk Mazowiecki b\u0119dzie lepsza oferta podr\u00f3\u017cy. Poprawi si\u0119 niezawodno\u015b\u0107 przejazdu, zwi\u0119kszy si\u0119 liczba poci\u0105g\u00f3w, a pasa\u017cerowie zyskaj\u0105 lepszy komfort obs\u0142ugi na stacjach i przystankach. Wszystkie perony zostan\u0105 dostosowane do potrzeb os\u00f3b niepe\u0142nosprawnych. Pr\u0119dko\u015b\u0107 sk\u0142ad\u00f3w pasa\u017cerskich zostanie podwy\u017cszona z 80 km\/h do 120 km\/h.<\/p>\n<p style=\"text-align: right;\"><strong>Karol Jakubowski<\/strong><\/p>\n<p style=\"text-align: right;\">PKP Polskie Linie Kolejowe S.A.<\/p>\n","protected":false},"excerpt":{"rendered":"<p>W kwietniu PKP Polskie Linie Kolejowe S.A. podpisz\u0105 umow\u0119 na przebudow\u0119 trasy z Grodziska Mazowieckiego do Warszawy. Inwestycja, warta oko\u0142o 290 milion\u00f3w z\u0142otych, istotnie poprawi komunikacj\u0119 kolejow\u0105 w aglomeracji warszawskiej. Jesieni\u0105 2018 r. zmodernizowana linia zapewni przejazd wi\u0119kszej liczby poci\u0105g\u00f3w. Pasa\u017cerowie skorzystaj\u0105 z nowych dobrze wyposa\u017conych peron\u00f3w. \u2013 Jeste\u015bmy przygotowani do modernizacji trasy podmiejskiej do [&hellip;]<\/p>\n","protected":false},"author":2,"featured_media":201,"comment_status":"closed","ping_status":"open","sticky":false,"template":"","format":"standard","meta":{"footnotes":""},"categories":[5],"tags":[],"class_list":["post-981","post","type-post","status-publish","format-standard","has-post-thumbnail","hentry","category-wiadomosci"],"_links":{"self":[{"href":"https:\/\/fleschmazowsza.com.pl\/index.php?rest_route=\/wp\/v2\/posts\/981","targetHints":{"allow":["GET"]}}],"collection":[{"href":"https:\/\/fleschmazowsza.com.pl\/index.php?rest_route=\/wp\/v2\/posts"}],"about":[{"href":"https:\/\/fleschmazowsza.com.pl\/index.php?rest_route=\/wp\/v2\/types\/post"}],"author":[{"embeddable":true,"href":"https:\/\/fleschmazowsza.com.pl\/index.php?rest_route=\/wp\/v2\/users\/2"}],"replies":[{"embeddable":true,"href":"https:\/\/fleschmazowsza.com.pl\/index.php?rest_route=%2Fwp%2Fv2%2Fcomments&post=981"}],"version-history":[{"count":2,"href":"https:\/\/fleschmazowsza.com.pl\/index.php?rest_route=\/wp\/v2\/posts\/981\/revisions"}],"predecessor-version":[{"id":983,"href":"https:\/\/fleschmazowsza.com.pl\/index.php?rest_route=\/wp\/v2\/posts\/981\/revisions\/983"}],"wp:featuredmedia":[{"embeddable":true,"href":"https:\/\/fleschmazowsza.com.pl\/index.php?rest_route=\/wp\/v2\/media\/201"}],"wp:attachment":[{"href":"https:\/\/fleschmazowsza.com.pl\/index.php?rest_route=%2Fwp%2Fv2%2Fmedia&parent=981"}],"wp:term":[{"taxonomy":"category","embeddable":true,"href":"https:\/\/fleschmazowsza.com.pl\/index.php?rest_route=%2Fwp%2Fv2%2Fcategories&post=981"},{"taxonomy":"post_tag","embeddable":true,"href":"https:\/\/fleschmazowsza.com.pl\/index.php?rest_route=%2Fwp%2Fv2%2Ftags&post=981"}],"curies":[{"name":"wp","href":"https:\/\/api.w.org\/{rel}","templated":true}]}}