{"id":97,"date":"2016-10-18T14:04:24","date_gmt":"2016-10-18T13:04:24","guid":{"rendered":"http:\/\/fleschmazowsza.com.pl\/?p=97"},"modified":"2016-10-18T14:04:24","modified_gmt":"2016-10-18T13:04:24","slug":"jak-oszczedzac-energie-i-wode","status":"publish","type":"post","link":"https:\/\/fleschmazowsza.com.pl\/?p=97","title":{"rendered":"Jak oszcz\u0119dza\u0107 energi\u0119 i wod\u0119?"},"content":{"rendered":"<p><strong>11 pa\u017adziernika na placu Jana Paw\u0142a II w Pruszkowie pojawi\u0142 si\u0119 autobus energetyczny. Mieszka\u0144cy mieli okazj\u0119 zyska\u0107 wiedz\u0119 na temat zmian klimatycznych.<\/strong><\/p>\n<p>Zadaniem mobilnego centrum jest docieranie z programem edukacyjnym bezpo\u015brednio do mieszka\u0144c\u00f3w gmin i podnoszenie \u015bwiadomo\u015bci ekologicznej w szerokich grupach spo\u0142ecznych. W ramach realizacji projektu planowane jest przeprowadzenie kampanii edukacyjnej na terenie 200 gmin. Eksperci je\u017cd\u017c\u0105cy autobusem b\u0119d\u0105 tworzyli grup\u0119 doradcz\u0105, kt\u00f3ra b\u0119dzie oferowa\u0142a nieodp\u0142atn\u0105, niezale\u017cn\u0105 i najbardziej aktualn\u0105 wiedz\u0119 na tematy zwi\u0105zane ze zmianami klimatu i efektywno\u015bci\u0105 energetyczn\u0105.<br \/>\nOg\u00f3lnopolska akcja odbywa si\u0119 w ramach kampanii ekologicznej dotycz\u0105cej przeciwdzia\u0142ania zmianom klimatycznym. Autobus pe\u0142ni funkcj\u0119 mobilnego laboratorium, w kt\u00f3rym znajduj\u0105 si\u0119 modele, makiety oraz tablice prezentuj\u0105ce najnowocze\u015bniejsze rozwi\u0105zania w zakresie efektywno\u015bci energetycznej. Celem kampanii jest zwr\u00f3cenie uwagi spo\u0142ecze\u0144stwa na kwesti\u0119 zmian klimatycznych i ich przyczyn. Mieszka\u0144cy b\u0119d\u0105 mogli zyska\u0107 wiedz\u0119 na temat ogniw fotowoltaicznych, elektrowni wiatrowych, a tak\u017ce energooszcz\u0119dnego stosowania o\u015bwietlenia.<\/p>\n<p>Kolejnymi miejscami kt\u00f3re odwiedzi autobus to :<br \/>\n12.10.2016 Grodzisk Mazowiecki, ul. Sp\u00f3\u0142dzielcza 9<br \/>\n13.10.2016 \u017byrard\u00f3w, Plac Jana Paw\u0142a II<br \/>\n18 i 19.10.2016 Piast\u00f3w, Al. Tysi\u0105clecia 1 (MOSiR)<br \/>\n25.10.2016 O\u017car\u00f3w Mazowiecki, ul. Kolejowa 2<br \/>\nWi\u0119cej szczeg\u00f3\u0142owych informacji na stronie <a href=\"http:\/\/autobusenergetyczny.pl\/\">http:\/\/autobusenergetyczny.pl\/<\/a>.<\/p>\n<p style=\"text-align: right;\">Oprac. <strong>EW<\/strong><\/p>\n","protected":false},"excerpt":{"rendered":"<p>11 pa\u017adziernika na placu Jana Paw\u0142a II w Pruszkowie pojawi\u0142 si\u0119 autobus energetyczny. Mieszka\u0144cy mieli okazj\u0119 zyska\u0107 wiedz\u0119 na temat zmian klimatycznych. Zadaniem mobilnego centrum jest docieranie z programem edukacyjnym bezpo\u015brednio do mieszka\u0144c\u00f3w gmin i podnoszenie \u015bwiadomo\u015bci ekologicznej w szerokich grupach spo\u0142ecznych. W ramach realizacji projektu planowane jest przeprowadzenie kampanii edukacyjnej na terenie 200 gmin. [&hellip;]<\/p>\n","protected":false},"author":2,"featured_media":99,"comment_status":"closed","ping_status":"open","sticky":false,"template":"","format":"standard","meta":{"footnotes":""},"categories":[1],"tags":[],"class_list":["post-97","post","type-post","status-publish","format-standard","has-post-thumbnail","hentry","category-uncategorized"],"_links":{"self":[{"href":"https:\/\/fleschmazowsza.com.pl\/index.php?rest_route=\/wp\/v2\/posts\/97","targetHints":{"allow":["GET"]}}],"collection":[{"href":"https:\/\/fleschmazowsza.com.pl\/index.php?rest_route=\/wp\/v2\/posts"}],"about":[{"href":"https:\/\/fleschmazowsza.com.pl\/index.php?rest_route=\/wp\/v2\/types\/post"}],"author":[{"embeddable":true,"href":"https:\/\/fleschmazowsza.com.pl\/index.php?rest_route=\/wp\/v2\/users\/2"}],"replies":[{"embeddable":true,"href":"https:\/\/fleschmazowsza.com.pl\/index.php?rest_route=%2Fwp%2Fv2%2Fcomments&post=97"}],"version-history":[{"count":1,"href":"https:\/\/fleschmazowsza.com.pl\/index.php?rest_route=\/wp\/v2\/posts\/97\/revisions"}],"predecessor-version":[{"id":100,"href":"https:\/\/fleschmazowsza.com.pl\/index.php?rest_route=\/wp\/v2\/posts\/97\/revisions\/100"}],"wp:featuredmedia":[{"embeddable":true,"href":"https:\/\/fleschmazowsza.com.pl\/index.php?rest_route=\/wp\/v2\/media\/99"}],"wp:attachment":[{"href":"https:\/\/fleschmazowsza.com.pl\/index.php?rest_route=%2Fwp%2Fv2%2Fmedia&parent=97"}],"wp:term":[{"taxonomy":"category","embeddable":true,"href":"https:\/\/fleschmazowsza.com.pl\/index.php?rest_route=%2Fwp%2Fv2%2Fcategories&post=97"},{"taxonomy":"post_tag","embeddable":true,"href":"https:\/\/fleschmazowsza.com.pl\/index.php?rest_route=%2Fwp%2Fv2%2Ftags&post=97"}],"curies":[{"name":"wp","href":"https:\/\/api.w.org\/{rel}","templated":true}]}}