{"id":963,"date":"2017-03-15T09:44:09","date_gmt":"2017-03-15T08:44:09","guid":{"rendered":"http:\/\/fleschmazowsza.com.pl\/?p=963"},"modified":"2017-03-15T09:44:09","modified_gmt":"2017-03-15T08:44:09","slug":"sprawca-wlamania-do-zyrardowskiego-kosciola-zatrzymany","status":"publish","type":"post","link":"https:\/\/fleschmazowsza.com.pl\/?p=963","title":{"rendered":"Sprawca w\u0142amania do \u017cyrardowskiego ko\u015bcio\u0142a zatrzymany"},"content":{"rendered":"<p><strong>Policjanci Wydzia\u0142u Kryminalnego KPP w \u017byrardowie kilka dni po zuchwa\u0142ym w\u0142amaniu do ko\u015bcio\u0142a na terenie miasta zatrzymali jego sprawc\u0119, a co najwa\u017cniejsze odzyskali skradzione naczynia liturgiczne. 32-latkek decyzj\u0105 s\u0105du najbli\u017csze 3 miesi\u0105ce sp\u0119dzi w areszcie, grozi mu do 10 lat pozbawienia wolno\u015bci.<\/strong><\/p>\n<p>W niedziel\u0119 (12.03) wieczorem po wcze\u015bniejszych kilkudniowych ustaleniach kryminalni zatrzymali 32-letniego \u017cyrardowianina. W budynku w kt\u00f3rym ukrywa\u0142 si\u0119 m\u0119\u017cczyzna policjanci znale\u017ali skradzione podczas zesz\u0142otygodniowego w\u0142amania do ko\u015bcio\u0142a naczynia liturgiczne.\u00a0 \u017byrardowianin, dobrze znany kryminalnym zosta\u0142 zatrzymany i trafi\u0142 do policyjnego aresztu. 32-latek opr\u00f3cz zarzutu kradzie\u017cy z w\u0142amaniem do ko\u015bcio\u0142a odpowie tak\u017ce za w\u0142amanie do samochodu do kt\u00f3rego dosz\u0142o tej samej nocy. S\u0105d Rejonowy przychyli\u0142 si\u0119 do wniosku Komendanta Powiatowego Policji w \u017byrardowie i zastosowa\u0142 wobec m\u0119\u017cczyzny tymczasowy areszt na okres 3 miesi\u0119cy. \u00a0M\u0119\u017cczy\u017anie grozi do 10 lat pozbawienia wolno\u015bci.<\/p>\n<p style=\"text-align: right;\"><strong>asp. Agnieszka Ciereszko<\/strong><\/p>\n","protected":false},"excerpt":{"rendered":"<p>Policjanci Wydzia\u0142u Kryminalnego KPP w \u017byrardowie kilka dni po zuchwa\u0142ym w\u0142amaniu do ko\u015bcio\u0142a na terenie miasta zatrzymali jego sprawc\u0119, a co najwa\u017cniejsze odzyskali skradzione naczynia liturgiczne. 32-latkek decyzj\u0105 s\u0105du najbli\u017csze 3 miesi\u0105ce sp\u0119dzi w areszcie, grozi mu do 10 lat pozbawienia wolno\u015bci. W niedziel\u0119 (12.03) wieczorem po wcze\u015bniejszych kilkudniowych ustaleniach kryminalni zatrzymali 32-letniego \u017cyrardowianina. W [&hellip;]<\/p>\n","protected":false},"author":2,"featured_media":965,"comment_status":"closed","ping_status":"open","sticky":false,"template":"","format":"standard","meta":{"footnotes":""},"categories":[5],"tags":[],"class_list":["post-963","post","type-post","status-publish","format-standard","has-post-thumbnail","hentry","category-wiadomosci"],"_links":{"self":[{"href":"https:\/\/fleschmazowsza.com.pl\/index.php?rest_route=\/wp\/v2\/posts\/963","targetHints":{"allow":["GET"]}}],"collection":[{"href":"https:\/\/fleschmazowsza.com.pl\/index.php?rest_route=\/wp\/v2\/posts"}],"about":[{"href":"https:\/\/fleschmazowsza.com.pl\/index.php?rest_route=\/wp\/v2\/types\/post"}],"author":[{"embeddable":true,"href":"https:\/\/fleschmazowsza.com.pl\/index.php?rest_route=\/wp\/v2\/users\/2"}],"replies":[{"embeddable":true,"href":"https:\/\/fleschmazowsza.com.pl\/index.php?rest_route=%2Fwp%2Fv2%2Fcomments&post=963"}],"version-history":[{"count":2,"href":"https:\/\/fleschmazowsza.com.pl\/index.php?rest_route=\/wp\/v2\/posts\/963\/revisions"}],"predecessor-version":[{"id":967,"href":"https:\/\/fleschmazowsza.com.pl\/index.php?rest_route=\/wp\/v2\/posts\/963\/revisions\/967"}],"wp:featuredmedia":[{"embeddable":true,"href":"https:\/\/fleschmazowsza.com.pl\/index.php?rest_route=\/wp\/v2\/media\/965"}],"wp:attachment":[{"href":"https:\/\/fleschmazowsza.com.pl\/index.php?rest_route=%2Fwp%2Fv2%2Fmedia&parent=963"}],"wp:term":[{"taxonomy":"category","embeddable":true,"href":"https:\/\/fleschmazowsza.com.pl\/index.php?rest_route=%2Fwp%2Fv2%2Fcategories&post=963"},{"taxonomy":"post_tag","embeddable":true,"href":"https:\/\/fleschmazowsza.com.pl\/index.php?rest_route=%2Fwp%2Fv2%2Ftags&post=963"}],"curies":[{"name":"wp","href":"https:\/\/api.w.org\/{rel}","templated":true}]}}