{"id":943,"date":"2017-03-14T10:00:27","date_gmt":"2017-03-14T09:00:27","guid":{"rendered":"http:\/\/fleschmazowsza.com.pl\/?p=943"},"modified":"2017-03-14T10:00:27","modified_gmt":"2017-03-14T09:00:27","slug":"od-1-wrzesnia-liceum-w-nadarzynie","status":"publish","type":"post","link":"https:\/\/fleschmazowsza.com.pl\/?p=943","title":{"rendered":"Od 1 wrze\u015bnia liceum w Nadarzynie"},"content":{"rendered":"<p><strong>Gmina Nadarzyn podpisa\u0142a porozumienie ze Starostwem Powiatowym w Pruszkowie. Wszystko wskazuje na to, \u017ce od 1 wrze\u015bnia m\u0142odzie\u017c szkolna b\u0119dzie mia\u0142a mo\u017cliwo\u015b\u0107 nauki w pierwszym w Nadarzynie liceum, kt\u00f3re powstanie przy ulicy \u017b\u00f3\u0142wi\u0144skiej.<\/strong><\/p>\n<p>Jak informowali\u015bmy w ubieg\u0142ym numerze dwutygodnika \u201eFlesch Mazowsza\u201d, w lutym Rada Powiatu Pruszkowskiego wyrazi\u0142a zgod\u0119 by Gmina Nadarzyn utworzy\u0142a liceum og\u00f3lnokszta\u0142c\u0105ce.<\/p>\n<p>Szko\u0142a ma powsta\u0107 w miejscu obecnego Gimnazjum im. Jana Paw\u0142a II zlokalizowanego przy ul. \u017b\u00f3\u0142wi\u0144skiej, kt\u00f3re od wrze\u015bnia b\u0119dzie stopniowo wygaszane.<\/p>\n<p>Kolejnym krokiem by\u0142o podpisanie porozumienia pomi\u0119dzy gmin\u0105 a powiatem.<\/p>\n<p>\u2013 Bardzo si\u0119 cieszymy, \u017ce ostatecznie uda\u0142o si\u0119 wypracowa\u0107 wsp\u00f3lne stanowisko. Na tym etapie ko\u0144czy si\u0119 rola starostwa w tej sprawie \u2013 m\u00f3wi Krzysztof Bukowski, Zast\u0119pca Naczelnika Biura Zarz\u0105du Powiatu Pruszkowskiego.<\/p>\n<p>Teraz radni Nadarzyna musz\u0105 przygotowa\u0107 uchwa\u0142\u0119 w sprawie liceum, a nast\u0119pnie uzyska\u0107 pozytywn\u0105 opini\u0119 kuratorium o\u015bwiaty.<\/p>\n<p style=\"text-align: right;\"><strong>Kinga Rochalska<\/strong><\/p>\n","protected":false},"excerpt":{"rendered":"<p>Gmina Nadarzyn podpisa\u0142a porozumienie ze Starostwem Powiatowym w Pruszkowie. Wszystko wskazuje na to, \u017ce od 1 wrze\u015bnia m\u0142odzie\u017c szkolna b\u0119dzie mia\u0142a mo\u017cliwo\u015b\u0107 nauki w pierwszym w Nadarzynie liceum, kt\u00f3re powstanie przy ulicy \u017b\u00f3\u0142wi\u0144skiej. Jak informowali\u015bmy w ubieg\u0142ym numerze dwutygodnika \u201eFlesch Mazowsza\u201d, w lutym Rada Powiatu Pruszkowskiego wyrazi\u0142a zgod\u0119 by Gmina Nadarzyn utworzy\u0142a liceum og\u00f3lnokszta\u0142c\u0105ce. Szko\u0142a [&hellip;]<\/p>\n","protected":false},"author":2,"featured_media":944,"comment_status":"closed","ping_status":"open","sticky":false,"template":"","format":"standard","meta":{"footnotes":""},"categories":[9],"tags":[],"class_list":["post-943","post","type-post","status-publish","format-standard","has-post-thumbnail","hentry","category-edukacja"],"_links":{"self":[{"href":"https:\/\/fleschmazowsza.com.pl\/index.php?rest_route=\/wp\/v2\/posts\/943","targetHints":{"allow":["GET"]}}],"collection":[{"href":"https:\/\/fleschmazowsza.com.pl\/index.php?rest_route=\/wp\/v2\/posts"}],"about":[{"href":"https:\/\/fleschmazowsza.com.pl\/index.php?rest_route=\/wp\/v2\/types\/post"}],"author":[{"embeddable":true,"href":"https:\/\/fleschmazowsza.com.pl\/index.php?rest_route=\/wp\/v2\/users\/2"}],"replies":[{"embeddable":true,"href":"https:\/\/fleschmazowsza.com.pl\/index.php?rest_route=%2Fwp%2Fv2%2Fcomments&post=943"}],"version-history":[{"count":1,"href":"https:\/\/fleschmazowsza.com.pl\/index.php?rest_route=\/wp\/v2\/posts\/943\/revisions"}],"predecessor-version":[{"id":945,"href":"https:\/\/fleschmazowsza.com.pl\/index.php?rest_route=\/wp\/v2\/posts\/943\/revisions\/945"}],"wp:featuredmedia":[{"embeddable":true,"href":"https:\/\/fleschmazowsza.com.pl\/index.php?rest_route=\/wp\/v2\/media\/944"}],"wp:attachment":[{"href":"https:\/\/fleschmazowsza.com.pl\/index.php?rest_route=%2Fwp%2Fv2%2Fmedia&parent=943"}],"wp:term":[{"taxonomy":"category","embeddable":true,"href":"https:\/\/fleschmazowsza.com.pl\/index.php?rest_route=%2Fwp%2Fv2%2Fcategories&post=943"},{"taxonomy":"post_tag","embeddable":true,"href":"https:\/\/fleschmazowsza.com.pl\/index.php?rest_route=%2Fwp%2Fv2%2Ftags&post=943"}],"curies":[{"name":"wp","href":"https:\/\/api.w.org\/{rel}","templated":true}]}}