{"id":915,"date":"2017-03-13T12:43:07","date_gmt":"2017-03-13T11:43:07","guid":{"rendered":"http:\/\/fleschmazowsza.com.pl\/?p=915"},"modified":"2017-03-13T12:43:07","modified_gmt":"2017-03-13T11:43:07","slug":"jakie-pomysly-zglosili-mieszkancy","status":"publish","type":"post","link":"https:\/\/fleschmazowsza.com.pl\/?p=915","title":{"rendered":"Jakie pomys\u0142y zg\u0142osili mieszka\u0144cy?"},"content":{"rendered":"<p><strong>Do 18 marca potrwaj\u0105 konsultacje spo\u0142eczne w sprawie projekt\u00f3w zg\u0142oszonych do bud\u017cetu obywatelskiego przez mieszka\u0144c\u00f3w dzielnicy Ursus. Pod ocen\u0119 poddane zostan\u0105 a\u017c 82 projekty.<\/strong><\/p>\n<p style=\"text-align: center;\"><strong>Ponad 1,5 mln z\u0142 na pomys\u0142y mieszka\u0144c\u00f3w<\/strong><\/p>\n<p>W\u0142adze warszawskiej dzielnicy Ursus w 2018 roku na projekty w ramach bud\u017cetu partycypacyjnego przeznaczy\u0142y kwot\u0119 1 655 677 z\u0142 z podzia\u0142em na Ursus P\u00f3\u0142nocny (827 838,50 z\u0142) i Po\u0142udniowy (827 838,50 z\u0142). Podczas naboru wniosk\u00f3w mieszka\u0144cy zg\u0142osili a\u017c 82 projekty.<\/p>\n<p>Od 1 do 18 marca trwa\u0107 b\u0119d\u0105 konsultacje spo\u0142eczne z udzia\u0142em urz\u0119dnik\u00f3w tzw. wydzia\u0142\u00f3w merytorycznych dzielnicy. W tym czasie mieszka\u0144cy maj\u0105 szanse skomentowa\u0107 i przekaza\u0107 uwagi do pomys\u0142\u00f3w na specjalnej platformie internetowej www.app.twojbudzet.um.warszawa.pl lub w trakcie spotka\u0144 dyskusyjnych.<\/p>\n<p>Projekty, kt\u00f3re po przeprowadzeniu analizy zostan\u0105 uznane za mo\u017cliwe do realizacji, trafi\u0105 pod g\u0142osowanie mieszka\u0144c\u00f3w w drugiej po\u0142owie czerwca. Warszawiacy wybior\u0105, kt\u00f3re projekty b\u0119d\u0105 realizowane w 2018 r. A jakie pomys\u0142y zg\u0142osili mieszka\u0144cy Ursusa?<\/p>\n<p style=\"text-align: center;\"><strong>Mamy w czym wybiera\u0107<\/strong><\/p>\n<p>W\u015br\u00f3d pomys\u0142\u00f3w dla Ursusa P\u00f3\u0142nocnego pojawi\u0142a si\u0119 m.in. propozycja stworzenia murali na terenie Ursus-Nied\u017awiadek, ruchomego neonu w kszta\u0142cie traktora na dachu Urz\u0119du Dzielnicy Ursus, czy te\u017c og\u00f3lnodost\u0119pnego sadu owocowego z drzewami i krzewami<\/p>\n<p>Projekt\u00f3w zg\u0142oszonych w ramach Ursusa Po\u0142udniowego pojawi\u0142o si\u0119 znacznie wi\u0119cej. W\u015br\u00f3d nich zosta\u0142 zg\u0142oszony pomys\u0142 stworzenia Parku Skorosze w rejonie osiedla Skorosze oraz parku rozrywki FootGolf Park na terenie Parku Czechowickiego. Lokalny park aktywno\u015bci ruchowej przeznaczony mia\u0142by by\u0107 dla mieszka\u0144c\u00f3w w wieku od 5 do 75 lat. Jak podkre\u015blaj\u0105 organizatorzy by\u0142oby to po\u0142\u0105czenie rywalizacji gry w pi\u0142k\u0119 no\u017cn\u0105 i golfa.<\/p>\n<p>Wyj\u0105tkowym pomys\u0142em jest tak\u017ce budowa wie\u017cy antysmogowej w formie a\u017curowej kolumny. Wie\u017ca stan\u0105\u0107 mia\u0142aby na terenie O\u015brodka Sportu i Rekreacji w Ursusie, a jej zadaniem by\u0142oby oczyszczenie powietrza. Wed\u0142ug szacunk\u00f3w projektanta, wie\u017ca by\u0142aby w stanie oczy\u015bci\u0107 30 tysi\u0119cy metr\u00f3w sze\u015bciennych powietrza na godzin\u0119.<\/p>\n<p>W\u015br\u00f3d pomys\u0142\u00f3w dla ca\u0142ego Ursusa znale\u017a\u0107 mo\u017cna tak\u017ce kontynuacj\u0119 i rozwini\u0119cie projektu zg\u0142oszonego w poprzedniej edycji bud\u017cetu w \u015ar\u00f3dmie\u015bciu \u2013 ustawienie na ulicach dzielnicy kran\u00f3w lub \u017ar\u00f3de\u0142ek z wod\u0105 pitn\u0105 pod\u0142\u0105czonych do miejskiej sieci wodoci\u0105gowej.<\/p>\n<p style=\"text-align: right;\"><strong>Kinga Rochalska<\/strong><\/p>\n<p style=\"text-align: right;\">Fot. <strong><a href=\"http:\/\/www.app.twojbudzet.um.warszawa.pl\" target=\"_blank\" rel=\"noreferrer\">www.app.twojbudzet.um.warszawa.pl<\/a><\/strong><\/p>\n","protected":false},"excerpt":{"rendered":"<p>Do 18 marca potrwaj\u0105 konsultacje spo\u0142eczne w sprawie projekt\u00f3w zg\u0142oszonych do bud\u017cetu obywatelskiego przez mieszka\u0144c\u00f3w dzielnicy Ursus. Pod ocen\u0119 poddane zostan\u0105 a\u017c 82 projekty. Ponad 1,5 mln z\u0142 na pomys\u0142y mieszka\u0144c\u00f3w W\u0142adze warszawskiej dzielnicy Ursus w 2018 roku na projekty w ramach bud\u017cetu partycypacyjnego przeznaczy\u0142y kwot\u0119 1 655 677 z\u0142 z podzia\u0142em na Ursus P\u00f3\u0142nocny [&hellip;]<\/p>\n","protected":false},"author":2,"featured_media":916,"comment_status":"closed","ping_status":"open","sticky":false,"template":"","format":"standard","meta":{"footnotes":""},"categories":[1],"tags":[],"class_list":["post-915","post","type-post","status-publish","format-standard","has-post-thumbnail","hentry","category-uncategorized"],"_links":{"self":[{"href":"https:\/\/fleschmazowsza.com.pl\/index.php?rest_route=\/wp\/v2\/posts\/915","targetHints":{"allow":["GET"]}}],"collection":[{"href":"https:\/\/fleschmazowsza.com.pl\/index.php?rest_route=\/wp\/v2\/posts"}],"about":[{"href":"https:\/\/fleschmazowsza.com.pl\/index.php?rest_route=\/wp\/v2\/types\/post"}],"author":[{"embeddable":true,"href":"https:\/\/fleschmazowsza.com.pl\/index.php?rest_route=\/wp\/v2\/users\/2"}],"replies":[{"embeddable":true,"href":"https:\/\/fleschmazowsza.com.pl\/index.php?rest_route=%2Fwp%2Fv2%2Fcomments&post=915"}],"version-history":[{"count":1,"href":"https:\/\/fleschmazowsza.com.pl\/index.php?rest_route=\/wp\/v2\/posts\/915\/revisions"}],"predecessor-version":[{"id":917,"href":"https:\/\/fleschmazowsza.com.pl\/index.php?rest_route=\/wp\/v2\/posts\/915\/revisions\/917"}],"wp:featuredmedia":[{"embeddable":true,"href":"https:\/\/fleschmazowsza.com.pl\/index.php?rest_route=\/wp\/v2\/media\/916"}],"wp:attachment":[{"href":"https:\/\/fleschmazowsza.com.pl\/index.php?rest_route=%2Fwp%2Fv2%2Fmedia&parent=915"}],"wp:term":[{"taxonomy":"category","embeddable":true,"href":"https:\/\/fleschmazowsza.com.pl\/index.php?rest_route=%2Fwp%2Fv2%2Fcategories&post=915"},{"taxonomy":"post_tag","embeddable":true,"href":"https:\/\/fleschmazowsza.com.pl\/index.php?rest_route=%2Fwp%2Fv2%2Ftags&post=915"}],"curies":[{"name":"wp","href":"https:\/\/api.w.org\/{rel}","templated":true}]}}