{"id":912,"date":"2017-03-13T12:34:09","date_gmt":"2017-03-13T11:34:09","guid":{"rendered":"http:\/\/fleschmazowsza.com.pl\/?p=912"},"modified":"2017-03-13T12:34:09","modified_gmt":"2017-03-13T11:34:09","slug":"beksinski-nieznany","status":"publish","type":"post","link":"https:\/\/fleschmazowsza.com.pl\/?p=912","title":{"rendered":"Beksi\u0144ski Nieznany"},"content":{"rendered":"<p><strong>Prezentowana na stacji PKP w Poczekalni wystawa zatytu\u0142owana \u201eBeksi\u0144ski Nieznany\u201d prezentuje dorobek artysty, skupiaj\u0105cy si\u0119 na pracach fotograficznych z lat pi\u0119\u0107dziesi\u0105tych XX wieku.<\/strong><\/p>\n<p>Wystawa wzbogacona jest o filmy dokumentalne pochodz\u0105ce ze zbior\u00f3w rodziny Beksi\u0144skich czy te\u017c lekcje dla szk\u00f3\u0142. Ponadto istnieje mo\u017cliwo\u015b\u0107 indywidualnego zwiedzania wystawy z multimedialnym przewodnikiem.<br \/>\nNa wystawie mo\u017cemy dostrzec r\u00f3wnie\u017c fotomonta\u017ce komputerowe, kt\u00f3re pozwalaj\u0105 arty\u015bcie na kontaminacj\u0119 swojej tw\u00f3rczo\u015bci \u2013 po\u0142\u0105czenie r\u00f3\u017cnych dziedzin sztuki, tj. malarstwo i fotografia.<br \/>\nZdumiewaj\u0105ce, \u017ce przy takiej lapidarno\u015bci formy, wystawa przynios\u0142a tak fantastyczny efekt. W pracach artysty wida\u0107 wszystko jak na d\u0142oni, tj. jego wra\u017cliwo\u015b\u0107 na pi\u0119kno, na wy\u017cszy wymiar poziomu artystycznego, a tak\u017ce l\u0119ki, kt\u00f3re nim zaw\u0142adn\u0119\u0142y. Wystawa jest pe\u0142na ekspresji i godna obejrzenia.<br \/>\nZ tw\u00f3rczo\u015bci Beksi\u0144skiego, kt\u00f3ra do tej pory wydawa\u0142a si\u0119 mroczna i przera\u017caj\u0105ca, teraz wydobywa si\u0119 cz\u0105stka wysublimowanego pi\u0119kna.<\/p>\n<p style=\"text-align: right;\">Tekst i foto:<\/p>\n<p style=\"text-align: right;\"><strong>Daria G\u0142owacka<\/strong><\/p>\n","protected":false},"excerpt":{"rendered":"<p>Prezentowana na stacji PKP w Poczekalni wystawa zatytu\u0142owana \u201eBeksi\u0144ski Nieznany\u201d prezentuje dorobek artysty, skupiaj\u0105cy si\u0119 na pracach fotograficznych z lat pi\u0119\u0107dziesi\u0105tych XX wieku. Wystawa wzbogacona jest o filmy dokumentalne pochodz\u0105ce ze zbior\u00f3w rodziny Beksi\u0144skich czy te\u017c lekcje dla szk\u00f3\u0142. Ponadto istnieje mo\u017cliwo\u015b\u0107 indywidualnego zwiedzania wystawy z multimedialnym przewodnikiem. Na wystawie mo\u017cemy dostrzec r\u00f3wnie\u017c fotomonta\u017ce komputerowe, [&hellip;]<\/p>\n","protected":false},"author":2,"featured_media":913,"comment_status":"closed","ping_status":"open","sticky":false,"template":"","format":"standard","meta":{"footnotes":""},"categories":[6],"tags":[],"class_list":["post-912","post","type-post","status-publish","format-standard","has-post-thumbnail","hentry","category-kultura"],"_links":{"self":[{"href":"https:\/\/fleschmazowsza.com.pl\/index.php?rest_route=\/wp\/v2\/posts\/912","targetHints":{"allow":["GET"]}}],"collection":[{"href":"https:\/\/fleschmazowsza.com.pl\/index.php?rest_route=\/wp\/v2\/posts"}],"about":[{"href":"https:\/\/fleschmazowsza.com.pl\/index.php?rest_route=\/wp\/v2\/types\/post"}],"author":[{"embeddable":true,"href":"https:\/\/fleschmazowsza.com.pl\/index.php?rest_route=\/wp\/v2\/users\/2"}],"replies":[{"embeddable":true,"href":"https:\/\/fleschmazowsza.com.pl\/index.php?rest_route=%2Fwp%2Fv2%2Fcomments&post=912"}],"version-history":[{"count":1,"href":"https:\/\/fleschmazowsza.com.pl\/index.php?rest_route=\/wp\/v2\/posts\/912\/revisions"}],"predecessor-version":[{"id":914,"href":"https:\/\/fleschmazowsza.com.pl\/index.php?rest_route=\/wp\/v2\/posts\/912\/revisions\/914"}],"wp:featuredmedia":[{"embeddable":true,"href":"https:\/\/fleschmazowsza.com.pl\/index.php?rest_route=\/wp\/v2\/media\/913"}],"wp:attachment":[{"href":"https:\/\/fleschmazowsza.com.pl\/index.php?rest_route=%2Fwp%2Fv2%2Fmedia&parent=912"}],"wp:term":[{"taxonomy":"category","embeddable":true,"href":"https:\/\/fleschmazowsza.com.pl\/index.php?rest_route=%2Fwp%2Fv2%2Fcategories&post=912"},{"taxonomy":"post_tag","embeddable":true,"href":"https:\/\/fleschmazowsza.com.pl\/index.php?rest_route=%2Fwp%2Fv2%2Ftags&post=912"}],"curies":[{"name":"wp","href":"https:\/\/api.w.org\/{rel}","templated":true}]}}