{"id":89,"date":"2016-10-18T13:52:54","date_gmt":"2016-10-18T12:52:54","guid":{"rendered":"http:\/\/fleschmazowsza.com.pl\/?p=89"},"modified":"2016-10-18T13:52:54","modified_gmt":"2016-10-18T12:52:54","slug":"pruszkow-koncert-katarzyny-zak-w-miejskim-osrodku-kultury","status":"publish","type":"post","link":"https:\/\/fleschmazowsza.com.pl\/?p=89","title":{"rendered":"PRUSZK\u00d3W. Koncert Katarzyny \u017bak w Miejskim O\u015brodku Kultury"},"content":{"rendered":"<p><strong>Humor, nostalgia i marzenia oraz oczywi\u015bcie rado\u015b\u0107 \u017cycia. To s\u0142owa, kt\u00f3re najlepiej okre\u015blaj\u0105 charakter najnowszego programu Katarzyny \u017bak zaprezentowanego w Miejskim O\u015brodku Kultury \u201eKamyk&#8221; w Pruszkowie. Kilkana\u015bcie piosenek tworzy istn\u0105 mieszank\u0119 nastroj\u00f3w: muzycznego \u017cartu, dystansu do \u017cycia, mi\u0142osnych historii i marze\u0144.<\/strong><\/p>\n<p>Katarzyna \u017bak to aktorka teatralna i telewizyjna, znana z r\u00f3l w serialach m.in.: \u201eM jak mi\u0142o\u015b\u0107\u201d, \u201eNa Wsp\u00f3lnej\u201d czy \u201eRanczo\u201d. Ta wszechstronnie uzdolniona artystka do studia nagra\u0144 wesz\u0142a nie po raz pierwszy. Ma na swoim koncie solow\u0105 p\u0142yt\u0119 \u201eM\u0142ynarski \u2013 Jazz\u201d ze standardami jazzowymi w przek\u0142adzie Wojciecha M\u0142ynarskiego. Z w\u0142asnym recitalem od kilku lat je\u017adzi z powodzeniem po ca\u0142ym kraju.<\/p>\n<p>W minion\u0105 niedziele w Miejskim O\u015brodku Kultury \u201eKamyk&#8221; w Pruszkowie odby\u0142 si\u0119 koncert promuj\u0105cy p\u0142yt\u0119 Pani Katarzyny \u201eBardzo przyjemnie jest \u017cy\u0107\u201d. Koncert przebiega\u0142 w cudownej i pe\u0142nej rado\u015bci atmosferze. Ka\u017cda za\u015bpiewana przez ni\u0105 piosenka by\u0142a pe\u0142na emocji i by\u0142o wida\u0107, \u017ce aktorka kocha to co robi. Przed ka\u017cd\u0105 piosenk\u0105 artystka opowiada\u0142a histori\u0119 w jaki spos\u00f3b powsta\u0142a ka\u017cda z nich i kto tworzy\u0142 do niej s\u0142owa.<\/p>\n<p>Autorami tekst\u00f3w s\u0105 osobowo\u015bci polskiej sceny muzycznej m.in. Magda Czapi\u0144ska, Artur Andrus, Wojciech M\u0142ynarski, Andrzej Poniedzielski, Jan Wo\u0142ek i Micha\u0142 Zab\u0142ocki, ca\u0142o\u015bci muzycznie dope\u0142ni\u0142 Hadrian Filip Tab\u0119cki. Atrakcyjno\u015bci przedsi\u0119wzi\u0119ciu dodaje fakt, \u017ce zdecydowana wi\u0119kszo\u015b\u0107 utwor\u00f3w ma charakter premierowy. Poza jednym wyj\u0105tkiem, teksty i aran\u017cacje powsta\u0142y z my\u015bl\u0105 o Katarzynie \u017bak.<\/p>\n<p>Po koncercie mo\u017cna by\u0142o zakupi\u0107 p\u0142yt\u0119 z autografem Pani Katarzyny, porozmawia\u0107 z ni\u0105 a tak\u017ce zrobi\u0107 sobie pami\u0105tkowe zdj\u0119cie. Ca\u0142o\u015b\u0107 wydarzenia by\u0142a pe\u0142na energii, u\u015bmiechu i warta zobaczenia.<\/p>\n<p style=\"text-align: right;\">Tekst i foto:<\/p>\n<p style=\"text-align: right;\"><strong>Ewelina Wielgat<\/strong><\/p>\n","protected":false},"excerpt":{"rendered":"<p>Humor, nostalgia i marzenia oraz oczywi\u015bcie rado\u015b\u0107 \u017cycia. To s\u0142owa, kt\u00f3re najlepiej okre\u015blaj\u0105 charakter najnowszego programu Katarzyny \u017bak zaprezentowanego w Miejskim O\u015brodku Kultury \u201eKamyk&#8221; w Pruszkowie. Kilkana\u015bcie piosenek tworzy istn\u0105 mieszank\u0119 nastroj\u00f3w: muzycznego \u017cartu, dystansu do \u017cycia, mi\u0142osnych historii i marze\u0144. Katarzyna \u017bak to aktorka teatralna i telewizyjna, znana z r\u00f3l w serialach m.in.: \u201eM [&hellip;]<\/p>\n","protected":false},"author":2,"featured_media":90,"comment_status":"closed","ping_status":"open","sticky":false,"template":"","format":"standard","meta":{"footnotes":""},"categories":[6],"tags":[],"class_list":["post-89","post","type-post","status-publish","format-standard","has-post-thumbnail","hentry","category-kultura"],"_links":{"self":[{"href":"https:\/\/fleschmazowsza.com.pl\/index.php?rest_route=\/wp\/v2\/posts\/89","targetHints":{"allow":["GET"]}}],"collection":[{"href":"https:\/\/fleschmazowsza.com.pl\/index.php?rest_route=\/wp\/v2\/posts"}],"about":[{"href":"https:\/\/fleschmazowsza.com.pl\/index.php?rest_route=\/wp\/v2\/types\/post"}],"author":[{"embeddable":true,"href":"https:\/\/fleschmazowsza.com.pl\/index.php?rest_route=\/wp\/v2\/users\/2"}],"replies":[{"embeddable":true,"href":"https:\/\/fleschmazowsza.com.pl\/index.php?rest_route=%2Fwp%2Fv2%2Fcomments&post=89"}],"version-history":[{"count":1,"href":"https:\/\/fleschmazowsza.com.pl\/index.php?rest_route=\/wp\/v2\/posts\/89\/revisions"}],"predecessor-version":[{"id":91,"href":"https:\/\/fleschmazowsza.com.pl\/index.php?rest_route=\/wp\/v2\/posts\/89\/revisions\/91"}],"wp:featuredmedia":[{"embeddable":true,"href":"https:\/\/fleschmazowsza.com.pl\/index.php?rest_route=\/wp\/v2\/media\/90"}],"wp:attachment":[{"href":"https:\/\/fleschmazowsza.com.pl\/index.php?rest_route=%2Fwp%2Fv2%2Fmedia&parent=89"}],"wp:term":[{"taxonomy":"category","embeddable":true,"href":"https:\/\/fleschmazowsza.com.pl\/index.php?rest_route=%2Fwp%2Fv2%2Fcategories&post=89"},{"taxonomy":"post_tag","embeddable":true,"href":"https:\/\/fleschmazowsza.com.pl\/index.php?rest_route=%2Fwp%2Fv2%2Ftags&post=89"}],"curies":[{"name":"wp","href":"https:\/\/api.w.org\/{rel}","templated":true}]}}