{"id":885,"date":"2017-03-10T13:34:42","date_gmt":"2017-03-10T12:34:42","guid":{"rendered":"http:\/\/fleschmazowsza.com.pl\/?p=885"},"modified":"2017-03-10T13:34:42","modified_gmt":"2017-03-10T12:34:42","slug":"baby-ach-te-baby","status":"publish","type":"post","link":"https:\/\/fleschmazowsza.com.pl\/?p=885","title":{"rendered":"Baby, ach te baby\u2026"},"content":{"rendered":"<p><strong>8 marca obchodzony jest Dzie\u0144 Kobiet. Dla wszystkich pa\u0144 jest to bardzo wa\u017cne \u015bwi\u0119to. Zapytali\u015bmy te\u017c kilku Pan\u00f3w, co s\u0105dz\u0105 o tym dniu. Czy kultywuj\u0105 to \u015bwi\u0119to w spos\u00f3b szczeg\u00f3lny i czy pami\u0119taj\u0105 o swoich kobietach? Okazuje si\u0119, \u017ce wi\u0119kszo\u015b\u0107 z nich pami\u0119ta.<\/strong><\/p>\n<p>Wiele miast, miasteczek i gmin z okazji tego dnia organizuje specjalny program, m.in. w grodziskim Centrum Kultury co roku organizowane jest projekt zatytu\u0142owany \u201eMiasto kobiet\u201d. W tym roku go\u015b\u0107mi dwudniowej imprezy w pierwszy marcowy weekend byli aktorka Gra\u017cyna Szapo\u0142owska i Grzegorz Wilk, utalentowany wokalista z programu \u201eJaka to melodia?\u201d.<\/p>\n<p>W czwartek 9 marca w Przestrzeni Kulturze Przyjaznej na Dworcu PKP od godz. 19.00 na weso\u0142e i ciekawe spotkanie wszystkie panie zaprasza Danuta Morel. Na w\u0142oski koncert z okazji Dnia Kobiet \u201eAMORE IN MUSICA\u201d zaprasza w poniedzia\u0142ek 13 marca o godz. 19.30 Kino Centrum Kultury ul. Sp\u00f3\u0142dzielcza 9, a za\u015bpiewa Marco Bocchino.<\/p>\n<p style=\"text-align: center;\">\n<strong> \u201eOblicza kobiet\u201d<\/strong><\/p>\n<p>P\u0142e\u0107 pi\u0119kna od zarania dziej\u00f3w by\u0142a otoczona swoistym kultem. Tak\u017ce wspania\u0142e postacie \u015bwiatowej literatury uczyni\u0142y z kobiety istot\u0119 nadzwyczajn\u0105. Bez w\u0105tpienia do dumnej i upartej Scarlett O\u2019Hary, bohaterki powie\u015bci Margaret MitchelI zatytu\u0142owanej \u201ePrzemin\u0119\u0142o z wiatrem\u201d wzdychali wszyscy.<br \/>\nPo lekturze \u201eAnny Kareniny\u201d Lwa To\u0142stoja m\u00f3wiono, \u017ce \u201ew ka\u017cdej kobiecie \u017cyje stworzona przez rosyjskiego pisarza Anna\u201d. Za\u015b posta\u0107 Dulcynei, ukochanej s\u0142ynnego Don Kichota, wzbudza\u0142a wiele rado\u015bci i u\u015bmiechu. I cho\u0107 ka\u017cda z tych postaci jest zupe\u0142nie inna, to \u0142\u0105czy je jedno \u2013 s\u0105 ikonami klasyki literatury \u015bwiatowej.<\/p>\n<p>W tym roku miasto Grodzisk przygotowa\u0142o wyj\u0105tkowy upominek, kt\u00f3rym jest wystawa plenerowa. Mo\u017cna j\u0105 obejrze\u0107 id\u0105c ulic\u0105 Poniatowskiego. Wystawa zatytu\u0142owana \u201eOblicza kobiet\u201d jest zaledwie namiastk\u0105 tego, co uda\u0142o si\u0119 stworzy\u0107 najwybitniejszym fotografikom w ci\u0105gu ich ca\u0142ego dorobku, ale i tak zachwyca.<\/p>\n<p>Lidia Popiel, Chris Niedenthal czy Tomasz Tomaszewski \u2013 to tw\u00f3rcy tych ciekawych, niezwykle unikatowych zdj\u0119\u0107, kt\u00f3re pokazuj\u0105 wsp\u00f3\u0142czesn\u0105 kobiet\u0119 w r\u00f3\u017cnych rolach. Ich dokonanie mo\u017cna \u015bmia\u0142o podziwia\u0107, spaceruj\u0105c ulic\u0105 i ogl\u0105daj\u0105c wystaw\u0119, na kt\u00f3rej ka\u017cda z fotografii zawiera cytat \u015bci\u015ble ze sob\u0105 koreluj\u0105cy. Wernisa\u017c kalendarza odby\u0142 si\u0119 w Arkadach Kubickiego, a wydawc\u0105 jest Gedeon Richter Polska.<\/p>\n<p>O innych imprezach zwi\u0105zanych z Dniem Kobiet dowiecie si\u0119 Pa\u0144stwo z naszego Kalendarza Imprez Kulturalnych.<\/p>\n<p style=\"text-align: center;\">\n<strong> Trzeba kultywowa\u0107 Dzie\u0144 Kobiet!<\/strong><\/p>\n<p>Mieszka\u0144cy Grodziska zgodnie niemal jednog\u0142o\u015bnie m\u00f3wi\u0105: trzeba kultywowa\u0107 Dzie\u0144 Kobiet!<br \/>\n&#8211; Kobiety zas\u0142uguj\u0105 na specjalne uznanie, s\u0105 wspania\u0142ymi matkami. Niestety cz\u0119sto zapominaj\u0105 o sobie, dlatego 8 marca to doskona\u0142a okazja, aby przypomnie\u0107 sobie o ich nieocenionej postawie \u2013 m\u00f3wi pan Jan.<\/p>\n<p>M\u0142odzi tak\u017ce z entuzjazmem opowiadaj\u0105 o najwa\u017cniejszych kobietach w ich \u017cyciu.<br \/>\n\u2013 Na pewno nie powinni\u015bmy zapomina\u0107 o tym \u015bwi\u0119cie, musimy pami\u0119ta\u0107 o naszych mamach czy babciach, one cz\u0119sto po\u015bwi\u0119ci\u0142y nam bardzo du\u017co \u2013 t\u0142umaczy Aleksandra.<\/p>\n<p style=\"text-align: center;\"><strong>Szlakiem dawnych mieszkanek Grodziska<\/strong><\/p>\n<p>Niekt\u00f3rzy, zw\u0142aszcza starsi mieszka\u0144cy wspominaj\u0105 historie mieszkanek Grodziska. Tak\u017ce willa Radogoszcz organizowa\u0142a w tym roku spacer historyczny zatytu\u0142owany \u201eSzlakiem dawnych grodziszczanek\u201d. A na pewno jest do czego powraca\u0107 pami\u0119ci\u0105!<\/p>\n<p>Jedn\u0105 z kobiet, kt\u00f3r\u0105 do dzi\u015b wspominaj\u0105 historycy Grodziska jest Izabela Szymkiewicz, kt\u00f3ra zmar\u0142a w 1842 roku we dworze Mokronowskich. Co \u0142\u0105czy\u0142o j\u0105 z dziedzicami mo\u017cna by\u0142o dowiedzie\u0107 si\u0119 bior\u0105c udzia\u0142 w jednym z organizowanych cyklicznie spacer\u00f3w. M\u0142od\u0105 dziewczyn\u0119 pochowano na grodziskim cmentarzu parafialnym, a gr\u00f3b w kt\u00f3rym spoczywa jest dzi\u015b najstarszym z zachowanych.<\/p>\n<p>Z pewno\u015bci\u0105 Dzie\u0144 Kobiet jest te\u017c doskona\u0142\u0105 okazj\u0105 do przypomnienia sobie historii miasta, a zw\u0142aszcza do tego, aby powspomina\u0107 dawne mieszkanki Grodziska.<\/p>\n<p style=\"text-align: right;\"><strong>Daria G\u0142owacka, (mg)<\/strong><\/p>\n","protected":false},"excerpt":{"rendered":"<p>8 marca obchodzony jest Dzie\u0144 Kobiet. Dla wszystkich pa\u0144 jest to bardzo wa\u017cne \u015bwi\u0119to. Zapytali\u015bmy te\u017c kilku Pan\u00f3w, co s\u0105dz\u0105 o tym dniu. Czy kultywuj\u0105 to \u015bwi\u0119to w spos\u00f3b szczeg\u00f3lny i czy pami\u0119taj\u0105 o swoich kobietach? Okazuje si\u0119, \u017ce wi\u0119kszo\u015b\u0107 z nich pami\u0119ta. Wiele miast, miasteczek i gmin z okazji tego dnia organizuje specjalny program, [&hellip;]<\/p>\n","protected":false},"author":2,"featured_media":886,"comment_status":"closed","ping_status":"open","sticky":false,"template":"","format":"standard","meta":{"footnotes":""},"categories":[6],"tags":[],"class_list":["post-885","post","type-post","status-publish","format-standard","has-post-thumbnail","hentry","category-kultura"],"_links":{"self":[{"href":"https:\/\/fleschmazowsza.com.pl\/index.php?rest_route=\/wp\/v2\/posts\/885","targetHints":{"allow":["GET"]}}],"collection":[{"href":"https:\/\/fleschmazowsza.com.pl\/index.php?rest_route=\/wp\/v2\/posts"}],"about":[{"href":"https:\/\/fleschmazowsza.com.pl\/index.php?rest_route=\/wp\/v2\/types\/post"}],"author":[{"embeddable":true,"href":"https:\/\/fleschmazowsza.com.pl\/index.php?rest_route=\/wp\/v2\/users\/2"}],"replies":[{"embeddable":true,"href":"https:\/\/fleschmazowsza.com.pl\/index.php?rest_route=%2Fwp%2Fv2%2Fcomments&post=885"}],"version-history":[{"count":1,"href":"https:\/\/fleschmazowsza.com.pl\/index.php?rest_route=\/wp\/v2\/posts\/885\/revisions"}],"predecessor-version":[{"id":887,"href":"https:\/\/fleschmazowsza.com.pl\/index.php?rest_route=\/wp\/v2\/posts\/885\/revisions\/887"}],"wp:featuredmedia":[{"embeddable":true,"href":"https:\/\/fleschmazowsza.com.pl\/index.php?rest_route=\/wp\/v2\/media\/886"}],"wp:attachment":[{"href":"https:\/\/fleschmazowsza.com.pl\/index.php?rest_route=%2Fwp%2Fv2%2Fmedia&parent=885"}],"wp:term":[{"taxonomy":"category","embeddable":true,"href":"https:\/\/fleschmazowsza.com.pl\/index.php?rest_route=%2Fwp%2Fv2%2Fcategories&post=885"},{"taxonomy":"post_tag","embeddable":true,"href":"https:\/\/fleschmazowsza.com.pl\/index.php?rest_route=%2Fwp%2Fv2%2Ftags&post=885"}],"curies":[{"name":"wp","href":"https:\/\/api.w.org\/{rel}","templated":true}]}}