{"id":877,"date":"2017-03-07T10:17:23","date_gmt":"2017-03-07T09:17:23","guid":{"rendered":"http:\/\/fleschmazowsza.com.pl\/?p=877"},"modified":"2017-03-07T10:17:23","modified_gmt":"2017-03-07T09:17:23","slug":"mlodzi-z-workiem-medali","status":"publish","type":"post","link":"https:\/\/fleschmazowsza.com.pl\/?p=877","title":{"rendered":"M\u0142odzi z workiem medali"},"content":{"rendered":"<p><strong>Sezon dla panczenist\u00f3w praktycznie si\u0119 sko\u0144czy\u0142, bowiem w naszym kraju kryty tor lodowy pozostaje jedynie w sferze. Czas wi\u0119c na podsumowania. Kilkana\u015bcie medali w m\u0142odzie\u017cowych kategoriach \u2013 to imponuj\u0105ce osi\u0105gni\u0119cie. A zdobycie przez Mart\u0119 Dobrowolsk\u0105 (Sparta Grodzisk, uczennica gimnazjum nr 3 w Milan\u00f3wku) z\u0142otych medali na wszystkich dystansach na Mistrzostwach Polski M\u0142odzik\u00f3w &#8211; to po prostu dech zapiera.<\/strong><\/p>\n<p>W Og\u00f3lnopolskich Zawodach Dzieci <strong>Igor Masalski<\/strong> i <strong>Mateusz \u015aliwka<\/strong> zaj\u0119li pierwsze miejsca zdobywaj\u0105c podobnie komplety z\u0142otych medali na wszystkich dystansach. <strong>Joanna Hajduk<\/strong> (UKS 3) z kolei na Mistrzostwach Polski Junior\u00f3w skompletowa\u0142a srebrne medale na wszystkich dystansach. Na Mistrzostwach Polski M\u0142odzik\u00f3w <strong>Alicja Faderewska<\/strong> i <strong>Julia Uziak<\/strong> ust\u0105pi\u0142y pola na dystansie 1500 m jedynie <strong>Marcie Dobrowolskiej<\/strong>. <strong>Aleksandra Faderewska<\/strong> i <strong>Julia Uziak<\/strong> drugie a <strong>Micha\u0142 Kopacz<\/strong> i <strong>Rafa\u0142 Skrzydlewski<\/strong> \u2013 trzecie miejsca. Doda\u0107 do tego trzeba srebrny medal <strong>Klaudii Szyma\u0144skiej<\/strong> w biegu dru\u017cynowym na Og\u00f3lnopolskiej Olimpiadzie M\u0142odzie\u017cy.<\/p>\n<p>Trenerzy UKS 3 \u2013 <strong>Joanna Staszkiewicz<\/strong> i <strong>Artur Parchan<\/strong> na co dzie\u0144 ucz\u0105 wychowania fizycznego w milanowskiej tr\u00f3jce. Pani Joanna przysz\u0142a pracowa\u0107 w tej szkole w\u0142a\u015bnie specjalnie ze wzgl\u0119du na specjalizacj\u0119 \u0142y\u017cwiarsk\u0105, pan Artur najpierw by\u0142 zawodnikiem UKS 3. Nie bardzo maj\u0105 czas na rozmowy, bowiem dzieci nie mo\u017cna zostawi\u0107 samych. Absolutnie g\u0142\u00f3wn\u0105 spr\u0119\u017cyn\u0105 dzia\u0142a\u0144 jest prezes a zarazem dyrektor szko\u0142y <strong>Krzysztof Filipiak<\/strong>.<\/p>\n<p>Trenera <strong>Marty Dobrowolskiej S\u0142awomira Chmur\u0119<\/strong> (nota bene wychowanka UKS 3, by\u0142ego olimpijczyka) \u0142api\u0119 na chwil\u0119 przed wyjazdem do Heereven na nieoficjalne Mistrzostwa Europy Dzieci. Przyznaje, \u017ce spodziewa\u0142 si\u0119 dobrych wynik\u00f3w Marty, jednak efekty przesz\u0142y oczekiwania. Do Heereven opr\u00f3cz Marty jad\u0105 tak\u017ce <strong>Maria Dobosz<\/strong>, <strong>Alicja Faderewska<\/strong>, <strong>Julia Uziak<\/strong>, <strong>Igor Masalski<\/strong>.<\/p>\n<p style=\"text-align: right;\"><strong>(kf)<\/strong><\/p>\n","protected":false},"excerpt":{"rendered":"<p>Sezon dla panczenist\u00f3w praktycznie si\u0119 sko\u0144czy\u0142, bowiem w naszym kraju kryty tor lodowy pozostaje jedynie w sferze. Czas wi\u0119c na podsumowania. Kilkana\u015bcie medali w m\u0142odzie\u017cowych kategoriach \u2013 to imponuj\u0105ce osi\u0105gni\u0119cie. A zdobycie przez Mart\u0119 Dobrowolsk\u0105 (Sparta Grodzisk, uczennica gimnazjum nr 3 w Milan\u00f3wku) z\u0142otych medali na wszystkich dystansach na Mistrzostwach Polski M\u0142odzik\u00f3w &#8211; to po [&hellip;]<\/p>\n","protected":false},"author":2,"featured_media":879,"comment_status":"closed","ping_status":"open","sticky":false,"template":"","format":"standard","meta":{"footnotes":""},"categories":[8],"tags":[],"class_list":["post-877","post","type-post","status-publish","format-standard","has-post-thumbnail","hentry","category-roznosci"],"_links":{"self":[{"href":"https:\/\/fleschmazowsza.com.pl\/index.php?rest_route=\/wp\/v2\/posts\/877","targetHints":{"allow":["GET"]}}],"collection":[{"href":"https:\/\/fleschmazowsza.com.pl\/index.php?rest_route=\/wp\/v2\/posts"}],"about":[{"href":"https:\/\/fleschmazowsza.com.pl\/index.php?rest_route=\/wp\/v2\/types\/post"}],"author":[{"embeddable":true,"href":"https:\/\/fleschmazowsza.com.pl\/index.php?rest_route=\/wp\/v2\/users\/2"}],"replies":[{"embeddable":true,"href":"https:\/\/fleschmazowsza.com.pl\/index.php?rest_route=%2Fwp%2Fv2%2Fcomments&post=877"}],"version-history":[{"count":1,"href":"https:\/\/fleschmazowsza.com.pl\/index.php?rest_route=\/wp\/v2\/posts\/877\/revisions"}],"predecessor-version":[{"id":880,"href":"https:\/\/fleschmazowsza.com.pl\/index.php?rest_route=\/wp\/v2\/posts\/877\/revisions\/880"}],"wp:featuredmedia":[{"embeddable":true,"href":"https:\/\/fleschmazowsza.com.pl\/index.php?rest_route=\/wp\/v2\/media\/879"}],"wp:attachment":[{"href":"https:\/\/fleschmazowsza.com.pl\/index.php?rest_route=%2Fwp%2Fv2%2Fmedia&parent=877"}],"wp:term":[{"taxonomy":"category","embeddable":true,"href":"https:\/\/fleschmazowsza.com.pl\/index.php?rest_route=%2Fwp%2Fv2%2Fcategories&post=877"},{"taxonomy":"post_tag","embeddable":true,"href":"https:\/\/fleschmazowsza.com.pl\/index.php?rest_route=%2Fwp%2Fv2%2Ftags&post=877"}],"curies":[{"name":"wp","href":"https:\/\/api.w.org\/{rel}","templated":true}]}}