{"id":873,"date":"2017-03-07T10:07:44","date_gmt":"2017-03-07T09:07:44","guid":{"rendered":"http:\/\/fleschmazowsza.com.pl\/?p=873"},"modified":"2017-03-07T10:07:44","modified_gmt":"2017-03-07T09:07:44","slug":"to-jeszcze-nie-koniec-remontu-liceum","status":"publish","type":"post","link":"https:\/\/fleschmazowsza.com.pl\/?p=873","title":{"rendered":"To jeszcze nie koniec remontu Liceum"},"content":{"rendered":"<p><strong>1 marca uczniowie Liceum Og\u00f3lnokszta\u0142c\u0105cego im. T. Zana rozpocz\u0119li nauk\u0119 w oddanym do u\u017cytku skrzydle szko\u0142y. To jednak nie koniec prac budowlanych na terenie plac\u00f3wki.<\/strong><\/p>\n<p>Od 1 marca uczniowie Liceum Og\u00f3lnokszta\u0142c\u0105cego im. T. Zana mog\u0105 korzysta\u0107 z cz\u0119\u015bci edukacyjnej nowej siedziby szko\u0142y. Jednak na oficjalnie otwarcie musimy poczeka\u0107 jeszcze kilka miesi\u0119cy. Zako\u0144czenie prac budowlanych planowane jest w listopadzie tego roku.<\/p>\n<p>Teraz rozpoczyna si\u0119 etap budowy zaplecza sportowego szko\u0142y. Po wykonaniu rozbi\u00f3rki starej plac\u00f3wki, na jej miejscu powstanie sala sportowa oraz otwarte boisko. Cz\u0119\u015b\u0107 prac zostanie wykonana dopiero po zako\u0144czeniu budowy hali sportowej i \u0142\u0105cznika. Dzi\u015b w miejscu planowanego po\u0142\u0105czenia budynk\u00f3w pozostawiono \u015bcian\u0119. Zostanie ona wyburzona ju\u017c w ko\u0144cowym etapie. Co wi\u0119cej, w niekt\u00f3rych klasach w oknach wychodz\u0105cych na plac budowy nie ma klamek. Jest to zabieg celowy, aby kurz z budowy nie przedosta\u0142 si\u0119 do sal lekcyjnych. Konieczne b\u0119d\u0105 tak\u017ce poprawki elewacji.<\/p>\n<p>&#8211; Mamy \u015bwiadomo\u015b\u0107 tego, \u017ce na jednej ze \u015bcian budynku pojawi\u0142 si\u0119 odpadaj\u0105cy fragmentami tynk. Powodem tego jest fakt, \u017ce by\u0142 on k\u0142adziony przy niesprzyjaj\u0105cych warunkach pogodowych. Wykonawca oczywi\u015bcie zobowi\u0105za\u0142 si\u0119 do wykonania poprawek w tym zakresie \u2013 komentuje Krzysztof Bukowski, Zast\u0119pca Naczelnika Biura Zarz\u0105du Powiatu Pruszkowskiego. &#8211; Z poprawkami musimy zaczeka\u0107 na lepsz\u0105 pogod\u0119, potrzebujemy minimum 10 stopni i oko\u0142o 4-5 dni bez deszczu \u2013 dodaje Bukowski.<\/p>\n<p style=\"text-align: right;\">Tekst i foto:<\/p>\n<p style=\"text-align: right;\"><strong>Kinga Rochalska<\/strong><\/p>\n","protected":false},"excerpt":{"rendered":"<p>1 marca uczniowie Liceum Og\u00f3lnokszta\u0142c\u0105cego im. T. Zana rozpocz\u0119li nauk\u0119 w oddanym do u\u017cytku skrzydle szko\u0142y. To jednak nie koniec prac budowlanych na terenie plac\u00f3wki. Od 1 marca uczniowie Liceum Og\u00f3lnokszta\u0142c\u0105cego im. T. Zana mog\u0105 korzysta\u0107 z cz\u0119\u015bci edukacyjnej nowej siedziby szko\u0142y. Jednak na oficjalnie otwarcie musimy poczeka\u0107 jeszcze kilka miesi\u0119cy. Zako\u0144czenie prac budowlanych planowane [&hellip;]<\/p>\n","protected":false},"author":2,"featured_media":875,"comment_status":"closed","ping_status":"open","sticky":false,"template":"","format":"standard","meta":{"footnotes":""},"categories":[9],"tags":[],"class_list":["post-873","post","type-post","status-publish","format-standard","has-post-thumbnail","hentry","category-edukacja"],"_links":{"self":[{"href":"https:\/\/fleschmazowsza.com.pl\/index.php?rest_route=\/wp\/v2\/posts\/873","targetHints":{"allow":["GET"]}}],"collection":[{"href":"https:\/\/fleschmazowsza.com.pl\/index.php?rest_route=\/wp\/v2\/posts"}],"about":[{"href":"https:\/\/fleschmazowsza.com.pl\/index.php?rest_route=\/wp\/v2\/types\/post"}],"author":[{"embeddable":true,"href":"https:\/\/fleschmazowsza.com.pl\/index.php?rest_route=\/wp\/v2\/users\/2"}],"replies":[{"embeddable":true,"href":"https:\/\/fleschmazowsza.com.pl\/index.php?rest_route=%2Fwp%2Fv2%2Fcomments&post=873"}],"version-history":[{"count":2,"href":"https:\/\/fleschmazowsza.com.pl\/index.php?rest_route=\/wp\/v2\/posts\/873\/revisions"}],"predecessor-version":[{"id":876,"href":"https:\/\/fleschmazowsza.com.pl\/index.php?rest_route=\/wp\/v2\/posts\/873\/revisions\/876"}],"wp:featuredmedia":[{"embeddable":true,"href":"https:\/\/fleschmazowsza.com.pl\/index.php?rest_route=\/wp\/v2\/media\/875"}],"wp:attachment":[{"href":"https:\/\/fleschmazowsza.com.pl\/index.php?rest_route=%2Fwp%2Fv2%2Fmedia&parent=873"}],"wp:term":[{"taxonomy":"category","embeddable":true,"href":"https:\/\/fleschmazowsza.com.pl\/index.php?rest_route=%2Fwp%2Fv2%2Fcategories&post=873"},{"taxonomy":"post_tag","embeddable":true,"href":"https:\/\/fleschmazowsza.com.pl\/index.php?rest_route=%2Fwp%2Fv2%2Ftags&post=873"}],"curies":[{"name":"wp","href":"https:\/\/api.w.org\/{rel}","templated":true}]}}