{"id":86,"date":"2016-10-18T13:42:52","date_gmt":"2016-10-18T12:42:52","guid":{"rendered":"http:\/\/fleschmazowsza.com.pl\/?p=86"},"modified":"2016-10-18T13:42:52","modified_gmt":"2016-10-18T12:42:52","slug":"kalendarz-imprez-kulturalnych","status":"publish","type":"post","link":"https:\/\/fleschmazowsza.com.pl\/?p=86","title":{"rendered":"KALENDARZ IMPREZ KULTURALNYCH"},"content":{"rendered":"<p style=\"text-align: center;\"><strong>21 pa\u017adziernika (pi\u0105tek)<\/strong><\/p>\n<p>Godz. 17.00 \u201e\u015awiat w obiektywie\u201d \u2013 warsztaty fotograficzne w ramach projektu z bud\u017cetu partycypacyjnego, Warszawa Ursus, ul. Zag\u0142oby 17, DK \u201eMi\u015b\u201d;<\/p>\n<p>Godz. 18.00 Wernisa\u017c wystawy Artura Cie\u015blara \u201eMarabuart\u201d oraz recital Danuty B\u0142a\u017cejczyk \u201eCud i mi\u00f3d\u201d, Pruszk\u00f3w, ul. Miry Zimi\u0144skiej-Sygiety\u0144skiej 5, MOK \u201eKamyk\u201d.<\/p>\n<p style=\"text-align: center;\"><strong>22 pa\u017adziernika (sobota)<\/strong><\/p>\n<p>Godz. 14.30 \u2013 19.40 XXIII Piastowska Biesiada Poetycka, Piast\u00f3w, ul. Warszawska 24, MOK;<\/p>\n<p>18.00 Koncert \u201eT\/Aboret\u201d, Grodzisk Mazowiecki, ul. 1 Maja 4, Poczekalnia Przestrze\u0144 Kulturze Przyjazna, Dworzec kolejowy.<\/p>\n<p style=\"text-align: center;\"><strong>23 pa\u017adziernika (niedziela)<\/strong><\/p>\n<p>Godz. 12.00 Spektakl dla dzieci pt. \u201eWarzywa i owoce maj\u0105 czarodziejskie moce\u201d, Pruszk\u00f3w, ul. Miry Zimi\u0144skiej-Sygiety\u0144skiej 5, MOK \u201eKamyk\u201d;<\/p>\n<p>Godz. 12.30 Warsztaty ekologiczne \u201eCztery strony \u015bwiata w Milan\u00f3wku\u201d, Milan\u00f3wek, ul. Pi\u0142sudskiego 33, L&#8217;amour Maison (Stare Kino).<\/p>\n<p style=\"text-align: right;\">Oprac.: <strong>KR<\/strong><\/p>\n","protected":false},"excerpt":{"rendered":"<p>21 pa\u017adziernika (pi\u0105tek) Godz. 17.00 \u201e\u015awiat w obiektywie\u201d \u2013 warsztaty fotograficzne w ramach projektu z bud\u017cetu partycypacyjnego, Warszawa Ursus, ul. Zag\u0142oby 17, DK \u201eMi\u015b\u201d; Godz. 18.00 Wernisa\u017c wystawy Artura Cie\u015blara \u201eMarabuart\u201d oraz recital Danuty B\u0142a\u017cejczyk \u201eCud i mi\u00f3d\u201d, Pruszk\u00f3w, ul. Miry Zimi\u0144skiej-Sygiety\u0144skiej 5, MOK \u201eKamyk\u201d. 22 pa\u017adziernika (sobota) Godz. 14.30 \u2013 19.40 XXIII Piastowska Biesiada [&hellip;]<\/p>\n","protected":false},"author":2,"featured_media":87,"comment_status":"closed","ping_status":"open","sticky":false,"template":"","format":"standard","meta":{"footnotes":""},"categories":[6],"tags":[],"class_list":["post-86","post","type-post","status-publish","format-standard","has-post-thumbnail","hentry","category-kultura"],"_links":{"self":[{"href":"https:\/\/fleschmazowsza.com.pl\/index.php?rest_route=\/wp\/v2\/posts\/86","targetHints":{"allow":["GET"]}}],"collection":[{"href":"https:\/\/fleschmazowsza.com.pl\/index.php?rest_route=\/wp\/v2\/posts"}],"about":[{"href":"https:\/\/fleschmazowsza.com.pl\/index.php?rest_route=\/wp\/v2\/types\/post"}],"author":[{"embeddable":true,"href":"https:\/\/fleschmazowsza.com.pl\/index.php?rest_route=\/wp\/v2\/users\/2"}],"replies":[{"embeddable":true,"href":"https:\/\/fleschmazowsza.com.pl\/index.php?rest_route=%2Fwp%2Fv2%2Fcomments&post=86"}],"version-history":[{"count":1,"href":"https:\/\/fleschmazowsza.com.pl\/index.php?rest_route=\/wp\/v2\/posts\/86\/revisions"}],"predecessor-version":[{"id":88,"href":"https:\/\/fleschmazowsza.com.pl\/index.php?rest_route=\/wp\/v2\/posts\/86\/revisions\/88"}],"wp:featuredmedia":[{"embeddable":true,"href":"https:\/\/fleschmazowsza.com.pl\/index.php?rest_route=\/wp\/v2\/media\/87"}],"wp:attachment":[{"href":"https:\/\/fleschmazowsza.com.pl\/index.php?rest_route=%2Fwp%2Fv2%2Fmedia&parent=86"}],"wp:term":[{"taxonomy":"category","embeddable":true,"href":"https:\/\/fleschmazowsza.com.pl\/index.php?rest_route=%2Fwp%2Fv2%2Fcategories&post=86"},{"taxonomy":"post_tag","embeddable":true,"href":"https:\/\/fleschmazowsza.com.pl\/index.php?rest_route=%2Fwp%2Fv2%2Ftags&post=86"}],"curies":[{"name":"wp","href":"https:\/\/api.w.org\/{rel}","templated":true}]}}