{"id":822,"date":"2017-03-01T11:40:53","date_gmt":"2017-03-01T10:40:53","guid":{"rendered":"http:\/\/fleschmazowsza.com.pl\/?p=822"},"modified":"2017-03-01T11:40:53","modified_gmt":"2017-03-01T10:40:53","slug":"pruszkow-nowy-oddzial-internistyczny-oficjalnie-otwarty","status":"publish","type":"post","link":"https:\/\/fleschmazowsza.com.pl\/?p=822","title":{"rendered":"PRUSZK\u00d3W. Nowy oddzia\u0142 internistyczny oficjalnie otwarty"},"content":{"rendered":"<p><strong>Modernizacja oddzia\u0142u internistycznego Szpitala Powiatowego w Pruszkowie trwa\u0142a od sierpnia 2016 r. i kosztowa\u0142a ponad 2 mln z\u0142. W minionym tygodniu odby\u0142o si\u0119 jego oficjalne otwarcie.<\/strong><\/p>\n<p>Samodzielny Publiczny Zesp\u00f3\u0142 Zak\u0142ad\u00f3w Opieki Zdrowotnej w Pruszkowie, przez pruszkowian znany jako Szpital Powiatowy przy ul. Armii Krajowej, rozpocz\u0105\u0142 dzia\u0142alno\u015b\u0107 1 czerwca 1993 r. Plac\u00f3wka posiada cztery oddzia\u0142y: chirurgiczny og\u00f3lny, po\u0142o\u017cniczo-ginekologiczny, neonatologiczny oraz chor\u00f3b wewn\u0119trznych.<\/p>\n<p>To w\u0142a\u015bnie oddzia\u0142 chor\u00f3b wewn\u0119trznych po wielu latach dzia\u0142alno\u015bci doczeka\u0142 si\u0119 gruntownej modernizacji. Remont rozpocz\u0105\u0142 si\u0119 na pocz\u0105tku sierpnia ubieg\u0142ego roku. Z uwagi na kluczowe znaczenie oddzia\u0142u, jego modernizacja prowadzona by\u0142a r\u00f3wnolegle z dzia\u0142alno\u015bci\u0105 szpitala.<\/p>\n<p>Oddzia\u0142 zosta\u0142 oddany do u\u017cytku na pocz\u0105tku stycznia 2017. W minionym tygodniu, 13 lutego br., oby\u0142o si\u0119 jego oficjalne otwarcie. W uroczysto\u015bci wzi\u0119li udzia\u0142 Wojewoda Mazowiecki Zdzis\u0142aw Sipiera, Wicestarosta Pruszkowski Krzysztof Rymuza, Przewodnicz\u0105ca Rady Powiatu Maria Makowska, Ewa Borodzicz \u2013 cz\u0142onek Zarz\u0105du Powiatu, a tak\u017ce zaproszeni go\u015bcie, personel szpitala i pacjenci.<\/p>\n<p>Efektem wielomiesi\u0119cznego remontu s\u0105 ca\u0142kiem odnowione sale oddzia\u0142u internistycznego. Wymieniono wszystkie instalacje znajduj\u0105ce si\u0119 na oddziale, jak r\u00f3wnie\u017c posadzki, stolark\u0119 okienn\u0105 i drzwiow\u0105.<\/p>\n<p>Co wi\u0119cej, oddzia\u0142 zosta\u0142 zaopatrzony w 21 \u0142\u00f3\u017cek dla pacjent\u00f3w wyposa\u017conych w materace przeciwodle\u017cynowe oraz wiele niezb\u0119dnych urz\u0105dze\u0144, jak chocia\u017cby dwa elektrycznie sterowane l\u00f3\u017cka, kt\u00f3re znalaz\u0142y si\u0119 na sali intensywnego nadzoru. Pojawi\u0142o si\u0119 te\u017c kilka modernizacji maj\u0105cych zapewni\u0107 wi\u0119ksze bezpiecze\u0144stwo przeciwpo\u017carowe.<\/p>\n<p>Koszt remontu wyni\u00f3s\u0142 2.063.684,17 z\u0142, z czego 1.909.561,68 z\u0142 stanowi\u0142o dofinansowanie z Powiatu Pruszkowskiego.<\/p>\n<p style=\"text-align: right;\"><strong>Kinga Rochalska<\/strong><\/p>\n<p style=\"text-align: right;\">Fot. <strong>Starostwo Powiatowe w Pruszkowie<\/strong><\/p>\n","protected":false},"excerpt":{"rendered":"<p>Modernizacja oddzia\u0142u internistycznego Szpitala Powiatowego w Pruszkowie trwa\u0142a od sierpnia 2016 r. i kosztowa\u0142a ponad 2 mln z\u0142. W minionym tygodniu odby\u0142o si\u0119 jego oficjalne otwarcie. Samodzielny Publiczny Zesp\u00f3\u0142 Zak\u0142ad\u00f3w Opieki Zdrowotnej w Pruszkowie, przez pruszkowian znany jako Szpital Powiatowy przy ul. Armii Krajowej, rozpocz\u0105\u0142 dzia\u0142alno\u015b\u0107 1 czerwca 1993 r. Plac\u00f3wka posiada cztery oddzia\u0142y: chirurgiczny [&hellip;]<\/p>\n","protected":false},"author":2,"featured_media":823,"comment_status":"closed","ping_status":"open","sticky":false,"template":"","format":"standard","meta":{"footnotes":""},"categories":[5],"tags":[],"class_list":["post-822","post","type-post","status-publish","format-standard","has-post-thumbnail","hentry","category-wiadomosci"],"_links":{"self":[{"href":"https:\/\/fleschmazowsza.com.pl\/index.php?rest_route=\/wp\/v2\/posts\/822","targetHints":{"allow":["GET"]}}],"collection":[{"href":"https:\/\/fleschmazowsza.com.pl\/index.php?rest_route=\/wp\/v2\/posts"}],"about":[{"href":"https:\/\/fleschmazowsza.com.pl\/index.php?rest_route=\/wp\/v2\/types\/post"}],"author":[{"embeddable":true,"href":"https:\/\/fleschmazowsza.com.pl\/index.php?rest_route=\/wp\/v2\/users\/2"}],"replies":[{"embeddable":true,"href":"https:\/\/fleschmazowsza.com.pl\/index.php?rest_route=%2Fwp%2Fv2%2Fcomments&post=822"}],"version-history":[{"count":1,"href":"https:\/\/fleschmazowsza.com.pl\/index.php?rest_route=\/wp\/v2\/posts\/822\/revisions"}],"predecessor-version":[{"id":824,"href":"https:\/\/fleschmazowsza.com.pl\/index.php?rest_route=\/wp\/v2\/posts\/822\/revisions\/824"}],"wp:featuredmedia":[{"embeddable":true,"href":"https:\/\/fleschmazowsza.com.pl\/index.php?rest_route=\/wp\/v2\/media\/823"}],"wp:attachment":[{"href":"https:\/\/fleschmazowsza.com.pl\/index.php?rest_route=%2Fwp%2Fv2%2Fmedia&parent=822"}],"wp:term":[{"taxonomy":"category","embeddable":true,"href":"https:\/\/fleschmazowsza.com.pl\/index.php?rest_route=%2Fwp%2Fv2%2Fcategories&post=822"},{"taxonomy":"post_tag","embeddable":true,"href":"https:\/\/fleschmazowsza.com.pl\/index.php?rest_route=%2Fwp%2Fv2%2Ftags&post=822"}],"curies":[{"name":"wp","href":"https:\/\/api.w.org\/{rel}","templated":true}]}}