{"id":808,"date":"2017-02-28T15:09:02","date_gmt":"2017-02-28T14:09:02","guid":{"rendered":"http:\/\/fleschmazowsza.com.pl\/?p=808"},"modified":"2017-02-28T15:09:02","modified_gmt":"2017-02-28T14:09:02","slug":"moje-pasje-to-sposob-na-zycie","status":"publish","type":"post","link":"https:\/\/fleschmazowsza.com.pl\/?p=808","title":{"rendered":"Moje pasje to spos\u00f3b na \u017cycie"},"content":{"rendered":"<p><strong>Mariola Go\u017adzikowska, z wykszta\u0142cenia kulturoznawca, od trzech lat zwi\u0105zana zawodowo z animacj\u0105 kultury, prowadzi warsztaty skierowane dla wszystkich, kt\u00f3rzy tak jak ona \u017cyj\u0105 z pasj\u0105.<\/strong><\/p>\n<p>Zacz\u0119\u0142a tworzy\u0107, gdy sko\u0144czy\u0142a osiem lat. To babcia przekazywa\u0142a jej pierwsze tajniki robienia na drutach. Z jej pomoc\u0105 wykona\u0142a pierwszy szalik.<\/p>\n<p>\u2013 Maj\u0105c osiem lat po raz pierwszy wykona\u0142am szalik na drutach, poznaj\u0105c oczka prawe. Wtedy te\u017c zachwycona zapyta\u0142am babci\u0119: &#8211; Czy to ju\u017c wszystko? To jest takie proste? Czy umiem ju\u017c robi\u0107 na drutach? Babcia z u\u015bmiechem powiedzia\u0142a, \u017ce to dopiero pocz\u0105tek i w ten spos\u00f3b dowiedzia\u0142am si\u0119, \u017ce s\u0105 jeszcze oczka lewe, brzegowe, warkocze i niezliczona ilo\u015b\u0107 innych wzor\u00f3w &#8211; wspomina.<\/p>\n<p style=\"text-align: center;\"><strong>Na pocz\u0105tku by\u0142o szyde\u0142ko<\/strong><\/p>\n<p>Robienie na drutach zacz\u0119\u0142o sprawia\u0107 naszej bohaterce wiele rado\u015bci.<\/p>\n<p>&#8211; Skoro nie umia\u0142am jeszcze wszystkiego, musia\u0142am si\u0119 nauczy\u0107. To by\u0142o silniejsze ode mnie \u2013 wyja\u015bnia Mariola Go\u017adzikowska.<\/p>\n<p>Zaleg\u0142o\u015bci w rob\u00f3tkach nadrabia\u0142a, gdy podczas choroby zostawa\u0142a w domu. To w\u00f3wczas \u2013 jak sama m\u00f3wi \u2013 w trakcie rekonwalescencji robi\u0142a na drutach, na szyde\u0142ku, a z czasem zacz\u0119\u0142a r\u00f3wnie\u017c szy\u0107 w r\u0119ku i na maszynie.<\/p>\n<p>&#8211; Mieli\u015bmy w domu starego p\u00f3\u0142automatycznego \u0142ucznika, na nim uszy\u0142am m\u00f3j pierwszy pi\u00f3rnik do szko\u0142y.<\/p>\n<p>W trakcie wolnego czasu pani Mariola bardzo ch\u0119tnie si\u0119ga\u0142a po szyde\u0142ko, ale wraz z nabywaniem coraz wi\u0119kszych umiej\u0119tno\u015bci, zacz\u0119\u0142a tworzy\u0107 rzeczy coraz bardziej unikatowe. Jak sama m\u00f3wi bardzo lubi eksperymentowa\u0107.<\/p>\n<p>\u2013 Lubi\u0119 \u0142\u0105czy\u0107 na pierwszy rzut oka zupe\u0142nie nie pasuj\u0105ce do siebie materia\u0142y. Moja ulubiona bransoletka to ta ze szk\u0142a i filcu \u2013 podkre\u015bla.<\/p>\n<p style=\"text-align: center;\"><strong>Ka\u017cdy mo\u017ce szy\u0107<\/strong><\/p>\n<p>&#8211; Zwi\u0105zana jestem z miejscami, kt\u00f3re zajmuj\u0105 si\u0119 dzia\u0142alno\u015bci\u0105 kulturaln\u0105, prowadz\u0119 animacje oraz warsztaty kreatywne dla dzieci, zaj\u0119cia manualne (r\u0119kodzielnicze) dla doros\u0142ych. Warsztaty staram si\u0119 dopasowywa\u0107 do potrzeb lokalnych mieszka\u0144c\u00f3w. Rozmawiam z ich uczestnikami i pytam o ich zainteresowania, o to czego chcieliby si\u0119 jeszcze nauczy\u0107, co ich ciekawi i co sprawia im frajd\u0119. Tylko wtedy takie zaj\u0119cia maj\u0105 sens. Obecnie wiele zainteresowania wykazuj\u0105 seniorzy, kt\u00f3rzy potrzebuj\u0105 si\u0119 spotka\u0107, porozmawia\u0107 i jeszcze czego\u015b nauczy\u0107, to grupa o ogromnym potencjale i potrzebach \u2013 wyja\u015bnia pani Mariola.<\/p>\n<p>&#8211; Praca z lud\u017ami by\u0142a dla mnie zawsze wa\u017cna, ciesz\u0119 si\u0119, \u017ce mog\u0119 j\u0105 \u0142\u0105czy\u0107 z moim zainteresowaniem do r\u0119kodzie\u0142a. Moje pasje sta\u0142y si\u0119 sposobem na \u017cycie, co sprawia, \u017ce z u\u015bmiechem pracuj\u0119 z lud\u017ami i dla ludzi. Podczas prowadzonych warsztat\u00f3w pozna\u0142am wiele otwartych i ciekawych os\u00f3b. Ka\u017cda z nich to nowa historia i nowe do\u015bwiadczenia \u2013 zdradza nasza bohaterka.<\/p>\n<p>Wyj\u0105tkowy prezent<\/p>\n<p>Pani Mariola zapytana, o to co mo\u017cna zrobi\u0107 na pezent, przyznaje:<\/p>\n<p>\u2013 Niezale\u017cnie od tego co chcemy podarowa\u0107 najbli\u017cszej osobie, zach\u0119cam aby za ka\u017cdym razem, czegokolwiek by\u015bmy nie zrobili, r\u00f3bmy to z sercem i ciep\u0142\u0105 my\u015bl\u0105 o tej osobie. Nic nie zast\u0105pi naszego uczucia \u2013 przekonuje.<\/p>\n<p>Uwa\u017ca, \u017ce nawet je\u015bli kto\u015b jest przekonany, \u017ce nie ma talentu, to jednak powinien spr\u00f3bowa\u0107 swoich si\u0142.<\/p>\n<p>&#8211; Niezale\u017cnie od techniki, czy te\u017c rodzaju r\u0119kodzie\u0142a, uwa\u017cam, \u017ce ka\u017cda praca mo\u017ce by\u0107 dostosowana do poziomu sprawno\u015bci odbiorcy. Szy\u0107 mo\u017ce ka\u017cdy, dziecko uszyje prosty woreczek, mama bi\u017cuteri\u0119 soutache, a babcia ozdobny wieniec.<\/p>\n<p style=\"text-align: right;\"><strong>Daria G\u0142owacka<\/strong><\/p>\n","protected":false},"excerpt":{"rendered":"<p>Mariola Go\u017adzikowska, z wykszta\u0142cenia kulturoznawca, od trzech lat zwi\u0105zana zawodowo z animacj\u0105 kultury, prowadzi warsztaty skierowane dla wszystkich, kt\u00f3rzy tak jak ona \u017cyj\u0105 z pasj\u0105. Zacz\u0119\u0142a tworzy\u0107, gdy sko\u0144czy\u0142a osiem lat. To babcia przekazywa\u0142a jej pierwsze tajniki robienia na drutach. Z jej pomoc\u0105 wykona\u0142a pierwszy szalik. \u2013 Maj\u0105c osiem lat po raz pierwszy wykona\u0142am szalik [&hellip;]<\/p>\n","protected":false},"author":2,"featured_media":809,"comment_status":"closed","ping_status":"open","sticky":false,"template":"","format":"standard","meta":{"footnotes":""},"categories":[6],"tags":[],"class_list":["post-808","post","type-post","status-publish","format-standard","has-post-thumbnail","hentry","category-kultura"],"_links":{"self":[{"href":"https:\/\/fleschmazowsza.com.pl\/index.php?rest_route=\/wp\/v2\/posts\/808","targetHints":{"allow":["GET"]}}],"collection":[{"href":"https:\/\/fleschmazowsza.com.pl\/index.php?rest_route=\/wp\/v2\/posts"}],"about":[{"href":"https:\/\/fleschmazowsza.com.pl\/index.php?rest_route=\/wp\/v2\/types\/post"}],"author":[{"embeddable":true,"href":"https:\/\/fleschmazowsza.com.pl\/index.php?rest_route=\/wp\/v2\/users\/2"}],"replies":[{"embeddable":true,"href":"https:\/\/fleschmazowsza.com.pl\/index.php?rest_route=%2Fwp%2Fv2%2Fcomments&post=808"}],"version-history":[{"count":1,"href":"https:\/\/fleschmazowsza.com.pl\/index.php?rest_route=\/wp\/v2\/posts\/808\/revisions"}],"predecessor-version":[{"id":810,"href":"https:\/\/fleschmazowsza.com.pl\/index.php?rest_route=\/wp\/v2\/posts\/808\/revisions\/810"}],"wp:featuredmedia":[{"embeddable":true,"href":"https:\/\/fleschmazowsza.com.pl\/index.php?rest_route=\/wp\/v2\/media\/809"}],"wp:attachment":[{"href":"https:\/\/fleschmazowsza.com.pl\/index.php?rest_route=%2Fwp%2Fv2%2Fmedia&parent=808"}],"wp:term":[{"taxonomy":"category","embeddable":true,"href":"https:\/\/fleschmazowsza.com.pl\/index.php?rest_route=%2Fwp%2Fv2%2Fcategories&post=808"},{"taxonomy":"post_tag","embeddable":true,"href":"https:\/\/fleschmazowsza.com.pl\/index.php?rest_route=%2Fwp%2Fv2%2Ftags&post=808"}],"curies":[{"name":"wp","href":"https:\/\/api.w.org\/{rel}","templated":true}]}}