{"id":805,"date":"2017-02-28T15:06:01","date_gmt":"2017-02-28T14:06:01","guid":{"rendered":"http:\/\/fleschmazowsza.com.pl\/?p=805"},"modified":"2017-02-28T15:06:01","modified_gmt":"2017-02-28T14:06:01","slug":"trwa-budowa-przedszkola-w-raszynie","status":"publish","type":"post","link":"https:\/\/fleschmazowsza.com.pl\/?p=805","title":{"rendered":"Trwa budowa przedszkola w Raszynie"},"content":{"rendered":"<p><strong>Trwa kontynuacja budowy przedszkola przy ul. Poniatowskiego w Raszynie. Ju\u017c 1 wrze\u015bnia swoj\u0105 edukacj\u0119 rozpocznie tam 200 dzieci.<\/strong><\/p>\n<p>Przedszkole ma kosztowa\u0107 w sumie 9, 65 mln z\u0142. Jego powstanie spowoduje likwidacj\u0119 punkt\u00f3w przedszkolnych przy ul. Szkolnej oraz przy ul. Godebskiego w Raszynie.<\/p>\n<p>Jak informuj\u0105 urz\u0119dnicy prace powinny zako\u0144czy\u0107 si\u0119 w czerwcu 2017 roku. Obiekt b\u0119dzie wybudowany w technologii tradycyjnej.<\/p>\n<p>\u2013 Dzi\u0119ki rozpocz\u0119tej inwestycji b\u0119dziemy mogli przenie\u015b\u0107 dzieci do nowoczesnego obiektu z dwuoddzia\u0142owych przedszkoli przy ul. Szkolnej i Godebskiego oraz zaoferowa\u0107 100 dodatkowych miejsc \u2013 przekonuje Micha\u0142 Kucharski, zast\u0119pca w\u00f3jta.<\/p>\n<p>Z\u0142o\u017cone z o\u015bmiu oddzia\u0142\u00f3w przedszkole b\u0119dzie mia\u0142o dwie kondygnacje. Strefa edukacyjna z\u0142o\u017cona b\u0119dzie z o\u015bmiu sal z w\u0142asnym zespo\u0142em sanitarnym i pomieszczeniem socjalnym.<\/p>\n<p>Na pi\u0119trze znajdzie si\u0119 m.in. sala gimnastyczna i pomieszczenie do zaj\u0119\u0107 terapeutycznych, cz\u0119\u015b\u0107 administracyjna oraz strefa kuchenna i techniczno \u2013 gastronomiczna. Za\u015b strefa wej\u015bciowa, kt\u00f3ra obejmie szatnie, poczekalni\u0119 dla rodzic\u00f3w i sanitariaty, po\u0142\u0105czona b\u0119dzie z sal\u0105 wielofunkcyjn\u0105.<\/p>\n<p style=\"text-align: right;\"><strong>Daria G\u0142owacka<\/strong><\/p>\n","protected":false},"excerpt":{"rendered":"<p>Trwa kontynuacja budowy przedszkola przy ul. Poniatowskiego w Raszynie. Ju\u017c 1 wrze\u015bnia swoj\u0105 edukacj\u0119 rozpocznie tam 200 dzieci. Przedszkole ma kosztowa\u0107 w sumie 9, 65 mln z\u0142. Jego powstanie spowoduje likwidacj\u0119 punkt\u00f3w przedszkolnych przy ul. Szkolnej oraz przy ul. Godebskiego w Raszynie. Jak informuj\u0105 urz\u0119dnicy prace powinny zako\u0144czy\u0107 si\u0119 w czerwcu 2017 roku. Obiekt b\u0119dzie [&hellip;]<\/p>\n","protected":false},"author":2,"featured_media":806,"comment_status":"closed","ping_status":"open","sticky":false,"template":"","format":"standard","meta":{"footnotes":""},"categories":[9],"tags":[],"class_list":["post-805","post","type-post","status-publish","format-standard","has-post-thumbnail","hentry","category-edukacja"],"_links":{"self":[{"href":"https:\/\/fleschmazowsza.com.pl\/index.php?rest_route=\/wp\/v2\/posts\/805","targetHints":{"allow":["GET"]}}],"collection":[{"href":"https:\/\/fleschmazowsza.com.pl\/index.php?rest_route=\/wp\/v2\/posts"}],"about":[{"href":"https:\/\/fleschmazowsza.com.pl\/index.php?rest_route=\/wp\/v2\/types\/post"}],"author":[{"embeddable":true,"href":"https:\/\/fleschmazowsza.com.pl\/index.php?rest_route=\/wp\/v2\/users\/2"}],"replies":[{"embeddable":true,"href":"https:\/\/fleschmazowsza.com.pl\/index.php?rest_route=%2Fwp%2Fv2%2Fcomments&post=805"}],"version-history":[{"count":1,"href":"https:\/\/fleschmazowsza.com.pl\/index.php?rest_route=\/wp\/v2\/posts\/805\/revisions"}],"predecessor-version":[{"id":807,"href":"https:\/\/fleschmazowsza.com.pl\/index.php?rest_route=\/wp\/v2\/posts\/805\/revisions\/807"}],"wp:featuredmedia":[{"embeddable":true,"href":"https:\/\/fleschmazowsza.com.pl\/index.php?rest_route=\/wp\/v2\/media\/806"}],"wp:attachment":[{"href":"https:\/\/fleschmazowsza.com.pl\/index.php?rest_route=%2Fwp%2Fv2%2Fmedia&parent=805"}],"wp:term":[{"taxonomy":"category","embeddable":true,"href":"https:\/\/fleschmazowsza.com.pl\/index.php?rest_route=%2Fwp%2Fv2%2Fcategories&post=805"},{"taxonomy":"post_tag","embeddable":true,"href":"https:\/\/fleschmazowsza.com.pl\/index.php?rest_route=%2Fwp%2Fv2%2Ftags&post=805"}],"curies":[{"name":"wp","href":"https:\/\/api.w.org\/{rel}","templated":true}]}}