{"id":799,"date":"2017-02-28T14:45:52","date_gmt":"2017-02-28T13:45:52","guid":{"rendered":"http:\/\/fleschmazowsza.com.pl\/?p=799"},"modified":"2017-02-28T14:45:52","modified_gmt":"2017-02-28T13:45:52","slug":"walka-o-liceum-wygrana","status":"publish","type":"post","link":"https:\/\/fleschmazowsza.com.pl\/?p=799","title":{"rendered":"Walka o liceum wygrana!"},"content":{"rendered":"<p><strong>Rada Powiatu Pruszkowskiego wyrazi\u0142a zgod\u0119 by gmina Nadarzyn utworzy\u0142a liceum og\u00f3lnokszta\u0142c\u0105ce. Szko\u0142a ma powsta\u0107 w miejscu obecnego Gimnazjum im. Jana Paw\u0142a II zlokalizowanego przy ul. \u017b\u00f3\u0142wi\u0144skiej.<\/strong><\/p>\n<p>Reforma edukacji wymusza na samorz\u0105dach likwidacj\u0119 szk\u00f3\u0142 gimnazjalnych. W\u0142adze Nadarzyna postanowi\u0142y wykorzysta\u0107 ten moment na przekszta\u0142cenie obecnego Gimnazjum im. Jana Paw\u0142a II w liceum og\u00f3lnokszta\u0142c\u0105ce.<\/p>\n<p style=\"text-align: center;\"><strong>Konieczna zgoda Powiatu<\/strong><\/p>\n<p>\u201eMieszka\u0144cy niejednokrotnie zg\u0142aszali potrzeb\u0119 powstania na terenie gminy pierwszego publicznego liceum og\u00f3lnokszta\u0142c\u0105cego. Rozpoczynaj\u0105ca si\u0119 reforma, kt\u00f3ra mi\u0119dzy innymi zak\u0142ada likwidacj\u0119 szk\u00f3\u0142 gimnazjalnych jest naszym zdaniem sprzyjaj\u0105cym czasem do realizacji tej potrzeby. Mamy odpowiedni\u0105 baz\u0119 lokalow\u0105 oraz mo\u017cliwo\u015bci, aby podj\u0105\u0107 to wyzwanie\u201d \u2013 czytamy w komunikacie umieszczonym na stronie Urz\u0119du Gminy Nadarzyn.<\/p>\n<p>Ze wzgl\u0119du na to, \u017ce prowadzenie szk\u00f3\u0142 ponadgimnazjalnych jest zadaniem powiat\u00f3w, aby utworzy\u0107 liceum og\u00f3lnokszta\u0142c\u0105ce w Nadarzynie konieczna by\u0142a zgoda Rady Powiatu Pruszkowskiego.<\/p>\n<p style=\"text-align: center;\"><strong>Liceum od wrze\u015bnia?<\/strong><\/p>\n<p>Zielone \u015bwiat\u0142o w\u0142adze Nadarzyna otrzyma\u0142y na lutowej sesji Rady Powiatu Pruszkowskiego. W g\u0142osowaniu wzi\u0119\u0142o udzia\u0142 27 radnych, z czego a\u017c 26 by\u0142o za umo\u017cliwieniem gminie Nadarzyn powo\u0142ania do \u017cycia liceum.<\/p>\n<p>&#8211; Gmina Nadarzyn deklaruje, \u017ce b\u0119dzie utrzymywa\u0107 liceum ze \u015brodk\u00f3w w\u0142asnych i subwencji, je\u015bli takie liceum powstanie. Jest to cenna inicjatywa poparta r\u00f3wnie\u017c przez mieszka\u0144c\u00f3w. Nadarzyn jest gmin\u0105 rozwijaj\u0105c\u0105 si\u0119. Jest to gmina licz\u0105ca ponad 15 tysi\u0119cy mieszka\u0144c\u00f3w. Takie miejscowo\u015bci w Polsce maj\u0105 swoje renomowane licea \u2013 m\u00f3wi\u0142a podczas lutowej sesji radna Agnieszka Ku\u017ami\u0144ska.<\/p>\n<p>W\u0142adze Nadarzyna s\u0105 gotowe rozpocz\u0105\u0107 dzia\u0142alno\u015b\u0107 liceum ju\u017c od 1 wrze\u015bnia 2017 roku. Teraz kluczowe jest podpisanie porozumienia mi\u0119dzy gmin\u0105 Nadarzyn a Powiatem Pruszkowskim.<\/p>\n<p style=\"text-align: right;\"><strong>Kinga Rochalska<\/strong><\/p>\n","protected":false},"excerpt":{"rendered":"<p>Rada Powiatu Pruszkowskiego wyrazi\u0142a zgod\u0119 by gmina Nadarzyn utworzy\u0142a liceum og\u00f3lnokszta\u0142c\u0105ce. Szko\u0142a ma powsta\u0107 w miejscu obecnego Gimnazjum im. Jana Paw\u0142a II zlokalizowanego przy ul. \u017b\u00f3\u0142wi\u0144skiej. Reforma edukacji wymusza na samorz\u0105dach likwidacj\u0119 szk\u00f3\u0142 gimnazjalnych. W\u0142adze Nadarzyna postanowi\u0142y wykorzysta\u0107 ten moment na przekszta\u0142cenie obecnego Gimnazjum im. Jana Paw\u0142a II w liceum og\u00f3lnokszta\u0142c\u0105ce. Konieczna zgoda Powiatu \u201eMieszka\u0144cy [&hellip;]<\/p>\n","protected":false},"author":2,"featured_media":800,"comment_status":"closed","ping_status":"open","sticky":false,"template":"","format":"standard","meta":{"footnotes":""},"categories":[9],"tags":[],"class_list":["post-799","post","type-post","status-publish","format-standard","has-post-thumbnail","hentry","category-edukacja"],"_links":{"self":[{"href":"https:\/\/fleschmazowsza.com.pl\/index.php?rest_route=\/wp\/v2\/posts\/799","targetHints":{"allow":["GET"]}}],"collection":[{"href":"https:\/\/fleschmazowsza.com.pl\/index.php?rest_route=\/wp\/v2\/posts"}],"about":[{"href":"https:\/\/fleschmazowsza.com.pl\/index.php?rest_route=\/wp\/v2\/types\/post"}],"author":[{"embeddable":true,"href":"https:\/\/fleschmazowsza.com.pl\/index.php?rest_route=\/wp\/v2\/users\/2"}],"replies":[{"embeddable":true,"href":"https:\/\/fleschmazowsza.com.pl\/index.php?rest_route=%2Fwp%2Fv2%2Fcomments&post=799"}],"version-history":[{"count":1,"href":"https:\/\/fleschmazowsza.com.pl\/index.php?rest_route=\/wp\/v2\/posts\/799\/revisions"}],"predecessor-version":[{"id":801,"href":"https:\/\/fleschmazowsza.com.pl\/index.php?rest_route=\/wp\/v2\/posts\/799\/revisions\/801"}],"wp:featuredmedia":[{"embeddable":true,"href":"https:\/\/fleschmazowsza.com.pl\/index.php?rest_route=\/wp\/v2\/media\/800"}],"wp:attachment":[{"href":"https:\/\/fleschmazowsza.com.pl\/index.php?rest_route=%2Fwp%2Fv2%2Fmedia&parent=799"}],"wp:term":[{"taxonomy":"category","embeddable":true,"href":"https:\/\/fleschmazowsza.com.pl\/index.php?rest_route=%2Fwp%2Fv2%2Fcategories&post=799"},{"taxonomy":"post_tag","embeddable":true,"href":"https:\/\/fleschmazowsza.com.pl\/index.php?rest_route=%2Fwp%2Fv2%2Ftags&post=799"}],"curies":[{"name":"wp","href":"https:\/\/api.w.org\/{rel}","templated":true}]}}