{"id":79,"date":"2016-10-18T13:20:28","date_gmt":"2016-10-18T12:20:28","guid":{"rendered":"http:\/\/fleschmazowsza.com.pl\/?p=79"},"modified":"2016-10-18T13:20:45","modified_gmt":"2016-10-18T12:20:45","slug":"nadarzyn-cba-zatrzymalo-byly-zarzad-banku-spoldzielczego","status":"publish","type":"post","link":"https:\/\/fleschmazowsza.com.pl\/?p=79","title":{"rendered":"NADARZYN. CBA zatrzyma\u0142o by\u0142y zarz\u0105d Banku Sp\u00f3\u0142dzielczego"},"content":{"rendered":"<p><strong>By\u0142y zarz\u0105d Banku Sp\u00f3\u0142dzielczego w Nadarzynie zosta\u0142 zatrzymany przez CBA &#8211; dowiedzia\u0142o si\u0119 Radio ZET. Do tej pory CBA zatrzyma\u0142o 13 os\u00f3b, kt\u00f3rym zarzuca si\u0119 udzielanie i wy\u0142udzanie kredyt\u00f3w.<\/strong><\/p>\n<p>Radio Zet informuje, \u017ce straty banku s\u0142u\u017cby szacuj\u0105 na 2 miliardy z\u0142otych. Zatrzymania maj\u0105 zwi\u0105zek z wej\u015bciem CBA do prezes\u00f3w SK BANKU w maju tego roku.<\/p>\n<p>Przypomnijmy, \u017ce na blisko 1,6 mld z\u0142 oszacowano straty, jakie zosta\u0142y poniesione w wyniku niegospodarno\u015bci zarz\u0105du Sp\u00f3\u0142dzielczego Banku Rzemios\u0142a i Rolnictwa w Wo\u0142ominie. Agenci CBA 19 maja weszli do siedziby upad\u0142ego ju\u017c banku oraz do mieszka\u0144 os\u00f3b sprawuj\u0105cych w nim funkcje kierownicze. Zabezpieczyli te\u017c dokumenty w blisko 50 firmach z bran\u017cy deweloperskiej.<\/p>\n<p>&#8211; Agenci Biura przeprowadzili te\u017c szereg czynno\u015bci procesowych polegaj\u0105cych na zabezpieczeniu dokumentacji kredytowej w 49 podmiotach gospodarczych z terenu wojew\u00f3dztwa mazowieckiego oraz wielkopolskiego wchodz\u0105cych g\u0142\u00f3wnie w sk\u0142ad struktury grupy kapita\u0142owej dzia\u0142aj\u0105cej w bran\u017cy deweloperskiej \u2013 t\u0142umaczy CBA.<\/p>\n<p>Jak podkre\u015blaj\u0105 funkcjonariusze tej instytucji, \u015bledztwo w tej sprawie jest rozwojowe.<\/p>\n<p style=\"text-align: right;\">\u0179r\u00f3d\u0142o: <strong>onet.pl<\/strong><\/p>\n","protected":false},"excerpt":{"rendered":"<p>By\u0142y zarz\u0105d Banku Sp\u00f3\u0142dzielczego w Nadarzynie zosta\u0142 zatrzymany przez CBA &#8211; dowiedzia\u0142o si\u0119 Radio ZET. Do tej pory CBA zatrzyma\u0142o 13 os\u00f3b, kt\u00f3rym zarzuca si\u0119 udzielanie i wy\u0142udzanie kredyt\u00f3w. Radio Zet informuje, \u017ce straty banku s\u0142u\u017cby szacuj\u0105 na 2 miliardy z\u0142otych. Zatrzymania maj\u0105 zwi\u0105zek z wej\u015bciem CBA do prezes\u00f3w SK BANKU w maju tego roku. [&hellip;]<\/p>\n","protected":false},"author":2,"featured_media":80,"comment_status":"closed","ping_status":"open","sticky":false,"template":"","format":"standard","meta":{"footnotes":""},"categories":[5],"tags":[],"class_list":["post-79","post","type-post","status-publish","format-standard","has-post-thumbnail","hentry","category-wiadomosci"],"_links":{"self":[{"href":"https:\/\/fleschmazowsza.com.pl\/index.php?rest_route=\/wp\/v2\/posts\/79","targetHints":{"allow":["GET"]}}],"collection":[{"href":"https:\/\/fleschmazowsza.com.pl\/index.php?rest_route=\/wp\/v2\/posts"}],"about":[{"href":"https:\/\/fleschmazowsza.com.pl\/index.php?rest_route=\/wp\/v2\/types\/post"}],"author":[{"embeddable":true,"href":"https:\/\/fleschmazowsza.com.pl\/index.php?rest_route=\/wp\/v2\/users\/2"}],"replies":[{"embeddable":true,"href":"https:\/\/fleschmazowsza.com.pl\/index.php?rest_route=%2Fwp%2Fv2%2Fcomments&post=79"}],"version-history":[{"count":2,"href":"https:\/\/fleschmazowsza.com.pl\/index.php?rest_route=\/wp\/v2\/posts\/79\/revisions"}],"predecessor-version":[{"id":82,"href":"https:\/\/fleschmazowsza.com.pl\/index.php?rest_route=\/wp\/v2\/posts\/79\/revisions\/82"}],"wp:featuredmedia":[{"embeddable":true,"href":"https:\/\/fleschmazowsza.com.pl\/index.php?rest_route=\/wp\/v2\/media\/80"}],"wp:attachment":[{"href":"https:\/\/fleschmazowsza.com.pl\/index.php?rest_route=%2Fwp%2Fv2%2Fmedia&parent=79"}],"wp:term":[{"taxonomy":"category","embeddable":true,"href":"https:\/\/fleschmazowsza.com.pl\/index.php?rest_route=%2Fwp%2Fv2%2Fcategories&post=79"},{"taxonomy":"post_tag","embeddable":true,"href":"https:\/\/fleschmazowsza.com.pl\/index.php?rest_route=%2Fwp%2Fv2%2Ftags&post=79"}],"curies":[{"name":"wp","href":"https:\/\/api.w.org\/{rel}","templated":true}]}}