{"id":780,"date":"2017-02-27T11:29:06","date_gmt":"2017-02-27T10:29:06","guid":{"rendered":"http:\/\/fleschmazowsza.com.pl\/?p=780"},"modified":"2017-02-27T11:29:55","modified_gmt":"2017-02-27T10:29:55","slug":"780","status":"publish","type":"post","link":"https:\/\/fleschmazowsza.com.pl\/?p=780","title":{"rendered":"Koncert Contra Mundum"},"content":{"rendered":"<p><strong>Niebawem rozpoczn\u0105 si\u0119 obchody Narodowego Dnia Pami\u0119ci \u017bo\u0142nierzy Wykl\u0119tych. W ramach ich obchod\u00f3w w Powiecie Pruszkowskim organizujemy dwa wydarzenia, na kt\u00f3re ju\u017c teraz serdecznie zapraszamy. Ich inauguracj\u0105 b\u0119dzie uroczysta msza \u015bwi\u0119ta oraz koncert Zespo\u0142u Contra Mundum w ko\u015bciele \u015bw. Kazimierza w Pruszkowie.<\/strong><\/p>\n<p>Obchody Narodowego Dnia Pami\u0119ci \u017bo\u0142nierzy Wykl\u0119tych b\u0119d\u0105 trwa\u0142y dwa dni. Rozpoczn\u0105 si\u0119 27 lutego br. o godzinie 18:00 uroczyst\u0105 msz\u0105 \u015bwi\u0119t\u0105 w intencji poleg\u0142ych \u017co\u0142nierzy podziemia niepodleg\u0142o\u015bciowego. Po mszy, o godzinie 19:00 \u00a0odb\u0119dzie si\u0119 koncert Zespo\u0142u Contra Mundum. To niezwykle charyzmatyczna grupa, kt\u00f3ra z pewno\u015bci\u0105 zaskoczy rockowymi aran\u017cacjami znanych, patriotycznych utwor\u00f3w.<\/p>\n<p>Zako\u0144czenie obchod\u00f3w nast\u0105pi w sobot\u0119, 4 marca br., w Muzeum Dulag 121. Tego dnia o godzinie 15:00 odb\u0119dzie si\u0119 spotkanie z cyklu Karty Historii zatytu\u0142owane \u201e\u017bo\u0142nierze Wykl\u0119ci i ich oprawcy\u201d. Go\u015bciem specjalnym spotkania b\u0119dzie Tadeusz Marek P\u0142u\u017ca\u0144ski \u2013 historyk, dziennikarz i publicysta, kt\u00f3ry przybli\u017cy mieszka\u0144com Powiatu Pruszkowskiego genez\u0119 obchodzonego \u015bwi\u0119ta, sylwetki \u017bo\u0142nierzy Wykl\u0119tych, ale tak\u017ce przedstawi ich stalinowskich oprawc\u00f3w \u2013 \u015bledczych, prokurator\u00f3w, s\u0119dzi\u00f3w i wi\u0119ziennych stra\u017cnik\u00f3w.<\/p>\n<p>Narodowy Dzie\u0144 Pami\u0119ci \u017bo\u0142nierzy Wykl\u0119tych to polskie \u015bwi\u0119to pa\u0144stwowe obchodzone corocznie 1 marca. Po\u015bwi\u0119cone jest ono pami\u0119ci \u017co\u0142nierzy antykomunistycznego i niepodleg\u0142o\u015bciowego podziemia, tzw. Drugiej Konspiracji. Stanowili oni ruch niepodleg\u0142o\u015bciowy walcz\u0105cy o suwerenno\u015b\u0107 Polski i uniezale\u017cnienie jej od wp\u0142yw\u00f3w ZSRR.<\/p>\n<p style=\"text-align: right;\"><strong>Krzysztof Bukowski<\/strong><br \/>\nZast\u0119pca Naczelnika<br \/>\nBiuro Rady i Zarz\u0105du Powiatu Pruszkowskiego<\/p>\n","protected":false},"excerpt":{"rendered":"<p>Niebawem rozpoczn\u0105 si\u0119 obchody Narodowego Dnia Pami\u0119ci \u017bo\u0142nierzy Wykl\u0119tych. W ramach ich obchod\u00f3w w Powiecie Pruszkowskim organizujemy dwa wydarzenia, na kt\u00f3re ju\u017c teraz serdecznie zapraszamy. Ich inauguracj\u0105 b\u0119dzie uroczysta msza \u015bwi\u0119ta oraz koncert Zespo\u0142u Contra Mundum w ko\u015bciele \u015bw. Kazimierza w Pruszkowie. Obchody Narodowego Dnia Pami\u0119ci \u017bo\u0142nierzy Wykl\u0119tych b\u0119d\u0105 trwa\u0142y dwa dni. Rozpoczn\u0105 si\u0119 27 [&hellip;]<\/p>\n","protected":false},"author":2,"featured_media":783,"comment_status":"closed","ping_status":"open","sticky":false,"template":"","format":"standard","meta":{"footnotes":""},"categories":[6],"tags":[],"class_list":["post-780","post","type-post","status-publish","format-standard","has-post-thumbnail","hentry","category-kultura"],"_links":{"self":[{"href":"https:\/\/fleschmazowsza.com.pl\/index.php?rest_route=\/wp\/v2\/posts\/780","targetHints":{"allow":["GET"]}}],"collection":[{"href":"https:\/\/fleschmazowsza.com.pl\/index.php?rest_route=\/wp\/v2\/posts"}],"about":[{"href":"https:\/\/fleschmazowsza.com.pl\/index.php?rest_route=\/wp\/v2\/types\/post"}],"author":[{"embeddable":true,"href":"https:\/\/fleschmazowsza.com.pl\/index.php?rest_route=\/wp\/v2\/users\/2"}],"replies":[{"embeddable":true,"href":"https:\/\/fleschmazowsza.com.pl\/index.php?rest_route=%2Fwp%2Fv2%2Fcomments&post=780"}],"version-history":[{"count":2,"href":"https:\/\/fleschmazowsza.com.pl\/index.php?rest_route=\/wp\/v2\/posts\/780\/revisions"}],"predecessor-version":[{"id":784,"href":"https:\/\/fleschmazowsza.com.pl\/index.php?rest_route=\/wp\/v2\/posts\/780\/revisions\/784"}],"wp:featuredmedia":[{"embeddable":true,"href":"https:\/\/fleschmazowsza.com.pl\/index.php?rest_route=\/wp\/v2\/media\/783"}],"wp:attachment":[{"href":"https:\/\/fleschmazowsza.com.pl\/index.php?rest_route=%2Fwp%2Fv2%2Fmedia&parent=780"}],"wp:term":[{"taxonomy":"category","embeddable":true,"href":"https:\/\/fleschmazowsza.com.pl\/index.php?rest_route=%2Fwp%2Fv2%2Fcategories&post=780"},{"taxonomy":"post_tag","embeddable":true,"href":"https:\/\/fleschmazowsza.com.pl\/index.php?rest_route=%2Fwp%2Fv2%2Ftags&post=780"}],"curies":[{"name":"wp","href":"https:\/\/api.w.org\/{rel}","templated":true}]}}