{"id":768,"date":"2017-02-24T14:44:22","date_gmt":"2017-02-24T13:44:22","guid":{"rendered":"http:\/\/fleschmazowsza.com.pl\/?p=768"},"modified":"2017-02-24T14:44:22","modified_gmt":"2017-02-24T13:44:22","slug":"konno-przez-ferie","status":"publish","type":"post","link":"https:\/\/fleschmazowsza.com.pl\/?p=768","title":{"rendered":"Konno przez ferie"},"content":{"rendered":"<p><strong>Ferie zimowe ju\u017c za nami, miejmy nadziej\u0119, \u017ce nasi m\u0142odzi podopieczni atrakcyjnie spo\u017cytkowali ten wolny czas. Redakcja \u201eFlescha\u201d przygotowa\u0142a kr\u00f3tk\u0105 relacj\u0119 z p\u00f3\u0142kolonii zorganizowanych dla tych dzieci, kt\u00f3rym niestraszne wyzwania jakie niesie jazda na koniach podczas zimy.<\/strong><\/p>\n<p>W mro\u017any poranek dotar\u0142am do zabudowa\u0144 klubu je\u017adzieckiego, zlokalizowanych w bliskim s\u0105siedztwie dziewi\u0119tnastowiecznego parku i pa\u0142acu w \u017b\u00f3\u0142winie, w ostatnich latach pieczo\u0142owicie odrestaurowanego. Zabudowania \u201eWolty\u201d mieszcz\u0105ce m.in. stajnie, du\u017c\u0105 sal\u0119 klubow\u0105 i siodlarni\u0119 zawieraj\u0105c\u0105 sprz\u0119t je\u017adziecki, to zaadaptowane budynki gospodarskie, niegdy\u015b nale\u017c\u0105ce do pa\u0142acu. Dooko\u0142a cisza, puste jeszcze o tej porze, ogrodzone place do jazdy konnej i otwarte tereny, blisko\u015b\u0107 las\u00f3w, jednym s\u0142owem pi\u0119knie.<\/p>\n<p>W sali klubowej, pe\u0142ni\u0105cej podczas ferii rol\u0119 \u015bwietlicy, czeka\u0142a ju\u017c instruktorka jazdy konnej Ola i opiekunka Weronika, oraz dw\u00f3jka sta\u0142ych mieszka\u0144c\u00f3w, czyli \u0142aciaty kot Mietek i niedawno przyby\u0142a pr\u0119gowana kotka, nazywana wst\u0119pnie \u201eKici\u0105\u201d. Doda\u0107 nale\u017cy, \u017ce oba koty wykaza\u0142y si\u0119 p\u00f3\u017aniej, jako towarzysze dzieci\u0119cych zabaw, imponuj\u0105c\u0105 cierpliwo\u015bci\u0105 i przyjaznym nastawieniem.<\/p>\n<p>P\u00f3ki co skorzysta\u0142am z propozycji pana Tomasza, stajennego opiekuj\u0105cego si\u0119 ko\u0144mi, by przej\u015b\u0107 do stajni i zobaczy\u0107 konie. W \u201eWolcie\u201d mieszka ich 24 i od pierwszego rzutu oka wida\u0107 jak ogromnie si\u0119 r\u00f3\u017cni\u0105 wielko\u015bci\u0105, ma\u015bci\u0105 i budow\u0105 cia\u0142a: jedne zgrabne i eleganckie, inne masywne i silne jak konie poci\u0105gowe, kucyki wygl\u0105daj\u0105ce jak z bajek dla dzieci.<\/p>\n<p>Niekt\u00f3re z koni maj\u0105 prywatnych w\u0142a\u015bcicieli, w stajni \u201eWolty\u201d mieszka m.in. ko\u0144 wybitnego aktora Daniela Olbrychskiego, Master \u2013 musz\u0119 przyzna\u0107, \u017ce jak na takie imi\u0119 o zaskakuj\u0105co skromnej posturze.<\/p>\n<p style=\"text-align: center;\"><strong>Po pierwsze: obowi\u0105zki<\/strong><\/p>\n<p>Wraz z przyjazdem wszystkich dzieci rozpocz\u0119\u0142y si\u0119 jazdy konne, indywidualnie lub dw\u00f3jkami, na okr\u0105g\u0142ym zadaszonym placyku, wykorzystywanym w zimne lub deszczowe dni. Najwy\u017cszy ko\u0144 Eliam si\u0142\u0105 rzeczy przypad\u0142 najstarszemu w grupie trzynastolatkowi Micha\u0142owi, stwierdzi\u0142 on jednak, \u017ce obawy co do gabaryt\u00f3w s\u0105 nieuzasadnione, bo jednocze\u015bnie ko\u0144 ma spokojny i zr\u00f3wnowa\u017cony charakter. Dziewi\u0119cioletnia drobna i rezolutna Ula, kt\u00f3ra zadeklarowa\u0142a, \u017ce nie mo\u017ce \u017cy\u0107 bez koni, r\u00f3wnie\u017c dosta\u0142a ca\u0142kiem sporego konika i wida\u0107 by\u0142o, \u017ce czuje si\u0119 z nim pewnie.<\/p>\n<p>Poniewa\u017c zasad\u0105 w klubach je\u017adzieckich jest, \u017ce przed jazd\u0105 trzeba wyczy\u015bci\u0107 swojego konia, by zapobiec bolesnym obtarciom i urazom podczas jazdy, dzieci r\u00f3wnie\u017c przyst\u0105pi\u0142y, ju\u017c nieco przyuczone, do tych zabieg\u00f3w. Konie co prawda nie zawsze chcia\u0142y wsp\u00f3\u0142pracowa\u0107, zw\u0142aszcza przy czyszczeniu kopyt, ale wida\u0107 by\u0142o, \u017ce im m\u0142odsze dzieci, tym bardziej zabawowo traktuj\u0105 taki obowi\u0105zek.<\/p>\n<p style=\"text-align: center;\"><strong>Plan zaj\u0119\u0107<\/strong><\/p>\n<p>W wolnej chwili instruktorka Ola opowiedzia\u0142a o dotychczasowych oraz zaplanowanych atrakcjach. Na p\u00f3\u0142koloniach zebra\u0142a si\u0119 grupka m\u0142odych mi\u0142o\u015bnik\u00f3w jazdy konnej w wieku od 9 do 13 lat, pocz\u0105tkuj\u0105cych, ale r\u00f3\u017cni\u0105cych si\u0119 poziomem zaawansowania, niekt\u00f3rzy z nich potrafi\u0105 ju\u017c nawet zagalopowa\u0107.<\/p>\n<p>Obok codziennej godziny jazdy, kontaktu z koniem dzieci naucz\u0105 si\u0119 tak\u017ce podczas \u201epony games\u201d i wolty\u017cerki \u2013 np. zaplataj\u0105c bujn\u0105 grzyw\u0119 kucyka w warkoczyki lub robi\u0105c \u0107wiczenia gimnastyczne, przypominaj\u0105ce akrobacje cyrkowe, na jego grzbiecie. Codziennie odbywaj\u0105 si\u0119 mini \u2013 wyk\u0142ady z teorii je\u017adzieckiej, dotycz\u0105ce budowy i umaszczenia koni, dyscypliny, skok\u00f3w przez przeszkody i rodzaj\u00f3w siode\u0142.<\/p>\n<p style=\"text-align: center;\"><strong>W wolnym czasie<\/strong><\/p>\n<p>W czasie wolnym od jazd jest czas na rysunki, malowanki lub po\u0107wiczenie techniki decoupage. Po obiedzie odbywaj\u0105 si\u0119 zabawy terenowe: by\u0142y ju\u017c podchody na \u0142\u0105ce i okolicznych drogach, b\u0119dzie zabawa w poszukiwanie skarbu, spacer po Podkowie Le\u015bnej, a na zako\u0144czenie turnusu przejazd bryczk\u0105 oraz ognisko.<\/p>\n<p>Nie chc\u0105c zbyt d\u0142ugo zak\u0142\u00f3ca\u0107 swoj\u0105 obecno\u015bci\u0105 przebiegu zaj\u0119\u0107, oraz poniewa\u017c przera\u017aliwie zmarz\u0142am, podzi\u0119kowa\u0142am i po\u017cegna\u0142am si\u0119 ze wszystkimi. Pozostaj\u0119 naprawd\u0119 pe\u0142na podziwu dla grupki zdeterminowanych dzieci, \u017ce pomimo zimna i mrozu wytrwale trenuj\u0105 jazd\u0119, czyszcz\u0105 swoje koniki i dobry humor oraz u\u015bmiech ich nie opuszcza.<\/p>\n<p style=\"text-align: right;\">Tekst i foto:<\/p>\n<p style=\"text-align: right;\"><strong>Sylwia Pa\u0144k\u00f3w<\/strong><\/p>\n","protected":false},"excerpt":{"rendered":"<p>Ferie zimowe ju\u017c za nami, miejmy nadziej\u0119, \u017ce nasi m\u0142odzi podopieczni atrakcyjnie spo\u017cytkowali ten wolny czas. Redakcja \u201eFlescha\u201d przygotowa\u0142a kr\u00f3tk\u0105 relacj\u0119 z p\u00f3\u0142kolonii zorganizowanych dla tych dzieci, kt\u00f3rym niestraszne wyzwania jakie niesie jazda na koniach podczas zimy. W mro\u017any poranek dotar\u0142am do zabudowa\u0144 klubu je\u017adzieckiego, zlokalizowanych w bliskim s\u0105siedztwie dziewi\u0119tnastowiecznego parku i pa\u0142acu w \u017b\u00f3\u0142winie, [&hellip;]<\/p>\n","protected":false},"author":2,"featured_media":769,"comment_status":"closed","ping_status":"open","sticky":false,"template":"","format":"standard","meta":{"footnotes":""},"categories":[8],"tags":[],"class_list":["post-768","post","type-post","status-publish","format-standard","has-post-thumbnail","hentry","category-roznosci"],"_links":{"self":[{"href":"https:\/\/fleschmazowsza.com.pl\/index.php?rest_route=\/wp\/v2\/posts\/768","targetHints":{"allow":["GET"]}}],"collection":[{"href":"https:\/\/fleschmazowsza.com.pl\/index.php?rest_route=\/wp\/v2\/posts"}],"about":[{"href":"https:\/\/fleschmazowsza.com.pl\/index.php?rest_route=\/wp\/v2\/types\/post"}],"author":[{"embeddable":true,"href":"https:\/\/fleschmazowsza.com.pl\/index.php?rest_route=\/wp\/v2\/users\/2"}],"replies":[{"embeddable":true,"href":"https:\/\/fleschmazowsza.com.pl\/index.php?rest_route=%2Fwp%2Fv2%2Fcomments&post=768"}],"version-history":[{"count":1,"href":"https:\/\/fleschmazowsza.com.pl\/index.php?rest_route=\/wp\/v2\/posts\/768\/revisions"}],"predecessor-version":[{"id":770,"href":"https:\/\/fleschmazowsza.com.pl\/index.php?rest_route=\/wp\/v2\/posts\/768\/revisions\/770"}],"wp:featuredmedia":[{"embeddable":true,"href":"https:\/\/fleschmazowsza.com.pl\/index.php?rest_route=\/wp\/v2\/media\/769"}],"wp:attachment":[{"href":"https:\/\/fleschmazowsza.com.pl\/index.php?rest_route=%2Fwp%2Fv2%2Fmedia&parent=768"}],"wp:term":[{"taxonomy":"category","embeddable":true,"href":"https:\/\/fleschmazowsza.com.pl\/index.php?rest_route=%2Fwp%2Fv2%2Fcategories&post=768"},{"taxonomy":"post_tag","embeddable":true,"href":"https:\/\/fleschmazowsza.com.pl\/index.php?rest_route=%2Fwp%2Fv2%2Ftags&post=768"}],"curies":[{"name":"wp","href":"https:\/\/api.w.org\/{rel}","templated":true}]}}