{"id":765,"date":"2017-02-24T14:34:37","date_gmt":"2017-02-24T13:34:37","guid":{"rendered":"http:\/\/fleschmazowsza.com.pl\/?p=765"},"modified":"2017-02-24T14:34:37","modified_gmt":"2017-02-24T13:34:37","slug":"trwa-walka-ze-smogiem","status":"publish","type":"post","link":"https:\/\/fleschmazowsza.com.pl\/?p=765","title":{"rendered":"Trwa walka ze smogiem"},"content":{"rendered":"<p><strong>Sejmik Wojew\u00f3dztwa Ma\u0142opolskiego przeg\u0142osowa\u0142 pierwsz\u0105 w Polsce uchwa\u0142\u0119 \u201eantysmogow\u0105\u201d, kt\u00f3ra obejmie ca\u0142e wojew\u00f3dztwo. Teraz systemowe ograniczenia chc\u0105 przyj\u0105\u0107 w\u0142adze \u015al\u0105ska, Dolnego \u015al\u0105ska i Mazowsza.<\/strong><\/p>\n<p>Tej zimy jako\u015b\u0107 powietrza w Warszawie i okolicach jest najgorsza od sze\u015bciu lat.<\/p>\n<p style=\"text-align: center;\"><strong>Najgorzej pod Warszaw\u0105<\/strong><\/p>\n<p>\u2013 Dane ze stacji pomiarowych Wojew\u00f3dzkiego Inspektora Ochrony \u015arodowiska pokazuj\u0105, \u017ce najwi\u0119ksze st\u0119\u017cenia py\u0142u zawieszonego PM 2,5 u\u015brednione dla tego roku odnotowywane s\u0105 na stacjach zlokalizowanych pod Warszaw\u0105 \u2013 w Legionowie, Otwocku i Piastowie, ale problem wida\u0107 r\u00f3wnie\u017c w Siedlcach i samej Warszawie. Analizuj\u0105c dane ca\u0142oroczne widzimy, \u017ce problem pojawia si\u0119 okresowo we wszystkich strefach wojew\u00f3dztwa mazowieckiego w zale\u017cno\u015bci od panuj\u0105cych w danej chwili warunk\u00f3w atmosferycznych \u2013 m\u00f3wi Marcin Podg\u00f3rski, dyrektor Departamentu Gospodarki Odpadami oraz Pozwole\u0144 Zintegrowanych i Wodnoprawnych Urz\u0119du Marsza\u0142kowskiego.<\/p>\n<p style=\"text-align: center;\"><strong>Walka od kilkunastu lat<\/strong><\/p>\n<p>Marsza\u0142ek Wojew\u00f3dztwa Mazowieckiego zwraca uwag\u0119, \u017ce problem smogu pojawi\u0142 si\u0119 ze szczeg\u00f3lnym nasileniem tej zimy, ale nie jest to problem nowy ani dla Polski, ani dla Mazowsza.<\/p>\n<p>&#8211; Z tym zjawiskiem walczymy ju\u017c od kilkunastu lat \u2013 podkre\u015bla marsza\u0142ek Adam Struzik.<\/p>\n<p>Wiele z mazowieckich samorz\u0105d\u00f3w od lat inwestuje w proekologiczne rozwi\u0105zania, korzystaj\u0105c z wytycznych przyj\u0119tych w 2013 r. przez Sejmik Wojew\u00f3dztwa Mazowieckiego w programach ochrony powietrza.<\/p>\n<p>Dokumenty te wyznaczy\u0142y na Mazowszu kierunki dzia\u0142a\u0144 ograniczaj\u0105cych emisj\u0119 szkodliwych substancji, czyli m.in. rozbudow\u0119 centralnych system\u00f3w zaopatrywania w energi\u0119 ciepln\u0105, stosowanie paliw o mniejszej zawarto\u015bci popio\u0142u, pod\u0142\u0105czenie do zbiorczej sieci ciep\u0142owniczej odbiorc\u00f3w indywidualnych czy wymian\u0119 nieekologicznych piec\u00f3w.<\/p>\n<p>W miastach, w kt\u00f3rych najwi\u0119kszym problemem s\u0105 zanieczyszczenia komunikacyjne, wskazany zosta\u0142 rozw\u00f3j transportu publicznego, tworzenie stref z zakazem ruchu samochod\u00f3w i kierowanie ruchu tranzytowego poza centra miast oraz budowa systemu parking\u00f3w przy dworcach PKP. To jednak za ma\u0142o.<\/p>\n<p style=\"text-align: center;\"><strong>Uchwa\u0142a \u201eantysmogowa\u201d jeszcze w tym roku<\/strong><\/p>\n<p>W\u0142adze wojew\u00f3dztwa mazowieckiego postanowi\u0142y wprowadzi\u0107 na terenie wojew\u00f3dztwa systemowe ograniczenia oraz zakazy maj\u0105ce na celu zmniejszenie zanieczyszczenia powietrza. Uchwa\u0142a \u201eantysmogowa\u201d ma zosta\u0107 wprowadzona jeszcze w tym roku.<\/p>\n<p style=\"text-align: center;\"><strong>Jakie zmiany zostan\u0105 uchwalone?<\/strong><\/p>\n<p>Tego jeszcze nie wiadomo. Urz\u0105d Marsza\u0142kowski podkre\u015bla jedynie, \u017ce dokument wprowadzi normy paliw sta\u0142ych dopuszczonych do sprzeda\u017cy. Uchwa\u0142a zapewne zaka\u017ce palenia mu\u0142em i mia\u0142em w\u0119glowym.<\/p>\n<p>Niewykluczone, \u017ce na terenie Warszawy zakazane b\u0119dzie te\u017c stosowanie w\u0119gla.<\/p>\n<p style=\"text-align: right;\"><strong>Kinga Rochalska<\/strong><\/p>\n<p style=\"text-align: right;\">Fot. <a href=\"http:\/\/www.flickr.com\">www.flickr.com<\/a><\/p>\n","protected":false},"excerpt":{"rendered":"<p>Sejmik Wojew\u00f3dztwa Ma\u0142opolskiego przeg\u0142osowa\u0142 pierwsz\u0105 w Polsce uchwa\u0142\u0119 \u201eantysmogow\u0105\u201d, kt\u00f3ra obejmie ca\u0142e wojew\u00f3dztwo. Teraz systemowe ograniczenia chc\u0105 przyj\u0105\u0107 w\u0142adze \u015al\u0105ska, Dolnego \u015al\u0105ska i Mazowsza. Tej zimy jako\u015b\u0107 powietrza w Warszawie i okolicach jest najgorsza od sze\u015bciu lat. Najgorzej pod Warszaw\u0105 \u2013 Dane ze stacji pomiarowych Wojew\u00f3dzkiego Inspektora Ochrony \u015arodowiska pokazuj\u0105, \u017ce najwi\u0119ksze st\u0119\u017cenia py\u0142u zawieszonego [&hellip;]<\/p>\n","protected":false},"author":2,"featured_media":766,"comment_status":"closed","ping_status":"open","sticky":false,"template":"","format":"standard","meta":{"footnotes":""},"categories":[5],"tags":[],"class_list":["post-765","post","type-post","status-publish","format-standard","has-post-thumbnail","hentry","category-wiadomosci"],"_links":{"self":[{"href":"https:\/\/fleschmazowsza.com.pl\/index.php?rest_route=\/wp\/v2\/posts\/765","targetHints":{"allow":["GET"]}}],"collection":[{"href":"https:\/\/fleschmazowsza.com.pl\/index.php?rest_route=\/wp\/v2\/posts"}],"about":[{"href":"https:\/\/fleschmazowsza.com.pl\/index.php?rest_route=\/wp\/v2\/types\/post"}],"author":[{"embeddable":true,"href":"https:\/\/fleschmazowsza.com.pl\/index.php?rest_route=\/wp\/v2\/users\/2"}],"replies":[{"embeddable":true,"href":"https:\/\/fleschmazowsza.com.pl\/index.php?rest_route=%2Fwp%2Fv2%2Fcomments&post=765"}],"version-history":[{"count":1,"href":"https:\/\/fleschmazowsza.com.pl\/index.php?rest_route=\/wp\/v2\/posts\/765\/revisions"}],"predecessor-version":[{"id":767,"href":"https:\/\/fleschmazowsza.com.pl\/index.php?rest_route=\/wp\/v2\/posts\/765\/revisions\/767"}],"wp:featuredmedia":[{"embeddable":true,"href":"https:\/\/fleschmazowsza.com.pl\/index.php?rest_route=\/wp\/v2\/media\/766"}],"wp:attachment":[{"href":"https:\/\/fleschmazowsza.com.pl\/index.php?rest_route=%2Fwp%2Fv2%2Fmedia&parent=765"}],"wp:term":[{"taxonomy":"category","embeddable":true,"href":"https:\/\/fleschmazowsza.com.pl\/index.php?rest_route=%2Fwp%2Fv2%2Fcategories&post=765"},{"taxonomy":"post_tag","embeddable":true,"href":"https:\/\/fleschmazowsza.com.pl\/index.php?rest_route=%2Fwp%2Fv2%2Ftags&post=765"}],"curies":[{"name":"wp","href":"https:\/\/api.w.org\/{rel}","templated":true}]}}