{"id":745,"date":"2017-02-17T12:20:35","date_gmt":"2017-02-17T11:20:35","guid":{"rendered":"http:\/\/fleschmazowsza.com.pl\/?p=745"},"modified":"2017-02-17T12:20:35","modified_gmt":"2017-02-17T11:20:35","slug":"za-darmo-komunikacja-w-warszawie","status":"publish","type":"post","link":"https:\/\/fleschmazowsza.com.pl\/?p=745","title":{"rendered":"Za darmo komunikacj\u0105 w Warszawie"},"content":{"rendered":"<p><strong>Od 1 wrze\u015bnia sto\u0142eczny ratusz zniesie op\u0142aty za komunikacj\u0119 miejsk\u0105 dla uczni\u00f3w szk\u00f3\u0142 podstawowych i gimnazj\u00f3w. Z darmowych przejazd\u00f3w skorzysta ponad 150 tys. ucz\u0105cych si\u0119 dzieci i m\u0142odzie\u017cy.<\/strong><\/p>\n<p>Darmowa komunikacja obowi\u0105zywa\u0142aby uczni\u00f3w szk\u00f3\u0142 podstawowych i gimnazj\u00f3w. R\u00f3wnie\u017c tych, kt\u00f3rzy mieszkaj\u0105 w granicach II strefy biletowej, a ucz\u0105 si\u0119 w Warszawie, a tak\u017ce tych kt\u00f3rzy mieszkaj\u0105 w granicach Warszawy, a ucz\u0105 si\u0119 w szko\u0142ach w II strefie biletowej.<\/p>\n<p>Decyzja ratusza czeka jeszcze na zatwierdzenie radnych i przygotowanie uchwa\u0142y. Wszystko wskazuje jednak na to, \u017ce nowa taryfa nie spotka si\u0119 z \u017cadnymi protestami. Warto doda\u0107, \u017ce z takim pomys\u0142em urz\u0119dnicy wyszli jesieni\u0105 ubieg\u0142ego roku.<\/p>\n<p>W ci\u0105gu ostatnich miesi\u0119cy przeprowadzono ostateczne prace przygotowawcze do wdro\u017cenia projektu w \u017cycie. Do rodzic\u00f3w uczni\u00f3w podstaw\u00f3wek zosta\u0142y skierowane ankiety, z kt\u00f3rych wynika, \u017ce 80 proc. respondent\u00f3w zadeklarowa\u0142o rezygnacj\u0119 z odwo\u017cenia dzieci samochodem do szk\u00f3\u0142 w przypadku wprowadzenia darmowej komunikacji.<\/p>\n<p>G\u0142\u00f3wnym celem zmiany jest zmniejszenie liczby samochod\u00f3w na ulicach i przyzwyczajanie warszawiak\u00f3w od najm\u0142odszych lat, do korzystania z komunikacji miejskiej.<\/p>\n<p>\u2013 Mamy j\u0105 w Warszawie na takim poziomie, \u017ce mo\u017cna zach\u0119ca\u0107 rodzic\u00f3w, by zamienili auto na tramwaj, autobus lub SKM\u2013k\u0119 \u2013 m\u00f3wi\u0142a prezydent Gronkiewicz Waltz.<\/p>\n<p>Wed\u0142ug statystyk opracowanych przez sto\u0142eczny Zarz\u0105d Transportu Miejskiego, z komunikacji publicznej korzysta jedynie 30 proc. wszystkich uczni\u00f3w. W\u0142adze miasta chc\u0105 zatem ograniczy\u0107 ilo\u015b\u0107 aut na warszawskich ulicach, a tak\u017ce wyrobi\u0107 w dzieciach nawyk korzystania z transportu publicznego, kt\u00f3ry m\u00f3g\u0142by utrzyma\u0107 si\u0119 w ich \u017cyciu doros\u0142ym.<\/p>\n<p>Roczny koszt funkcjonowania bezp\u0142atnego transportu dla uczni\u00f3w warszawskich podstaw\u00f3wek i gimnazj\u00f3w szacuje si\u0119 na 13 milion\u00f3w z\u0142. Dzieci i m\u0142odzie\u017c otrzymaj\u0105 imienne karty uprawniaj\u0105ce do darmowych przejazd\u00f3w. W zwi\u0105zku ze zbli\u017caj\u0105c\u0105 si\u0119 reform\u0105 edukacji, ulgi b\u0119d\u0105 obowi\u0105zywa\u0107 gimnazjalist\u00f3w do 1 wrze\u015bnia 2019 r., czyli do momentu, gdy plac\u00f3wki tego stopnia zostan\u0105 ca\u0142kowicie zlikwidowane. W\u00f3wczas bezp\u0142atna komunikacja b\u0119dzie dotyczy\u0107 wy\u0142\u0105cznie uczni\u00f3w szko\u0142y podstawowej do 8. klasy w\u0142\u0105cznie.<\/p>\n<p>Co najciekawsze, nowa us\u0142uga nie b\u0119dzie wymaga\u0142a od rodzic\u00f3w \u017cadnego chodzenia po urz\u0119dach. Kwesti\u0119 spersonalizowanych kart, kt\u00f3re otrzymaj\u0105 uczniowie, zostan\u0105 za\u0142atwione mi\u0119dzy szko\u0142ami a ZTM\u2013em. Szko\u0142y otrzymaj\u0105 wz\u00f3r wniosku, kt\u00f3ry wype\u0142niony, \u017ce zdj\u0119ciem, prze\u015bl\u0105 do ZTM. Z kolei miejski organizator transportu dostarczy do szk\u00f3\u0142 karty. Wyj\u0105tek b\u0119dzie dotyczy\u0142 dzieci mieszkaj\u0105cych w Warszawie a ucz\u0105cych si\u0119 poza ni\u0105. One b\u0119d\u0105 mog\u0142y wyrobi\u0107 kart\u0119 w punkcie obs\u0142ugi klienta ZTM.<\/p>\n<p style=\"text-align: right;\"><strong>Ewelina Wielgat<\/strong><\/p>\n","protected":false},"excerpt":{"rendered":"<p>Od 1 wrze\u015bnia sto\u0142eczny ratusz zniesie op\u0142aty za komunikacj\u0119 miejsk\u0105 dla uczni\u00f3w szk\u00f3\u0142 podstawowych i gimnazj\u00f3w. Z darmowych przejazd\u00f3w skorzysta ponad 150 tys. ucz\u0105cych si\u0119 dzieci i m\u0142odzie\u017cy. Darmowa komunikacja obowi\u0105zywa\u0142aby uczni\u00f3w szk\u00f3\u0142 podstawowych i gimnazj\u00f3w. R\u00f3wnie\u017c tych, kt\u00f3rzy mieszkaj\u0105 w granicach II strefy biletowej, a ucz\u0105 si\u0119 w Warszawie, a tak\u017ce tych kt\u00f3rzy mieszkaj\u0105 [&hellip;]<\/p>\n","protected":false},"author":2,"featured_media":747,"comment_status":"closed","ping_status":"open","sticky":false,"template":"","format":"standard","meta":{"footnotes":""},"categories":[1],"tags":[],"class_list":["post-745","post","type-post","status-publish","format-standard","has-post-thumbnail","hentry","category-uncategorized"],"_links":{"self":[{"href":"https:\/\/fleschmazowsza.com.pl\/index.php?rest_route=\/wp\/v2\/posts\/745","targetHints":{"allow":["GET"]}}],"collection":[{"href":"https:\/\/fleschmazowsza.com.pl\/index.php?rest_route=\/wp\/v2\/posts"}],"about":[{"href":"https:\/\/fleschmazowsza.com.pl\/index.php?rest_route=\/wp\/v2\/types\/post"}],"author":[{"embeddable":true,"href":"https:\/\/fleschmazowsza.com.pl\/index.php?rest_route=\/wp\/v2\/users\/2"}],"replies":[{"embeddable":true,"href":"https:\/\/fleschmazowsza.com.pl\/index.php?rest_route=%2Fwp%2Fv2%2Fcomments&post=745"}],"version-history":[{"count":1,"href":"https:\/\/fleschmazowsza.com.pl\/index.php?rest_route=\/wp\/v2\/posts\/745\/revisions"}],"predecessor-version":[{"id":748,"href":"https:\/\/fleschmazowsza.com.pl\/index.php?rest_route=\/wp\/v2\/posts\/745\/revisions\/748"}],"wp:featuredmedia":[{"embeddable":true,"href":"https:\/\/fleschmazowsza.com.pl\/index.php?rest_route=\/wp\/v2\/media\/747"}],"wp:attachment":[{"href":"https:\/\/fleschmazowsza.com.pl\/index.php?rest_route=%2Fwp%2Fv2%2Fmedia&parent=745"}],"wp:term":[{"taxonomy":"category","embeddable":true,"href":"https:\/\/fleschmazowsza.com.pl\/index.php?rest_route=%2Fwp%2Fv2%2Fcategories&post=745"},{"taxonomy":"post_tag","embeddable":true,"href":"https:\/\/fleschmazowsza.com.pl\/index.php?rest_route=%2Fwp%2Fv2%2Ftags&post=745"}],"curies":[{"name":"wp","href":"https:\/\/api.w.org\/{rel}","templated":true}]}}