{"id":740,"date":"2017-02-16T11:32:19","date_gmt":"2017-02-16T10:32:19","guid":{"rendered":"http:\/\/fleschmazowsza.com.pl\/?p=740"},"modified":"2017-02-16T11:32:19","modified_gmt":"2017-02-16T10:32:19","slug":"oswiata-reforma-edukacji-w-2017-roku-w-praktyce-samorzadowej","status":"publish","type":"post","link":"https:\/\/fleschmazowsza.com.pl\/?p=740","title":{"rendered":"O\u015aWIATA. Reforma edukacji w 2017 roku w praktyce samorz\u0105dowej"},"content":{"rendered":"<p><strong>Nowa organizacja systemu edukacji zacznie by\u0107 wprowadzana od 1 wrze\u015bnia 2017 r. Zmiany b\u0119d\u0105 bardzo du\u017ce i dotkn\u0105 uczni\u00f3w w ka\u017cdym wieku, ich rodzic\u00f3w oraz oczywi\u015bcie nauczycieli. Najwa\u017cniejsze to powr\u00f3t o\u015bmioklasowej podstaw\u00f3wki i czteroletniego liceum.<\/strong><\/p>\n<p>9 stycznia 2017 roku wraz z podpisaniem przez prezydenta Andrzeja Dud\u0119 ustaw o\u015bwiatowych rozpocz\u0119\u0142y si\u0119 zmiany. Dotychczasowa sze\u015bcioletnia szko\u0142a podstawowa od 1 wrze\u015bnia 2017 r. stanie si\u0119 o\u015bmioletni\u0105 szko\u0142\u0105 podstawow\u0105. Oznacza to, \u017ce 1 wrze\u015bnia 2017 r. w o\u015bmioletniej szkole podstawowej rozpoczn\u0105 nauk\u0119 pierwsi uczniowie klasy VII (absolwenci klasy VI dotychczasowej sze\u015bcioletniej szko\u0142y podstawowej), kt\u00f3rzy 1 wrze\u015bnia 2018 r. b\u0119d\u0105 pierwszymi uczniami klasy VIII tej szko\u0142y.<\/p>\n<p>A jak b\u0119d\u0105 wygl\u0105da\u0107 zmiany w gimnazjach? Projekt ustawy przewiduje stopniowe i ewolucyjne wygaszanie gimnazj\u00f3w. Na rok szkolny 2017\/2018 nie przeprowadza si\u0119 post\u0119powania rekrutacyjnego do klasy I gimnazjum a z dniem 1 wrze\u015bnia 2017 r. likwiduje si\u0119 klas\u0119 I, a w latach nast\u0119pnych kolejne klasy dotychczasowego gimnazjum. W roku szkolnym odpowiednio 2017\/2018 i 2018\/2019 w przekszta\u0142conej szkole podstawowej, prowadzone b\u0119d\u0105 tak\u017ce klasy dotychczasowego gimnazjum, a\u017c do czasu wygaszenia kszta\u0142cenia.<\/p>\n<p>Rok szkolny 2018\/2019 b\u0119dzie to czas, kiedy ostatni rocznik dzieci klas III uko\u0144czy gimnazjum a 1 wrze\u015bnia 2019 r. w ustroju szkolnym nie b\u0119d\u0105 ju\u017c funkcjonowa\u0142y gimnazja. W roku szkolnym 2017\/2018 i 2018\/2019 w przekszta\u0142conej szkole podstawowej, prowadzone b\u0119d\u0105 tak\u017ce klasy dotychczasowego gimnazjum, a\u017c do czasu wygaszenia kszta\u0142cenia.<\/p>\n<p>A jakie zmiany nast\u0105pi\u0105 w okolicznych gminach?<\/p>\n<p style=\"text-align: center;\"><strong>Gmina Micha\u0142owice<\/strong><\/p>\n<p>W Gminie Micha\u0142owice nie b\u0119dzie wielkich zmian zwi\u0105zanych z reform\u0105 o\u015bwiaty. Oczywi\u015bcie z dniem 1 wrze\u015bnia 2017 r powstan\u0105 o\u015bmioklasowe szko\u0142y podstawowe w miejsce dotychczasowych sze\u015bcioletnich, ale nie zmieni\u0105 si\u0119 ich obwody oraz sie\u0107. Jedynie Zesp\u00f3\u0142 Szk\u00f3\u0142 w Micha\u0142owicach przekszta\u0142ci si\u0119 w Szko\u0142\u0119 Podstawow\u0105, w kt\u00f3rej do 2019 roku b\u0119d\u0105 funkcjonowa\u0107 oddzia\u0142y gimnazjalne. Gimnazja w Komorowie i Nowej Wsi, kt\u00f3re wchodz\u0105 w sk\u0142ad tutejszych Zespo\u0142\u00f3w b\u0119d\u0105 dzia\u0142a\u0107 do wyga\u015bni\u0119cia, czyli do 31 sierpnia 2019 r.<\/p>\n<p>Sie\u0107 przedszkoli i oddzia\u0142\u00f3w przedszkolnych w szko\u0142ach podstawowych tak\u017ce nie ulegnie zmianie. Zgodnie z now\u0105 ustaw\u0105 wprowadzaj\u0105c\u0105 Prawo o\u015bwiatowe, do ko\u0144ca marca mieszka\u0144cy gminy zostan\u0105 poinformowani o sieci i obwodach szk\u00f3\u0142.<\/p>\n<p style=\"text-align: center;\"><strong>Gmina Nadarzyn<\/strong><\/p>\n<p>W zwi\u0105zku z reform\u0105 o\u015bwiaty, publiczne szko\u0142y podstawowe z terenu Gminy Nadarzyn o strukturze klas I \u2013 VI, zostan\u0105 przekszta\u0142cone na szko\u0142y o strukturze klas I \u2013 VIII. Co do los\u00f3w gimnazjum, w\u0142adze czekaj\u0105 na podj\u0119cie decyzji przez Powiat Pruszkowski o ewentualnym przekszta\u0142ceniu plac\u00f3wki w liceum og\u00f3lnokszta\u0142c\u0105ce.<\/p>\n<p style=\"text-align: center;\"><strong>Pruszk\u00f3w<\/strong><\/p>\n<p>Uczniowie dotychczasowej sze\u015bcioletniej szko\u0142y podstawowej stan\u0105 si\u0119 uczniami 8-letniej szko\u0142y podstawowej. Uczniowie ko\u0144cz\u0105cy klas\u0119 VI szko\u0142y podstawowej b\u0119d\u0105 podlega\u0107 promocji do klasy VII szko\u0142y podstawowej.<\/p>\n<p>Rozpocznie si\u0119 tym samym wygaszanie gimnazj\u00f3w \u2013 nie b\u0119dzie prowadzona rekrutacja. Miasto Pruszk\u00f3w jest organem prowadz\u0105cym dla gimnazj\u00f3w nr 1, 3 i 4. W chwili obecnej trwaj\u0105 prace przygotowawcze. Planowane jest przekszta\u0142cenie Gimnazjum Nr 3 i 4 w szko\u0142y podstawowe. Stosowne uchwa\u0142y zostan\u0105 podj\u0119te w marcu br.<\/p>\n<p style=\"text-align: center;\"><strong>Ursus<\/strong><\/p>\n<p>W zwi\u0105zku z wprowadzan\u0105 zmian\u0105 struktury szkolnictwa w systemie o\u015bwiaty szko\u0142y w dzielnicy Ursus r\u00f3wnie\u017c czekaj\u0105 zmiany. Najwa\u017cniejsz\u0105 i najwi\u0119ksz\u0105 zmian\u0105 w strukturze szk\u00f3\u0142 jest wygaszanie gimnazj\u00f3w oraz wyd\u0142u\u017cenie nauki w szko\u0142ach podstawowych do 8 lat. Na terenie dzielnicy Ursus dzia\u0142aj\u0105 obecnie cztery gimnazja. W przysz\u0142ym roku szkolnym 2017\/2018 nauk\u0119 b\u0119d\u0105 kontynuowa\u0107 w nich gimnazjali\u015bci w klasach II i III. W ramach reorganizacji szk\u00f3\u0142 dwa gimnazja zostan\u0105 przekszta\u0142cone w szko\u0142y podstawowe: Gimnazjum nr 131 w Szko\u0142\u0119 Podstawow\u0105 nr 381, natomiast Gimnazjum nr 133 w Szko\u0142\u0119 Podstawow\u0105 nr 383. Gimnazjum nr 130 wchodz\u0105ce w sk\u0142ad Zespo\u0142u Szk\u00f3\u0142 nr 80 zostanie w\u0142\u0105czone do Szko\u0142y Podstawowej nr 2 znajduj\u0105cej si\u0119 w Zespole. Gimnazjum nr 132 mieszcz\u0105ce si\u0119 przy ul. Dzieci Warszawy 42 zostanie w\u0142\u0105czone do LVI Liceum Og\u00f3lnokszta\u0142c\u0105cego znajduj\u0105cego si\u0119 w tym samym budynku.<\/p>\n<p>&#8211; Dzi\u0119ki takiemu rozwi\u0105zaniu wszyscy uczniowie gimnazj\u00f3w z naszej dzielnicy b\u0119d\u0105 mogli doko\u0144czy\u0107 edukacj\u0119 w tych szko\u0142ach, w kt\u00f3rych j\u0105 rozpocz\u0119li. Obwody dotychczasowych gimnazj\u00f3w w\u0142\u0105czonych do innych szk\u00f3\u0142 lub przekszta\u0142conych w szko\u0142y podstawowe w okresie od 1 wrze\u015bnia 2017 r. do 31 sierpnia 2019 r. pozostan\u0105 bez zmian \u2013 zapewnia Wies\u0142aw Krzemie\u0144 zast\u0119pca burmistrza.<\/p>\n<p>Kolejn\u0105 istotn\u0105 zmian\u0105 jest utworzenie nowej szko\u0142y podstawowej przy ul. Koni\u0144skiej 2. B\u0119dzie to Szko\u0142a Podstawowa nr 382, powsta\u0142a w siedzibie obecnie funkcjonuj\u0105cej Szko\u0142y Filialnej podporz\u0105dkowanej organizacyjnie Szkole Podstawowej nr 4. 19 stycznia 2017 r. Rada m.st. Warszawy podj\u0119\u0142a dwie wa\u017cne uchwa\u0142y w tej sprawie. Od nowego roku szkolnego b\u0119dzie funkcjonowa\u0107 w tym miejscu samodzielna plac\u00f3wka, co sta\u0142o si\u0119 mo\u017cliwe dzi\u0119ki niedawno zako\u0144czonej rozbudowie budynku szko\u0142y. W rezultacie wprowadzonych zmian zmniejszy si\u0119 liczby uczni\u00f3w w obwodzie Szko\u0142y Podstawowej nr 4, w kt\u00f3rej obecnie uczy si\u0119 1740 uczni\u00f3w ( w tym 745 w filii).<\/p>\n<p>Wprowadzenie reformy o\u015bwiatowej wi\u0105\u017ce si\u0119 z powa\u017cnymi wydatkami. Na ten cel dzielnica Ursus otrzyma\u0142a z bud\u017cetu <a href=\"http:\/\/m.st\">m.st<\/a>. Warszawy kwot\u0119 2 170\u00a0000,00 z\u0142. \u015arodki te zostan\u0105 przeznaczone na modernizacj\u0119 i dostosowanie budynk\u00f3w o\u015bwiatowych. Powstan\u0105 place zabaw, \u015bwietlice oraz pracownie przedmiotowe. Dzi\u0119ki temu budynki, w kt\u00f3rych mie\u015bci\u0142y si\u0119 gimnazja b\u0119d\u0105 przystosowane do nauki dla dzieci najm\u0142odszych. Mo\u017cliwy te\u017c b\u0119dzie nab\u00f3r do oddzia\u0142\u00f3w przedszkolnych, dla kt\u00f3rych w ka\u017cdej szkole podstawowej na terenie Dzielnicy zosta\u0142y przygotowane sale lekcyjne i \u015bwietlice.<\/p>\n<p style=\"text-align: center;\"><strong>Grodzisk Mazowiecki<\/strong><\/p>\n<p>Projekt wdro\u017cenia nowego ustroju szkolnego w Gminie Grodzisk Mazowiecki zak\u0142ada:<br \/>\n&#8211; w\u0142\u0105czenie Gimnazjum nr 1 do Szko\u0142y Podstawowej nr 4 i utworzenie o\u015bmioletniej Szko\u0142y Podstawowej nr 4 z oddzia\u0142ami gimnazjalnymi (w latach szkolnych 2017\/18 i 2018\/19),<br \/>\n&#8211; w\u0142\u0105czenie Gimnazjum nr 2 do Szko\u0142y Podstawowej nr 2 i utworzenie o\u015bmioletniej Szko\u0142y Podstawowej nr 2 z oddzia\u0142ami gimnazjalnymi (w latach szkolnych 2017\/18 i 2018\/19),<br \/>\n&#8211; przekszta\u0142cenie Gimnazjum nr 3 w Szko\u0142\u0119 Podstawow\u0105 nr 5 z oddzia\u0142am gimnazjalnymi (w latach szkolnych 2017\/18 i 2018\/19),<br \/>\n&#8211; sze\u015bcioletnie obecnie szko\u0142y podstawowe: nr 1, nr 6, w Adamowi\u017anie, w Ksi\u0105\u017cenicach i Izdebnie Ko\u015bcielnym \u2013 zostan\u0105 z mocy ustawy przekszta\u0142cone w szko\u0142y o\u015bmioletnie.<\/p>\n<p>Wdro\u017cenie reformy wymaga zmiany obwod\u00f3w poszczeg\u00f3lnych szk\u00f3\u0142 i dostosowania ich do nowej sieci szk\u00f3\u0142. Jak nas zapewniono obecnie trwaj\u0105 prace nad wypracowaniem optymalnej wersji obwod\u00f3w szkolnych.<\/p>\n<p>Planowane s\u0105 tak\u017ce prace remontowe w budynku Gimnazjum nr 3, kt\u00f3ry nale\u017cy dostosowa\u0107 do potrzeb dzieci m\u0142odszych a tak\u017ce niezb\u0119dne zakupy pomocy dydaktycznych umo\u017cliwiaj\u0105cych kszta\u0142cenie zgodnie z now\u0105 podstawa programow\u0105.<\/p>\n<p style=\"text-align: center;\"><strong>Gmina \u017babia Wola<\/strong><\/p>\n<p>Planuje wygasi\u0107 gimnazjum, a szko\u0142y podstawowe pozostawi\u0107 zgodnie z obowi\u0105zuj\u0105cymi dzi\u015b obwodami. Budynki po gimnazjum stanowi\u0105 ca\u0142o\u015b\u0107 z budynkami najwi\u0119kszej szko\u0142y podstawowej, w kt\u00f3rej bardzo brakowa\u0142o miejsca, b\u0119d\u0105 wi\u0119c warunki dogodniejsze i nie ma zagro\u017cenia braku miejsca w zwi\u0105zku z dodatkowymi, VII i VIII, klasami.<\/p>\n<p>1 wrze\u015bnia br. byli sz\u00f3stoklasi\u015bci pomaszeruj\u0105 do si\u00f3dmej klasy w nowej (starej?) o\u015bmioletniej podstaw\u00f3wce. Nie wiadomo, czy b\u0119dzie to w tym samym budynku co do tej pory. Wcale nie musz\u0105 ich uczy\u0107 ci sami nauczyciele co przez ostatnie sze\u015b\u0107 lat. Tak by\u0142oby dla dzieci lepiej, jednak zawrotne tempo wprowadzania reformy minister Anny Zalewskiej wprowadza olbrzymi chaos. I lepiej nie b\u0119dzie, bo chaos goni chaos &#8211; potwierdza to chocia\u017cby kolejne zamieszanie z podstawami programowymi. Reforma proponowana przez Zalewsk\u0105 mo\u017ce poci\u0105gn\u0105\u0107 za sob\u0105 najwi\u0119ksze w historii zwolnienia w szko\u0142ach. Zwi\u0105zek Nauczycielstwa Polskiego szacuje, \u017ce zagro\u017conych jest nawet 37 tys. etat\u00f3w, g\u0142\u00f3wnie w likwidowanych gimnazjach.<\/p>\n<p style=\"text-align: center;\"><strong>Podkowa Le\u015bna<\/strong><\/p>\n<p>Miasto jest organem prowadz\u0105cym dla Zespo\u0142u Szk\u00f3\u0142, w sk\u0142ad kt\u00f3rego wchodzi Samorz\u0105dowa Szko\u0142a Podstawowa im. Bohater\u00f3w Warszawy i Publiczne Gimnazjum im. Profesora Kazimierza Micha\u0142owskiego.<\/p>\n<p>1 wrze\u015bnia 2017 r. Zesp\u00f3\u0142 Szk\u00f3\u0142, w sk\u0142ad kt\u00f3rego wchodzi jedynie dotychczasowa sze\u015bcioletnia szko\u0142a podstawowa i dotychczasowe gimnazjum stanie si\u0119 z mocy ustawy o\u015bmioletni\u0105 szko\u0142\u0105 podstawow\u0105. W roku szkolnym odpowiednio 2017\/2018 i 2018\/2019 w przekszta\u0142conej szkole podstawowej, prowadzone b\u0119d\u0105 tak\u017ce klasy dotychczasowego gimnazjum, a\u017c do czasu wygaszenia kszta\u0142cenia.<\/p>\n<p style=\"text-align: center;\"><strong>Brwin\u00f3w<\/strong><\/p>\n<p>Z uwagi na to, \u017ce w gminie Brwin\u00f3w funkcjonuj\u0105 wy\u0142\u0105cznie zespo\u0142y szk\u00f3\u0142 (we wszystkich czterech zespo\u0142ach szk\u00f3\u0142 s\u0105 szko\u0142y podstawowe i gimnazja, dodatkowo w jednym \u2013 Zespole Szk\u00f3\u0142 Og\u00f3lnokszta\u0142c\u0105cych jest tak\u017ce Liceum Og\u00f3lnokszta\u0142c\u0105ce) reorganizacja jest bardzo prosta. Nie powsta\u0142a potrzeba przekszta\u0142ce\u0144 szk\u00f3\u0142; klasy gimnazjalne zostan\u0105 \u2013 do czasu ich wygaszenia \u2013 w\u0142\u0105czone w struktur\u0119 szk\u00f3\u0142 podstawowych.<\/p>\n<p>Nie przewiduje si\u0119 wi\u0119kszych koszt\u00f3w zwi\u0105zanych z konieczno\u015bci\u0105 dostosowania sieci szk\u00f3\u0142 do nowych przepis\u00f3w. Wyst\u0105pi jedynie konieczno\u015b\u0107 wymiany piecz\u0119ci, tablic itp., lecz koszty te nie s\u0105 du\u017ce. W szko\u0142ach prowadzonych przez gmin\u0119 Brwin\u00f3w nie przewiduje si\u0119 te\u017c zwolnie\u0144 nauczycieli w roku szkolnym 2017\/2018.<\/p>\n<p style=\"text-align: right;\"><strong>Ewelina Wielgat, (mg)<\/strong><\/p>\n","protected":false},"excerpt":{"rendered":"<p>Nowa organizacja systemu edukacji zacznie by\u0107 wprowadzana od 1 wrze\u015bnia 2017 r. Zmiany b\u0119d\u0105 bardzo du\u017ce i dotkn\u0105 uczni\u00f3w w ka\u017cdym wieku, ich rodzic\u00f3w oraz oczywi\u015bcie nauczycieli. Najwa\u017cniejsze to powr\u00f3t o\u015bmioklasowej podstaw\u00f3wki i czteroletniego liceum. 9 stycznia 2017 roku wraz z podpisaniem przez prezydenta Andrzeja Dud\u0119 ustaw o\u015bwiatowych rozpocz\u0119\u0142y si\u0119 zmiany. Dotychczasowa sze\u015bcioletnia szko\u0142a podstawowa [&hellip;]<\/p>\n","protected":false},"author":2,"featured_media":744,"comment_status":"closed","ping_status":"open","sticky":false,"template":"","format":"standard","meta":{"footnotes":""},"categories":[9],"tags":[],"class_list":["post-740","post","type-post","status-publish","format-standard","has-post-thumbnail","hentry","category-edukacja"],"_links":{"self":[{"href":"https:\/\/fleschmazowsza.com.pl\/index.php?rest_route=\/wp\/v2\/posts\/740","targetHints":{"allow":["GET"]}}],"collection":[{"href":"https:\/\/fleschmazowsza.com.pl\/index.php?rest_route=\/wp\/v2\/posts"}],"about":[{"href":"https:\/\/fleschmazowsza.com.pl\/index.php?rest_route=\/wp\/v2\/types\/post"}],"author":[{"embeddable":true,"href":"https:\/\/fleschmazowsza.com.pl\/index.php?rest_route=\/wp\/v2\/users\/2"}],"replies":[{"embeddable":true,"href":"https:\/\/fleschmazowsza.com.pl\/index.php?rest_route=%2Fwp%2Fv2%2Fcomments&post=740"}],"version-history":[{"count":1,"href":"https:\/\/fleschmazowsza.com.pl\/index.php?rest_route=\/wp\/v2\/posts\/740\/revisions"}],"predecessor-version":[{"id":742,"href":"https:\/\/fleschmazowsza.com.pl\/index.php?rest_route=\/wp\/v2\/posts\/740\/revisions\/742"}],"wp:featuredmedia":[{"embeddable":true,"href":"https:\/\/fleschmazowsza.com.pl\/index.php?rest_route=\/wp\/v2\/media\/744"}],"wp:attachment":[{"href":"https:\/\/fleschmazowsza.com.pl\/index.php?rest_route=%2Fwp%2Fv2%2Fmedia&parent=740"}],"wp:term":[{"taxonomy":"category","embeddable":true,"href":"https:\/\/fleschmazowsza.com.pl\/index.php?rest_route=%2Fwp%2Fv2%2Fcategories&post=740"},{"taxonomy":"post_tag","embeddable":true,"href":"https:\/\/fleschmazowsza.com.pl\/index.php?rest_route=%2Fwp%2Fv2%2Ftags&post=740"}],"curies":[{"name":"wp","href":"https:\/\/api.w.org\/{rel}","templated":true}]}}