{"id":714,"date":"2017-02-14T15:08:22","date_gmt":"2017-02-14T14:08:22","guid":{"rendered":"http:\/\/fleschmazowsza.com.pl\/?p=714"},"modified":"2017-02-14T15:08:22","modified_gmt":"2017-02-14T14:08:22","slug":"ferie-2017-jakie-atrakcje-przygotowaly-samorzady-dla-uczniow","status":"publish","type":"post","link":"https:\/\/fleschmazowsza.com.pl\/?p=714","title":{"rendered":"FERIE 2017. Jakie atrakcje przygotowa\u0142y samorz\u0105dy dla uczni\u00f3w"},"content":{"rendered":"<p><strong>Zbli\u017caj\u0105 si\u0119 ferie zimowe. Wolny czas (13.02. \u2013 24.02.2017r.) dzieci i m\u0142odzie\u017c mog\u0105 sp\u0119dzi\u0107 na r\u00f3\u017cnych zaj\u0119ciach organizowanych i finansowanych przez samorz\u0105dy.<\/strong><\/p>\n<p style=\"text-align: center;\"><strong>Ursus<\/strong><\/p>\n<p>Szko\u0142y podstawowe funkcjonuj\u0105 od poniedzia\u0142ku do pi\u0105tku w godz. 7:00 \u2013 17:00 lub w godzinach dostosowanych do potrzeb \u015brodowiskowych. Warunki uczestniczenia ucznia to: posiadanie legitymacji szkolnej z warszawskiej szko\u0142y lub sta\u0142e zamieszkanie (zameldowanie) w Warszawie, z\u0142o\u017cenie Karty Uczestnika, uiszczenie op\u0142aty za wy\u017cywienie w wysoko\u015bci 7 z\u0142 dziennie \u2013 ciep\u0142y posi\u0142ek. Z op\u0142at za posi\u0142ki zwolnione s\u0105 dzieci korzystaj\u0105ce z bezp\u0142atnych lub cz\u0119\u015bciowo p\u0142atnych posi\u0142k\u00f3w w ci\u0105gu roku szkolnego na mocy decyzji dyrektora szko\u0142y lub O\u015brodka Pomocy Spo\u0142ecznej, na podstawie za\u015bwiadczenia z macierzystej szko\u0142y. Programy w plac\u00f3wkach edukacyjnych opracowywane s\u0105 indywidualnie w ka\u017cdej plac\u00f3wce.<br \/>\nJednocze\u015bnie dzieci i m\u0142odzie\u017c b\u0119d\u0105 mog\u0142y wzi\u0105\u0107 udzia\u0142 w zaj\u0119ciach w domach kultury: DK Kolorowa, DK Mi\u015b; Bibliotekach przy ul. Keniga, ul. Skoroszewskiej, ul. Plutonu Torpedy, ul. Czerwona Droga, \u015awietlicy \u201eStokrotce\u201d ul. Prawnicza i sali gimnastycznej przy Gimnazjum nr 131 oraz na dw\u00f3ch lodowiskach i filmach w kinie Ursus w OK Arsus,<br \/>\nZapraszamy do udzia\u0142u dzieci i m\u0142odzie\u017c. Ka\u017cde dziecko znajdzie co\u015b dla siebie i nie b\u0119dzie si\u0119 nudzi\u0107. Wszystkie zaj\u0119cia prowadzone w ramach programu s\u0105 bezp\u0142atne. Szczeg\u00f3\u0142y na: <a href=\"http:\/\/www.ursus.warszawa.pl\">www.ursus.warszawa.pl<\/a><\/p>\n<p style=\"text-align: center;\"><strong>Piast\u00f3w<\/strong><\/p>\n<p>Miejski O\u015brodek Kultury w Piastowie przy ul. Warszawskiej 24 organizuje \u201eFerie Zimowe 2017\u201d. Zaj\u0119cia b\u0119d\u0105 si\u0119 odbywa\u0107 codziennie od godz. 10,30 (20,21,23 luty) i 11 (pozosta\u0142e dni). W\u015br\u00f3d atrakcji m.in.: warsztaty lalkarskie, wokalne, lepienie z gliny, projekcje filmowe, poranna gimnastyka czy zaj\u0119cia z Zumby. Uwaga, na niekt\u00f3re zaj\u0119cia obowi\u0105zuj\u0105 zapisy. Szczeg\u00f3\u0142owe informacje na: <a href=\"http:\/\/www.mokpiastow.pl\">www.mokpiastow.pl<\/a><\/p>\n<p style=\"text-align: center;\"><strong>Pruszk\u00f3w<\/strong><\/p>\n<p>\u201eKamyk\u201d \u2013 Miejski O\u015brodek Kultury im. A. Kami\u0144skiego przy ul. Miry Zimi\u0144skiej \u2013 Sygiety\u0144skiej 5 w Pruszkowie zaprasza dzieci w wieku 6 \u2013 12 lat na artystyczne warsztaty. Zaj\u0119cia b\u0119d\u0105 si\u0119 odbywa\u0107 w okresie ferii (13-24 lutego), co drugi dzie\u0144 (poniedzia\u0142ki, \u015brody, pi\u0105tki).<\/p>\n<p>W programie: lekcje muzyczne, warsztaty: r\u0119kodzielnicze, teatralne. Wst\u0119p wolny, obowi\u0105zuj\u0105 zapisy od 10.01.2017 osobi\u015bcie w pok. 21 lub mailowo: <a href=\"mailto:instruktorzy@mok-kamyk.pl\">instruktorzy@mok-kamyk.pl<\/a>. W celu zapoznania si\u0119 ze szczeg\u00f3\u0142ami: <a href=\"http:\/\/www.mok-kamyk.pl\">www.mok-kamyk.pl<\/a><\/p>\n<p>Muzeum Staro\u017cytnego Hutnictwa Mazowieckiego im. Stefana Woydy plac Jana Paw\u0142a II 2 postanowi\u0142o r\u00f3wnie\u017c urz\u0105dzi\u0107 dwa dni dla dzieci, kt\u00f3re czas wolny sp\u0119dzaj\u0105 w domach. We wtorki, w godzinach 11:00-14:00, zorganizuje warsztaty z szycia (14 lutego) oraz lepienia z gliny (21 lutego). Wst\u0119p na warsztaty kosztuje 5 z\u0142. Podczas zaj\u0119\u0107 nie b\u0119dzie sprawowana opieki nad dzie\u0107mi dlatego organizatorzy prosz\u0105 aby towarzyszyli im opiekunowie. Zapraszamy do odwiedzin internetowej witryny muzeum: www.mshm.pl<\/p>\n<p>M\u0142odzie\u017cowy Dom Kultury mieszcz\u0105cy si\u0119 w Pa\u0142acyku Soko\u0142a przy ul. T. Ko\u015bciuszki 41 w okresie ferii przygotowa\u0142 otwarte zaj\u0119cia dla dzieci ze szk\u00f3\u0142 podstawowych. W programie: taniec, gry, Otwarta Pracownia Witra\u017cy, zaj\u0119cia: plastyczne i lingwistyczne (angielski) oraz Otwarta Pracownia Komputerowa. Szczeg\u00f3\u0142y: <a href=\"http:\/\/www.palacyk.pl.pl\">www.palacyk.pl.pl<\/a><\/p>\n<p style=\"text-align: center;\"><strong>Raszyn<\/strong><\/p>\n<p>Centrum Kultury Raszyn przy Alei Krakowskiej 29 A zaprasza na \u201eKulturalne ferie zimowe\u201d w dw\u00f3ch turnusach: 13-17 lutego i 20-24 lutego w godz. 9-15. Dodatkowo zaj\u0119cia opieku\u0144cze w godz. 8-9 i 15-16. Odp\u0142atno\u015b\u0107 za 1 turnus: 120 z\u0142 (w tym obiady).<\/p>\n<p>W ofercie: kino, basen, gry planszowe, taniec, origami, edukacyjne gry komputerowe, warsztaty muzyczno-wokalne, zaj\u0119cia plastyczno-literackie, zabawy sportowo-rekreacyjne, ognisko i inne atrakcje. Szczeg\u00f3\u0142owe informacje tel. (22) 720 06 53.<\/p>\n<p style=\"text-align: center;\"><strong>Nadarzyn<\/strong><\/p>\n<p>Nadarzy\u0144ski O\u015brodek Kultury przy ul. Pl. Poniatowskiego 42 zaprasza dzieci w wieku 7-11 lat na \u201eZimowe warsztaty artystyczne\u201d. W programie m.in.: wycieczki, zaj\u0119cia sportowe, warsztaty plastyczne, zabawy integracyjne, kino NOK.<\/p>\n<p>W opcji nr I: 8:00-16:00, w tym obiad trzy razy w tygodniu (pon. \u015br. pt.), koszt 160 z\u0142. Przy opcji nr II: 10:00-16:00, bez obiadu, koszt 120 z\u0142. Zapisy w sekretariacie NOK od 2 lutego 2017 r. wp\u0142ata przy zapisie w sekretariacie NOK w godz. 13:00-20:00 od pon.- czw. w pi\u0105tki 13:00-17:00. Przy wpisie wymagana jest legitymacja szkolna dziecka z wpisanym numerem PESEL.<\/p>\n<p style=\"text-align: center;\"><strong>Brwin\u00f3w<\/strong><\/p>\n<p>Na stronie internetowej gminy Brwin\u00f3w mo\u017cna zapozna\u0107 si\u0119 z ofertami feryjnymi o charakterze komercyjnym z najbli\u017cszych okolic. S\u0105 to: \u201eZimowe p\u00f3\u0142kolonie w LKS Wolta w \u017b\u00f3\u0142winie\u201d, \u201eArtystyczne ferie w Otr\u0119busach\u201d (organizator: \u015awietlica w Otr\u0119busach przy ul. Kr\u00f3tkiej 10), Zima z koszyk\u00f3wk\u0105 i Pucharem Polski (organizator: MKS Pruszk\u00f3w) i Ferie Zimowe na sportowo \u201ePod \u015awierkami\u201d w Brennej.<\/p>\n<p style=\"text-align: center;\"><strong>Grodzisk Mazowiecki<\/strong><\/p>\n<p>Biblioteka Publiczna przy ul. Sp\u00f3\u0142dzielczej 9 od 3 lutego pod nr. tel. 22\u00a0734-79-07 przyjmuje zapisy na zaj\u0119cia feryjne pt.: \u201eOpowie\u015bci przed snem\u201d. S\u0105 to bezp\u0142atne warsztaty skierowane do m\u0142odych czytelnik\u00f3w w wieku 8 \u2013 12 lat. Zaj\u0119cia potrwaj\u0105 od 13 do 16 lutego i obejmuj\u0105 prace z ksi\u0105\u017ck\u0105 oraz cz\u0119\u015b\u0107 plastyczn\u0105 i trwaj\u0105 ok. 90 min. Poniewa\u017c ilo\u015b\u0107 miejsc jest ograniczona obowi\u0105zuje kolejno\u015b\u0107 zg\u0142osze\u0144.<\/p>\n<p>Centrum Kultury od 17.01.2017 telefonicznie 22 734-79-00 lub osobi\u015bcie od godz. 8.00 w Impresariacie IIp. przyjmuje zapisy na bezp\u0142atne zaj\u0119cia dla dzieci zameldowanych na terenie Gminy Grodzisk Mazowiecki. Ze wzgl\u0119du na ogromne zainteresowanie nasz\u0105 propozycj\u0105 dziecko mo\u017cna zapisa\u0107 jedynie na jeden wybrany tydzie\u0144 zaj\u0119\u0107.<\/p>\n<p>Dzieci zostan\u0105 podzielone na trzy grupy wiekowe: 6-7 lat, 8-10 lat i 11-13 lat. Przygotowano dla nich bogaty program zaj\u0119\u0107: sportowych, tanecznych, plastycznych, animacyjnych, lalkarskich oraz zaj\u0119cia szermiercze. Szczeg\u00f3\u0142y: <a href=\"http:\/\/www.centrumkultury.eu\">www.centrumkultury.eu<\/a><\/p>\n<p style=\"text-align: center;\"><strong>Milan\u00f3wek<\/strong><\/p>\n<p>W ramach akcji \u201eZima w Mie\u015bcie\u201d Milanowskie Centrum Kultury organizuje dwa turnusy \u201eZimowiska\u201d dla dzieci w wieku szkolnym od 6 do 12 lat. W programie zaj\u0119cia plastyczno-artystyczne, warsztaty rysowania pi\u00f3rem 3D, teatrzyki, filmy animowane, gry i zabawy, zaj\u0119cia sportowe, lodowisko, aktywny czas zabawy na \u015bwie\u017cym powietrzu.<\/p>\n<p>Akcja b\u0119dzie przeprowadzona w Zespole Szk\u00f3\u0142 Gminnych nr 3, ul. \u017babie Oczko 1. I turnus \u2013 13-17 lutego 2017 r., godz. 7.30-16.30; II turnus \u2013 20-24 lutego 2017 r., godz. 7.30-16.30<\/p>\n<p>Jest mo\u017cliwo\u015b\u0107 skorzystania z wy\u017cywienia (obiad). Szczeg\u00f3\u0142owe informacje przy zapisie. Zapisy dzieci na zaj\u0119cia w ramach akcji \u201eZima w Mie\u015bcie\u201d w terminie od 1 lutego od godz. 8:15 w Milanowskim Centrum Kultury przy ul. Ko\u015bcielnej 3. Ze wzgl\u0119du na ograniczon\u0105 ilo\u015b\u0107 miejsc, przyjmowane s\u0105 wy\u0142\u0105cznie dzieci z Milan\u00f3wka tylko na jeden turnus.<\/p>\n<p>Inne atrakcje zimowe:<\/p>\n<ul>\n<li>zaj\u0119cia sportowe dla uczni\u00f3w w wieku gimnazjalnym \u2013 od poniedzia\u0142ku do pi\u0105tku w godz. 10.00-13.00, Hala Sportowa przy ZSG nr 3, ul. \u017babie Oczko 1.<\/li>\n<li>Lodowisko \u2013 w czasie ferii wst\u0119p bezp\u0142atny dla dzieci z milanowskich szk\u00f3\u0142 za okazaniem legitymacji szkolnej. Od 10.00 do 15.00 opieka instruktora na lodowisku.<\/li>\n<li>Zabawa karnawa\u0142owa na lodzie \u2013 11 lutego , lodowisko pryz ul. Sportowej \u2013 od godz. 15.00 a zako\u0144czymy \u201eBalem karnawa\u0142owym\u201d 25 lutego w godz. 16.00-18.00 w Sali Konferencyjnej UM. Bal organizujemy razem z Bibliotek\u0105 Miejsk\u0105.<\/li>\n<li>\u201eKurnik &#8211; wyl\u0119garnia kultury\u201d \u2013 pracownia warsztatowa przy ul. Piasta 14 \u2013 feryjna oferta warsztatowa dla dzieci i m\u0142odzie\u017cy, udzia\u0142 bezp\u0142atny<\/li>\n<\/ul>\n<p style=\"text-align: center;\"><strong>Podkowa Le\u015bna<\/strong><\/p>\n<p>Na tradycyjne ARTFERIE zaprasza Centrum Kultury i Inicjatyw Obywatelskich. Odb\u0119d\u0105 si\u0119 one w dniach 13 \u2013 24 lutego br. Informacja i zapisy: mail <a href=\"mailto:info@ckiopodkowa.pl\">info@ckiopodkowa.pl<\/a>; tel: 22 758 94 41.<\/p>\n<p>W pierwszym tygodniu \u201eSzklana pracownia\u201d \u2013 animator Lidia Kostrzy\u0144ska. Uczestnicy dowiedz\u0105 si\u0119 m.in. jak powstaje szk\u0142o, wykonaj\u0105 w\u0142asne projekty witra\u017cowe, b\u0119d\u0105 szlifowa\u0107 szk\u0142o, lutowa\u0107 i fugowa\u0107. Drugi tydzie\u0144 to \u201eMuzyka z patyka\u201d, kt\u00f3re wype\u0142ni\u0105 zabawy taneczne, rytmiczne, budowa wsp\u00f3lnego organizmu muzycznego, komponowanie w grupie utworu muzycznego.<\/p>\n<p>Poza warsztatami spacery zimowe po Podkowie, zabawy gimnastyczne i taneczne oraz gry integracyjne. Dzieci mieszkaj\u0105ce w Podkowie p\u0142ac\u0105 100 z\u0142, z poza Podkowy 125 z\u0142. Obiad: 50 z\u0142\/tydzie\u0144.<\/p>\n<p style=\"text-align: right;\">Zebra\u0142:<\/p>\n<p style=\"text-align: right;\"><strong> Marcin Gizi\u0144ski<\/strong><\/p>\n","protected":false},"excerpt":{"rendered":"<p>Zbli\u017caj\u0105 si\u0119 ferie zimowe. Wolny czas (13.02. \u2013 24.02.2017r.) dzieci i m\u0142odzie\u017c mog\u0105 sp\u0119dzi\u0107 na r\u00f3\u017cnych zaj\u0119ciach organizowanych i finansowanych przez samorz\u0105dy. Ursus Szko\u0142y podstawowe funkcjonuj\u0105 od poniedzia\u0142ku do pi\u0105tku w godz. 7:00 \u2013 17:00 lub w godzinach dostosowanych do potrzeb \u015brodowiskowych. Warunki uczestniczenia ucznia to: posiadanie legitymacji szkolnej z warszawskiej szko\u0142y lub sta\u0142e zamieszkanie [&hellip;]<\/p>\n","protected":false},"author":2,"featured_media":717,"comment_status":"closed","ping_status":"open","sticky":false,"template":"","format":"standard","meta":{"footnotes":""},"categories":[8],"tags":[],"class_list":["post-714","post","type-post","status-publish","format-standard","has-post-thumbnail","hentry","category-roznosci"],"_links":{"self":[{"href":"https:\/\/fleschmazowsza.com.pl\/index.php?rest_route=\/wp\/v2\/posts\/714","targetHints":{"allow":["GET"]}}],"collection":[{"href":"https:\/\/fleschmazowsza.com.pl\/index.php?rest_route=\/wp\/v2\/posts"}],"about":[{"href":"https:\/\/fleschmazowsza.com.pl\/index.php?rest_route=\/wp\/v2\/types\/post"}],"author":[{"embeddable":true,"href":"https:\/\/fleschmazowsza.com.pl\/index.php?rest_route=\/wp\/v2\/users\/2"}],"replies":[{"embeddable":true,"href":"https:\/\/fleschmazowsza.com.pl\/index.php?rest_route=%2Fwp%2Fv2%2Fcomments&post=714"}],"version-history":[{"count":1,"href":"https:\/\/fleschmazowsza.com.pl\/index.php?rest_route=\/wp\/v2\/posts\/714\/revisions"}],"predecessor-version":[{"id":716,"href":"https:\/\/fleschmazowsza.com.pl\/index.php?rest_route=\/wp\/v2\/posts\/714\/revisions\/716"}],"wp:featuredmedia":[{"embeddable":true,"href":"https:\/\/fleschmazowsza.com.pl\/index.php?rest_route=\/wp\/v2\/media\/717"}],"wp:attachment":[{"href":"https:\/\/fleschmazowsza.com.pl\/index.php?rest_route=%2Fwp%2Fv2%2Fmedia&parent=714"}],"wp:term":[{"taxonomy":"category","embeddable":true,"href":"https:\/\/fleschmazowsza.com.pl\/index.php?rest_route=%2Fwp%2Fv2%2Fcategories&post=714"},{"taxonomy":"post_tag","embeddable":true,"href":"https:\/\/fleschmazowsza.com.pl\/index.php?rest_route=%2Fwp%2Fv2%2Ftags&post=714"}],"curies":[{"name":"wp","href":"https:\/\/api.w.org\/{rel}","templated":true}]}}