{"id":686,"date":"2017-02-10T13:56:16","date_gmt":"2017-02-10T12:56:16","guid":{"rendered":"http:\/\/fleschmazowsza.com.pl\/?p=686"},"modified":"2017-02-10T13:56:16","modified_gmt":"2017-02-10T12:56:16","slug":"marta-kakietek-osoba-od-ktorej-dzieci-czerpia-inspiracje","status":"publish","type":"post","link":"https:\/\/fleschmazowsza.com.pl\/?p=686","title":{"rendered":"Marta Kakietek \u2013 osoba od kt\u00f3rej dzieci czerpi\u0105 inspiracj\u0119"},"content":{"rendered":"<p><strong>Dla swojej pasji, Marta Kakietek, porzuci\u0142a wykonywan\u0105 przez siebie prac\u0119. Dzi\u015b z dum\u0105 udowadnia innym, \u017ce ten wyb\u00f3r by\u0142 s\u0142uszny i aby spe\u0142nia\u0107 swoje marzenia wystarczy chcie\u0107.<\/strong><\/p>\n<p>Pani Marta zdoby\u0142a wykszta\u0142cenie administracyjne, jednak praca biurowa, kt\u00f3r\u0105 wykonywa\u0142a wcze\u015bniej nie by\u0142a spe\u0142nieniem jej marze\u0144. Sze\u015b\u0107 lat temu zdecydowa\u0142a si\u0119 wi\u0119c na porzucenie jej, aby doskonali\u0107 swoje umiej\u0119tno\u015bci r\u0119kodzielnicze.<\/p>\n<p>\u2013 Po kilku latach pracy w zawodzie stwierdzi\u0142am, \u017ce papierki i praca za biurkiem to jednak nie to, co sobie wymarzy\u0142am. Nie cieszy\u0142o mnie to, nie dawa\u0142o satysfakcji. Jednak, aby prowadzi\u0107 warsztaty, kt\u00f3re lubi\u0119 musia\u0142am si\u0119 \u201eprzebran\u017cowi\u0107\u201d. Uzyska\u0142am certyfikat animatora zabaw dla dzieci. Uko\u0144czy\u0142am te\u017c kursy pomagaj\u0105ce w pracy z dzie\u0107mi, m.in. bajkoterapii \u2013 podkre\u015bla Marta Kakietek.<\/p>\n<p>Pod\u0105\u017caj\u0105c \u015bladami rodzic\u00f3w<\/p>\n<p>Chcia\u0142a tworzy\u0107 i maj\u0105c w pami\u0119ci wzorce z dzieci\u0144stwa pragn\u0119\u0142a pod\u0105\u017ca\u0107 drog\u0105, kt\u00f3r\u0105 pokazali jej rodzice. Odk\u0105d tylko pami\u0119ta tworzyli sztuk\u0119 \u2013 witra\u017ce, rze\u017aby czy obrazy. Zainspirowana ich tw\u00f3rczo\u015bci\u0105 pani Marta chcia\u0142a w pewien spos\u00f3b kontynuowa\u0107 rodzinn\u0105 tradycj\u0119. Teraz, jak sama twierdzi, wykonywana przez ni\u0105 praca sprawia jej ogromn\u0105 rado\u015b\u0107.<\/p>\n<p>\u2013 Ka\u017cde kolejne warsztaty s\u0105 czym\u015b na co nie mog\u0119 si\u0119 doczeka\u0107 \u2013 m\u00f3wi pani Marta.<\/p>\n<p>Ambitna animatorka, bior\u0105ca udzia\u0142 w projekcie \u201eDziecko na warsztat\u201d, poprzez swoj\u0105 prac\u0119 stara si\u0119 uzmys\u0142owi\u0107 innym, \u017ce wiele pi\u0119knych rzeczy mo\u017cna wykonywa\u0107 tanio.<\/p>\n<p>Ponadto wielu u\u017cywanym rzeczom mo\u017cna da\u0107 drugie \u017cycie, je\u015bli tylko jeste\u015bmy kreatywni, a pani Marta z pewno\u015bci\u0105 nale\u017cy do grona os\u00f3b, kt\u00f3re posiadaj\u0105 estetyczny zmys\u0142 i potrafi\u0105 stworzy\u0107 \u201eco\u015b z niczego\u201d.<\/p>\n<p>\u2013 Nie zawsze to, co nieprzydatne trzeba wyrzuci\u0107 \u2013 wyja\u015bnia pani Marta. \u2013 Na przyk\u0142ad z nogawki spodni mo\u017cna stworzy\u0107 maskotk\u0119, a z pude\u0142ek, rolek mo\u017cna zrobi\u0107 interesuj\u0105ce bransoletki \u2013 dodaje.<\/p>\n<p>Wyobra\u017ania, kt\u00f3ra nie zna granic<\/p>\n<p>Podczas zaj\u0119\u0107 dzieci m.in. wyklejaj\u0105, tn\u0105 i maluj\u0105. Ka\u017cdy z nich czerpie inspiracj\u0119 z \u017cycia oraz obserwuj\u0105c otaczaj\u0105c\u0105 go rzeczywisto\u015b\u0107. Kreatywno\u015b\u0107 dzieci oraz pani Marty nie zna granic, dlatego podczas kolejnych zaj\u0119\u0107 pr\u00f3buj\u0105 tworzy\u0107 rzeczy coraz bardziej unikatowe. Dzi\u0119ki temu przekonuj\u0105 si\u0119, \u017ce przy odrobinie zdolno\u015bci wykona\u0107 mo\u017cna niemal wszystko.<\/p>\n<p>\u2013 Pytaj\u0105, czy co\u015b da si\u0119 wykona\u0107, a wtedy udowadniam im, \u017ce nie ma takiej rzeczy, kt\u00f3rej nie mo\u017cna by by\u0142o zrobi\u0107 \u2013 podkre\u015bla.<\/p>\n<p>Wykonuj\u0105c swoje prace pani Marta stara si\u0119 wykorzystywa\u0107 wiele technik.<\/p>\n<p>\u2013 Kwiatki kanzashi ze wst\u0105\u017cki, decoupage, plot\u0119 z papierowej wikliny, szyj\u0119, klej\u0119 \u2013 wszystko na miar\u0119 mo\u017cliwo\u015bci grupy wiekowej, z kt\u00f3r\u0105 prowadz\u0119 warsztaty \u2013 m\u00f3wi pani Marta. Warsztaty s\u0105 skierowane do r\u00f3\u017cnej grupy wiekowej.<\/p>\n<p>&#8211; W ramach projektu \u201eDziecko na warsztat\u201d prowadz\u0119 zaj\u0119cia w Miejskim Ogrodzie Jordanowskim w \u017byrardowie z grup\u0105 maluszk\u00f3w od 3 do 5 lat. W M\u0142odzie\u017cowym Domu Kultury w \u017byrardowie prowadz\u0119 zaj\u0119cia z cyklu \u201eCo\u015b z niczego\u201d \u2013 tam dzieciaki maj\u0105 od 7 do 15 lat. Warsztaty dla doros\u0142ych to g\u0142\u00f3wnie spotkania w gronie znajomych i wyplatanie czego\u015b przy kawie. Od pewnego czasu mo\u017cna te\u017c trafi\u0107 na moje warsztaty w Fundacji Kreatywna w \u017byrardowie \u2013 dodaje prowadz\u0105ca zaj\u0119cia.<\/p>\n<p>Z pewno\u015bci\u0105 warto zainteresowa\u0107 si\u0119 warsztatami, poniewa\u017c ucz\u0105 kreatywno\u015bci, a stworzone podczas zaj\u0119\u0107 rzeczy mo\u017cna zabra\u0107 do domu i korzysta\u0107 z nich na co dzie\u0144.<\/p>\n<p style=\"text-align: right;\"><strong>Daria G\u0142owacka<\/strong><\/p>\n<p style=\"text-align: right;\">Fot. <strong>Archiwum prywatne p. Marty Kakietek<\/strong><\/p>\n","protected":false},"excerpt":{"rendered":"<p>Dla swojej pasji, Marta Kakietek, porzuci\u0142a wykonywan\u0105 przez siebie prac\u0119. Dzi\u015b z dum\u0105 udowadnia innym, \u017ce ten wyb\u00f3r by\u0142 s\u0142uszny i aby spe\u0142nia\u0107 swoje marzenia wystarczy chcie\u0107. Pani Marta zdoby\u0142a wykszta\u0142cenie administracyjne, jednak praca biurowa, kt\u00f3r\u0105 wykonywa\u0142a wcze\u015bniej nie by\u0142a spe\u0142nieniem jej marze\u0144. Sze\u015b\u0107 lat temu zdecydowa\u0142a si\u0119 wi\u0119c na porzucenie jej, aby doskonali\u0107 swoje [&hellip;]<\/p>\n","protected":false},"author":2,"featured_media":687,"comment_status":"closed","ping_status":"open","sticky":false,"template":"","format":"standard","meta":{"footnotes":""},"categories":[6],"tags":[],"class_list":["post-686","post","type-post","status-publish","format-standard","has-post-thumbnail","hentry","category-kultura"],"_links":{"self":[{"href":"https:\/\/fleschmazowsza.com.pl\/index.php?rest_route=\/wp\/v2\/posts\/686","targetHints":{"allow":["GET"]}}],"collection":[{"href":"https:\/\/fleschmazowsza.com.pl\/index.php?rest_route=\/wp\/v2\/posts"}],"about":[{"href":"https:\/\/fleschmazowsza.com.pl\/index.php?rest_route=\/wp\/v2\/types\/post"}],"author":[{"embeddable":true,"href":"https:\/\/fleschmazowsza.com.pl\/index.php?rest_route=\/wp\/v2\/users\/2"}],"replies":[{"embeddable":true,"href":"https:\/\/fleschmazowsza.com.pl\/index.php?rest_route=%2Fwp%2Fv2%2Fcomments&post=686"}],"version-history":[{"count":1,"href":"https:\/\/fleschmazowsza.com.pl\/index.php?rest_route=\/wp\/v2\/posts\/686\/revisions"}],"predecessor-version":[{"id":688,"href":"https:\/\/fleschmazowsza.com.pl\/index.php?rest_route=\/wp\/v2\/posts\/686\/revisions\/688"}],"wp:featuredmedia":[{"embeddable":true,"href":"https:\/\/fleschmazowsza.com.pl\/index.php?rest_route=\/wp\/v2\/media\/687"}],"wp:attachment":[{"href":"https:\/\/fleschmazowsza.com.pl\/index.php?rest_route=%2Fwp%2Fv2%2Fmedia&parent=686"}],"wp:term":[{"taxonomy":"category","embeddable":true,"href":"https:\/\/fleschmazowsza.com.pl\/index.php?rest_route=%2Fwp%2Fv2%2Fcategories&post=686"},{"taxonomy":"post_tag","embeddable":true,"href":"https:\/\/fleschmazowsza.com.pl\/index.php?rest_route=%2Fwp%2Fv2%2Ftags&post=686"}],"curies":[{"name":"wp","href":"https:\/\/api.w.org\/{rel}","templated":true}]}}