{"id":683,"date":"2017-02-10T13:50:45","date_gmt":"2017-02-10T12:50:45","guid":{"rendered":"http:\/\/fleschmazowsza.com.pl\/?p=683"},"modified":"2017-02-10T13:50:45","modified_gmt":"2017-02-10T12:50:45","slug":"podkowa-lesna-cieply-posilek-dla-kazdego","status":"publish","type":"post","link":"https:\/\/fleschmazowsza.com.pl\/?p=683","title":{"rendered":"PODKOWA LE\u015aNA. Ciep\u0142y posi\u0142ek dla ka\u017cdego"},"content":{"rendered":"<p><strong>Z regu\u0142y w sto\u0142\u00f3wkach szkolnych obiady mog\u0105 spo\u017cywa\u0107 jedynie dzieci. Jednak okazuje si\u0119, \u017ce nie wsz\u0119dzie &#8211; w szkole w Podkowie Le\u015bnej posi\u0142ek mo\u017ce zje\u015b\u0107 ka\u017cdy.<\/strong><\/p>\n<p>Od pocz\u0105tku roku posi\u0142ki w szkole w Podkowie Le\u015bnej mo\u017ce spo\u017cywa\u0107 nie tylko ucze\u0144, ale ka\u017cdy kto tutaj przyjdzie.<\/p>\n<p>Posi\u0142ki przygotowuje firma zewn\u0119trzna. Na stronie internetowej szko\u0142y mo\u017cna znale\u017a\u0107 menu, za\u015b sto\u0142\u00f3wka dzia\u0142a w dni powszednie, od poniedzia\u0142ku do pi\u0105tku.<\/p>\n<p>\u2013 Podj\u0119cie decyzji o zmianie formy prowadzenia sto\u0142\u00f3wki by\u0142o jak najbardziej zasadne i z korzy\u015bci\u0105 nie tylko dla uczni\u00f3w. Osi\u0105gn\u0119li\u015bmy oszcz\u0119dno\u015bci bud\u017cetowe, ale przede wszystkim mamy wp\u0142yw na kierowanie polityki prospo\u0142ecznej \u2013 podkre\u015bla\u0142 na swoim blogu Artur Tusi\u0144ski, burmistrz Podkowy.<\/p>\n<p>Ceny posi\u0142k\u00f3w r\u00f3wnie\u017c nie s\u0105 wyg\u00f3rowane. Koszt pe\u0142nego obiadu dla dziecka wynosi 7 z\u0142, a dla osoby doros\u0142ej 9 z\u0142.<\/p>\n<p style=\"text-align: right;\"><strong>Daria G\u0142owacka<\/strong><\/p>\n","protected":false},"excerpt":{"rendered":"<p>Z regu\u0142y w sto\u0142\u00f3wkach szkolnych obiady mog\u0105 spo\u017cywa\u0107 jedynie dzieci. Jednak okazuje si\u0119, \u017ce nie wsz\u0119dzie &#8211; w szkole w Podkowie Le\u015bnej posi\u0142ek mo\u017ce zje\u015b\u0107 ka\u017cdy. Od pocz\u0105tku roku posi\u0142ki w szkole w Podkowie Le\u015bnej mo\u017ce spo\u017cywa\u0107 nie tylko ucze\u0144, ale ka\u017cdy kto tutaj przyjdzie. Posi\u0142ki przygotowuje firma zewn\u0119trzna. Na stronie internetowej szko\u0142y mo\u017cna znale\u017a\u0107 [&hellip;]<\/p>\n","protected":false},"author":2,"featured_media":684,"comment_status":"closed","ping_status":"open","sticky":false,"template":"","format":"standard","meta":{"footnotes":""},"categories":[5],"tags":[],"class_list":["post-683","post","type-post","status-publish","format-standard","has-post-thumbnail","hentry","category-wiadomosci"],"_links":{"self":[{"href":"https:\/\/fleschmazowsza.com.pl\/index.php?rest_route=\/wp\/v2\/posts\/683","targetHints":{"allow":["GET"]}}],"collection":[{"href":"https:\/\/fleschmazowsza.com.pl\/index.php?rest_route=\/wp\/v2\/posts"}],"about":[{"href":"https:\/\/fleschmazowsza.com.pl\/index.php?rest_route=\/wp\/v2\/types\/post"}],"author":[{"embeddable":true,"href":"https:\/\/fleschmazowsza.com.pl\/index.php?rest_route=\/wp\/v2\/users\/2"}],"replies":[{"embeddable":true,"href":"https:\/\/fleschmazowsza.com.pl\/index.php?rest_route=%2Fwp%2Fv2%2Fcomments&post=683"}],"version-history":[{"count":1,"href":"https:\/\/fleschmazowsza.com.pl\/index.php?rest_route=\/wp\/v2\/posts\/683\/revisions"}],"predecessor-version":[{"id":685,"href":"https:\/\/fleschmazowsza.com.pl\/index.php?rest_route=\/wp\/v2\/posts\/683\/revisions\/685"}],"wp:featuredmedia":[{"embeddable":true,"href":"https:\/\/fleschmazowsza.com.pl\/index.php?rest_route=\/wp\/v2\/media\/684"}],"wp:attachment":[{"href":"https:\/\/fleschmazowsza.com.pl\/index.php?rest_route=%2Fwp%2Fv2%2Fmedia&parent=683"}],"wp:term":[{"taxonomy":"category","embeddable":true,"href":"https:\/\/fleschmazowsza.com.pl\/index.php?rest_route=%2Fwp%2Fv2%2Fcategories&post=683"},{"taxonomy":"post_tag","embeddable":true,"href":"https:\/\/fleschmazowsza.com.pl\/index.php?rest_route=%2Fwp%2Fv2%2Ftags&post=683"}],"curies":[{"name":"wp","href":"https:\/\/api.w.org\/{rel}","templated":true}]}}