{"id":667,"date":"2017-02-10T09:36:35","date_gmt":"2017-02-10T08:36:35","guid":{"rendered":"http:\/\/fleschmazowsza.com.pl\/?p=667"},"modified":"2017-02-10T09:36:35","modified_gmt":"2017-02-10T08:36:35","slug":"wystawa-solidarnosc-i-wsparcie-w-brwinowie","status":"publish","type":"post","link":"https:\/\/fleschmazowsza.com.pl\/?p=667","title":{"rendered":"Wystawa \u201eSolidarno\u015b\u0107 i wsparcie\u201d w Brwinowie"},"content":{"rendered":"<p><strong>W dniach 12-26 lutego w dworku \u201eZagroda\u201d w Brwinowie przy ul. Grodziskiej 57 prezentowana b\u0119dzie wystawa Muzeum Dulag 121 \u201eSolidarno\u015b\u0107 i wsparcie\u201d. Zapraszamy serdecznie na uroczyste otwarcie wystawy w dniu 12 lutego (niedziela), o godz. 16:00.<\/strong><\/p>\n<p>Wystaw\u0105 \u201eSolidarno\u015b\u0107 i wsparcie\u201d Muzeum Dulag 121 pragnie przywr\u00f3ci\u0107 pami\u0119\u0107 o ludziach, kt\u00f3rzy ofiarowali pomoc i wsparcie dla ludno\u015bci Warszawy, wyp\u0119dzonej przez Niemc\u00f3w ze stolicy w czasie Powstania Warszawskiego i po jego zako\u0144czeniu. Wystawa w zesz\u0142ym roku prezentowana by\u0142a w Sejmie RP, a tak\u017ce w Domu Spotka\u0144 z Histori\u0105 w Warszawie. Teraz zago\u015bci w Brwinowie, w dworku \u201eZagroda\u201d (ul. Grodziska 57), gdzie mo\u017cna j\u0105 b\u0119dzie zwiedza\u0107 do 26 lutego; od poniedzia\u0142ku do czwartku w godz. 11-15, a w niedziele w godzinach 15-17.<\/p>\n<p><strong>12 lutego odb\u0119dzie si\u0119 uroczyste otwarcie wystawy w Brwinowie. Podczas wernisa\u017cu wyst\u0105pi Andrzej Wi\u015bniewski \u2013 tenor Zespo\u0142u Artystycznego Wojska Polskiego, kt\u00f3ry za\u015bpiewa piosenki powsta\u0144cze przy akompaniamencie Joanny Koz\u0142owskiej. Wprowadzenie historyczne wyg\u0142osi dyrektor Muzeum Dulag 121 Ma\u0142gorzata Bojanowska.<\/strong><\/p>\n<p>Wystawa \u201eSolidarno\u015b\u0107 i wsparcie\u201d po\u015bwi\u0119cona jest akcji pomocowej dla ludno\u015bci Warszawy wyp\u0119dzonej ze stolicy w czasie Powstania Warszawskiego i po jego zako\u0144czeniu. Od sierpnia 1944 r. do po\u0142owy 1945 r. wsparcie organizowano wsz\u0119dzie tam, gdzie trafiali wygnani warszawiacy, w tym w obozie przej\u015bciowym w Pruszkowie (a od pa\u017adziernika 1944 roku tak\u017ce w obozach w Piastowie i Ursusie), a tak\u017ce w miasteczkach i wsiach po\u0142udniowo-zachodniego rejonu podwarszawskiego m.in.: w Pruszkowie, Piastowie, Komorowie, Milan\u00f3wku, Podkowie Le\u015bnej i Brwinowie.<\/p>\n<p>Warto wspomnie\u0107, \u017ce wystawie towarzyszy projekt edukacyjny &#8211; w okresie ferii zimowych (od 13 lutego) dzieci i m\u0142odzie\u017c, kt\u00f3re odwiedz\u0105 wystaw\u0119 w dworku \u201eZagroda\u201d w Brwinowie, b\u0119d\u0105 mog\u0142y wzi\u0105\u0107 udzia\u0142 w zadaniach i grach historycznych z nagrodami. Serdecznie zapraszamy.<\/p>\n","protected":false},"excerpt":{"rendered":"<p>W dniach 12-26 lutego w dworku \u201eZagroda\u201d w Brwinowie przy ul. Grodziskiej 57 prezentowana b\u0119dzie wystawa Muzeum Dulag 121 \u201eSolidarno\u015b\u0107 i wsparcie\u201d. Zapraszamy serdecznie na uroczyste otwarcie wystawy w dniu 12 lutego (niedziela), o godz. 16:00. Wystaw\u0105 \u201eSolidarno\u015b\u0107 i wsparcie\u201d Muzeum Dulag 121 pragnie przywr\u00f3ci\u0107 pami\u0119\u0107 o ludziach, kt\u00f3rzy ofiarowali pomoc i wsparcie dla ludno\u015bci [&hellip;]<\/p>\n","protected":false},"author":2,"featured_media":668,"comment_status":"closed","ping_status":"open","sticky":false,"template":"","format":"standard","meta":{"footnotes":""},"categories":[9,6],"tags":[],"class_list":["post-667","post","type-post","status-publish","format-standard","has-post-thumbnail","hentry","category-edukacja","category-kultura"],"_links":{"self":[{"href":"https:\/\/fleschmazowsza.com.pl\/index.php?rest_route=\/wp\/v2\/posts\/667","targetHints":{"allow":["GET"]}}],"collection":[{"href":"https:\/\/fleschmazowsza.com.pl\/index.php?rest_route=\/wp\/v2\/posts"}],"about":[{"href":"https:\/\/fleschmazowsza.com.pl\/index.php?rest_route=\/wp\/v2\/types\/post"}],"author":[{"embeddable":true,"href":"https:\/\/fleschmazowsza.com.pl\/index.php?rest_route=\/wp\/v2\/users\/2"}],"replies":[{"embeddable":true,"href":"https:\/\/fleschmazowsza.com.pl\/index.php?rest_route=%2Fwp%2Fv2%2Fcomments&post=667"}],"version-history":[{"count":1,"href":"https:\/\/fleschmazowsza.com.pl\/index.php?rest_route=\/wp\/v2\/posts\/667\/revisions"}],"predecessor-version":[{"id":669,"href":"https:\/\/fleschmazowsza.com.pl\/index.php?rest_route=\/wp\/v2\/posts\/667\/revisions\/669"}],"wp:featuredmedia":[{"embeddable":true,"href":"https:\/\/fleschmazowsza.com.pl\/index.php?rest_route=\/wp\/v2\/media\/668"}],"wp:attachment":[{"href":"https:\/\/fleschmazowsza.com.pl\/index.php?rest_route=%2Fwp%2Fv2%2Fmedia&parent=667"}],"wp:term":[{"taxonomy":"category","embeddable":true,"href":"https:\/\/fleschmazowsza.com.pl\/index.php?rest_route=%2Fwp%2Fv2%2Fcategories&post=667"},{"taxonomy":"post_tag","embeddable":true,"href":"https:\/\/fleschmazowsza.com.pl\/index.php?rest_route=%2Fwp%2Fv2%2Ftags&post=667"}],"curies":[{"name":"wp","href":"https:\/\/api.w.org\/{rel}","templated":true}]}}