{"id":662,"date":"2017-02-10T09:12:58","date_gmt":"2017-02-10T08:12:58","guid":{"rendered":"http:\/\/fleschmazowsza.com.pl\/?p=662"},"modified":"2017-02-10T09:12:58","modified_gmt":"2017-02-10T08:12:58","slug":"wypedzeni-1944-przymusowe-wysiedlenia-podczas-ii-wojny-swiatowej","status":"publish","type":"post","link":"https:\/\/fleschmazowsza.com.pl\/?p=662","title":{"rendered":"Wyp\u0119dzeni 1944. Przymusowe wysiedlenia podczas II wojny \u015bwiatowej"},"content":{"rendered":"<p><strong>Muzeum Dulag 121 zaprasza na kolejne spotkanie z cyklu Karty Historii. Tym razem go\u015bciem Muzeum Dulag 121 b\u0119dzie Dariusz Paw\u0142o\u015b z Fundacji \u201ePolsko-Niemieckie Pojednanie\u201d, kt\u00f3ry opowie o przymusowych wysiedleniach podczas II wojny \u015bwiatowej. Na spotkanie zapraszamy 11 lutego 2017, (w sobot\u0119) o godz. 15:00 do siedziby Muzeum (ul. 3 Maja 8A, Pruszk\u00f3w).<\/strong><\/p>\n<p>Przymusowe wysiedlenia Polak\u00f3w, m.in.: z teren\u00f3w Wielkopolski, Pomorza, \u017bywiecczyzny, a tak\u017ce Zamojszczyzny, dokonane przez Niemc\u00f3w podczas II wojny \u015bwiatowej pozostaj\u0105 ma\u0142o znanym tematem historii XX wieku. Przypomnie\u0107 nale\u017cy r\u00f3wnie\u017c wyp\u0119dzenie mieszka\u0144c\u00f3w stolicy w czasie Powstania Warszawskiego oraz po jego zako\u0144czeniu &#8211; w\u00f3wczas tysi\u0105ce warszawiak\u00f3w trafi\u0142o do obozu przej\u015bciowego Dulag 121 w Pruszkowie, sk\u0105d dalej rozsy\u0142ano wi\u0119\u017ani\u00f3w do niemieckich oboz\u00f3w koncentracyjnych lub na roboty przymusowe do III Rzeszy albo wywo\u017cono na tereny wiejskie Generalnego Gubernatorstwa.<\/p>\n<p>Podczas spotkania w Muzeum Dulag 121 o do\u015bwiadczeniach tysi\u0119cy Polak\u00f3w z perspektywy 26-letniej dzia\u0142alno\u015bci Fundacji \u201ePolsko-Niemieckie Pojednanie&#8221; opowie przewodnicz\u0105cy zarz\u0105du fundacji &#8211; Dariusz Paw\u0142o\u015b.<\/p>\n<p><strong>Dariusz Paw\u0142o\u015b <\/strong>&#8211; przewodniczy zarz\u0105du Fundacji \u201ePolsko-Niemieckie Pojednanie\u201d (FPNP), z kt\u00f3r\u0105 jest zwi\u0105zany od 1995 roku. Germanista i absolwent UMCS w Lublinie. W latach 1998-2000 bra\u0142 udzia\u0142 w mi\u0119dzynarodowych rokowaniach z przedstawicielami Rz\u0105du Niemiec i Austrii w sprawie wyp\u0142at \u015bwiadcze\u0144 odszkodowawczych za prac\u0119 niewolnicz\u0105 i przymusow\u0105 na rzecz niemieckiej III Rzeszy. W 2007 r. kierowa\u0142 Biurem Przedstawiciela Ministra Spraw Zagranicznych ds. Wsp\u00f3\u0142pracy Polsko-Niemieckiej w polskim MSZ. W latach 2008-2016 przedstawiciel Rz\u0105du RP w Kuratorium Fundacji Federalnej \u201ePami\u0119\u0107, Odpowiedzialno\u015b\u0107 i Przysz\u0142o\u015b\u0107\u201d.<\/p>\n<p><strong>Wst\u0119p wolny. Serdecznie zapraszamy na spotkanie.<\/strong><\/p>\n","protected":false},"excerpt":{"rendered":"<p>Muzeum Dulag 121 zaprasza na kolejne spotkanie z cyklu Karty Historii. Tym razem go\u015bciem Muzeum Dulag 121 b\u0119dzie Dariusz Paw\u0142o\u015b z Fundacji \u201ePolsko-Niemieckie Pojednanie\u201d, kt\u00f3ry opowie o przymusowych wysiedleniach podczas II wojny \u015bwiatowej. Na spotkanie zapraszamy 11 lutego 2017, (w sobot\u0119) o godz. 15:00 do siedziby Muzeum (ul. 3 Maja 8A, Pruszk\u00f3w). Przymusowe wysiedlenia Polak\u00f3w, [&hellip;]<\/p>\n","protected":false},"author":2,"featured_media":663,"comment_status":"closed","ping_status":"open","sticky":false,"template":"","format":"standard","meta":{"footnotes":""},"categories":[6],"tags":[],"class_list":["post-662","post","type-post","status-publish","format-standard","has-post-thumbnail","hentry","category-kultura"],"_links":{"self":[{"href":"https:\/\/fleschmazowsza.com.pl\/index.php?rest_route=\/wp\/v2\/posts\/662","targetHints":{"allow":["GET"]}}],"collection":[{"href":"https:\/\/fleschmazowsza.com.pl\/index.php?rest_route=\/wp\/v2\/posts"}],"about":[{"href":"https:\/\/fleschmazowsza.com.pl\/index.php?rest_route=\/wp\/v2\/types\/post"}],"author":[{"embeddable":true,"href":"https:\/\/fleschmazowsza.com.pl\/index.php?rest_route=\/wp\/v2\/users\/2"}],"replies":[{"embeddable":true,"href":"https:\/\/fleschmazowsza.com.pl\/index.php?rest_route=%2Fwp%2Fv2%2Fcomments&post=662"}],"version-history":[{"count":3,"href":"https:\/\/fleschmazowsza.com.pl\/index.php?rest_route=\/wp\/v2\/posts\/662\/revisions"}],"predecessor-version":[{"id":666,"href":"https:\/\/fleschmazowsza.com.pl\/index.php?rest_route=\/wp\/v2\/posts\/662\/revisions\/666"}],"wp:featuredmedia":[{"embeddable":true,"href":"https:\/\/fleschmazowsza.com.pl\/index.php?rest_route=\/wp\/v2\/media\/663"}],"wp:attachment":[{"href":"https:\/\/fleschmazowsza.com.pl\/index.php?rest_route=%2Fwp%2Fv2%2Fmedia&parent=662"}],"wp:term":[{"taxonomy":"category","embeddable":true,"href":"https:\/\/fleschmazowsza.com.pl\/index.php?rest_route=%2Fwp%2Fv2%2Fcategories&post=662"},{"taxonomy":"post_tag","embeddable":true,"href":"https:\/\/fleschmazowsza.com.pl\/index.php?rest_route=%2Fwp%2Fv2%2Ftags&post=662"}],"curies":[{"name":"wp","href":"https:\/\/api.w.org\/{rel}","templated":true}]}}