{"id":649,"date":"2017-02-06T10:42:48","date_gmt":"2017-02-06T09:42:48","guid":{"rendered":"http:\/\/fleschmazowsza.com.pl\/?p=649"},"modified":"2017-02-06T10:42:48","modified_gmt":"2017-02-06T09:42:48","slug":"oswiadczenie-bezpartyjnych-samorzadowcow-m-st-warszawy-ws-poselskiego-projektu-zmiany-ustroju-m-st-warszawy","status":"publish","type":"post","link":"https:\/\/fleschmazowsza.com.pl\/?p=649","title":{"rendered":"O\u015aWIADCZENIE BEZPARTYJNYCH SAMORZ\u0104DOWC\u00d3W M.ST. WARSZAWY WS. POSELSKIEGO PROJEKTU ZMIANY USTROJU M.ST. WARSZAWY"},"content":{"rendered":"<ol>\n<li>Ustr\u00f3j m.st. Warszawy wymaga reformy. Dotychczasowa struktura, oparta na bardzo silnej w\u0142adzy Prezydenta m.st. Warszawy oraz Rady m.st. Warszawy oraz znacznym ubezw\u0142asnowolnieniu Dzielnic m.st. Warszawy, wykazuje wiele negatywnych cech znacznego centralizmu. Niejasne i nietrwa\u0142e rozdzielenie kompetencji powoduje cz\u0119sto dublowanie pracy urz\u0119d\u00f3w i jednostek, jak r\u00f3wnie\u017c sprzyja nadu\u017cyciom i patologiom przy jednoczesnym znacznym ograniczeniu transparentno\u015bci. Sztandarowe has\u0142o polskiego samorz\u0105du \u2013 zasada pomocniczo\u015bci, pozostaje w zasadzie pustym sloganem. Co r\u00f3wnie\u017c istotne, dotychczasowy ustr\u00f3j Warszawy nie uwzgl\u0119dnia metropolitalnej roli stolicy i utrudnia podejmowanie wsp\u00f3\u0142pracy z s\u0105siednimi gminami, wykazuj\u0105cymi podobne potrzeby i problemy co peryferyjne Dzielnice m.st. Warszawy.<\/li>\n<\/ol>\n<ol start=\"2\">\n<li>Jednak\u017ce, jakkolwiek przyznajemy potrzeb\u0119 dokonania powa\u017cnych reform ustrojowych miasta, z powa\u017cnymi obawami przyj\u0119li\u015bmy propozycje zawarte w poselskim projekcie Prawa i Sprawiedliwo\u015bci dotycz\u0105cym zmiany ustroju m.st. Warszawy. Nasze najwi\u0119ksze zastrze\u017cenia budz\u0105 nast\u0119puj\u0105ce zapisy (z kt\u00f3rych niekt\u00f3re mog\u0105 narusza\u0107 podstawowe zasady uj\u0119te w Konstytucji RP):<\/li>\n<\/ol>\n<ul>\n<li>Charakter projektu &#8211; projekt poselski nie b\u0119dzie procedowany w standardowym trybie, co znacz\u0105co ogranicza mo\u017cliwo\u015b\u0107 jego konsultacji i mo\u017cliwo\u015bci zabrania g\u0142osu przez przedstawicieli mieszka\u0144c\u00f3w Warszawy.<\/li>\n<li>Projekt cementuje upo\u015bledzon\u0105 rol\u0119 Dzielnic m.st. Warszawy (bud\u017cet uchwalany przez organy wy\u017cszej instancji, mo\u017cliwo\u015b\u0107 niemal\u017ce dowolnego ograniczania kompetencji przedstawicieli mieszka\u0144c\u00f3w), co bezpo\u015brednio prze\u0142o\u017cy si\u0119 na zmniejszony wp\u0142yw mieszka\u0144c\u00f3w Warszawy na ich najbli\u017csze otoczenie. Uwa\u017camy, \u017ce propozycje zmian nie uwzgl\u0119dniaj\u0105 lokalnych to\u017csamo\u015bci, przyczyniaj\u0105 si\u0119 natomiast do powstania tworu sztucznego i niefunkcjonalnego.<\/li>\n<li>Brak proporcjonalno\u015bci w wyborach radnych do powiatu warszawskiego, co sprawia, \u017ce g\u0142osy mieszka\u0144c\u00f3w du\u017cych dzielnic warszawskich znacz\u0105 niepor\u00f3wnywalnie mniej ni\u017c ma\u0142ych gmin podwarszawskich. Przeczy to konstytucyjnie zagwarantowanej zasadzie r\u00f3wno\u015bci i proporcjonalno\u015bci wybor\u00f3w do organ\u00f3w stanowi\u0105cych jednostek samorz\u0105du (art. 169 ust. 2 Konstytucji RP).<\/li>\n<li>Projekt ustawy zmienia granice m. st. Warszawy i w zwi\u0105zku z tym wymaga przeprowadzenia referendum w\u015br\u00f3d mieszka\u0144c\u00f3w Warszawy (art. 5 Europejskiej Karty Samorz\u0105du Terytorialnego).<\/li>\n<li>Fakt posiadania przez warszawskie dzielnice zaledwie 18 radnych na 50 sprawi, \u017ce warszawiacy przestan\u0105 by\u0107 gospodarzem w swoim w\u0142asnym mie\u015bcie, poniewa\u017c ich reprezentanci b\u0119d\u0105 mogli z \u0142atwo\u015bci\u0105 by\u0107 przeg\u0142osowywani przez radnych z podwarszawskich gmin. Jednocze\u015bnie, propozycja wprowadzenia zasady g\u0142osowania podw\u00f3jn\u0105 wi\u0119kszo\u015bci\u0105 przyczyni si\u0119 do parali\u017cu Rady m.st. Warszawy, poniewa\u017c wiele g\u0142osowa\u0144 pozostanie nierozstrzygni\u0119tych.<\/li>\n<li>Przedstawiony projekt poselski zmniejsza szanse w wyborach niezale\u017cnych, bezpartyjnych ugrupowa\u0144, a tym samym przyczynia si\u0119 do dalszego upartyjnienia samorz\u0105du.<\/li>\n<\/ul>\n<ol start=\"3\">\n<li>Uwa\u017camy, \u017ce tak wa\u017cna kwestia jak ustr\u00f3j m.st. Warszawy powinna by\u0107 poddana szerokim konsultacjom spo\u0142ecznym. Jako bezpartyjni reprezentanci Mieszka\u0144c\u00f3w Warszawy wyra\u017camy ch\u0119\u0107, a nawet czujemy si\u0119 w obowi\u0105zku, uczestniczenia w takich konsultacjach.<\/li>\n<\/ol>\n<ol start=\"4\">\n<li>Ju\u017c wkr\u00f3tce przedstawimy swoje propozycje takich zmian ustroju m.st. Warszawy, kt\u00f3re z jednej strony przybli\u017c\u0105 samorz\u0105d Mieszka\u0144com, a z drugiej przyczyni\u0105 si\u0119 do jego wi\u0119kszej przejrzysto\u015bci i funkcjonalno\u015bci.<\/li>\n<\/ol>\n","protected":false},"excerpt":{"rendered":"<p>Ustr\u00f3j m.st. Warszawy wymaga reformy. Dotychczasowa struktura, oparta na bardzo silnej w\u0142adzy Prezydenta m.st. Warszawy oraz Rady m.st. Warszawy oraz znacznym ubezw\u0142asnowolnieniu Dzielnic m.st. Warszawy, wykazuje wiele negatywnych cech znacznego centralizmu. Niejasne i nietrwa\u0142e rozdzielenie kompetencji powoduje cz\u0119sto dublowanie pracy urz\u0119d\u00f3w i jednostek, jak r\u00f3wnie\u017c sprzyja nadu\u017cyciom i patologiom przy jednoczesnym znacznym ograniczeniu transparentno\u015bci. Sztandarowe [&hellip;]<\/p>\n","protected":false},"author":2,"featured_media":651,"comment_status":"closed","ping_status":"open","sticky":false,"template":"","format":"standard","meta":{"footnotes":""},"categories":[5],"tags":[],"class_list":["post-649","post","type-post","status-publish","format-standard","has-post-thumbnail","hentry","category-wiadomosci"],"_links":{"self":[{"href":"https:\/\/fleschmazowsza.com.pl\/index.php?rest_route=\/wp\/v2\/posts\/649","targetHints":{"allow":["GET"]}}],"collection":[{"href":"https:\/\/fleschmazowsza.com.pl\/index.php?rest_route=\/wp\/v2\/posts"}],"about":[{"href":"https:\/\/fleschmazowsza.com.pl\/index.php?rest_route=\/wp\/v2\/types\/post"}],"author":[{"embeddable":true,"href":"https:\/\/fleschmazowsza.com.pl\/index.php?rest_route=\/wp\/v2\/users\/2"}],"replies":[{"embeddable":true,"href":"https:\/\/fleschmazowsza.com.pl\/index.php?rest_route=%2Fwp%2Fv2%2Fcomments&post=649"}],"version-history":[{"count":1,"href":"https:\/\/fleschmazowsza.com.pl\/index.php?rest_route=\/wp\/v2\/posts\/649\/revisions"}],"predecessor-version":[{"id":652,"href":"https:\/\/fleschmazowsza.com.pl\/index.php?rest_route=\/wp\/v2\/posts\/649\/revisions\/652"}],"wp:featuredmedia":[{"embeddable":true,"href":"https:\/\/fleschmazowsza.com.pl\/index.php?rest_route=\/wp\/v2\/media\/651"}],"wp:attachment":[{"href":"https:\/\/fleschmazowsza.com.pl\/index.php?rest_route=%2Fwp%2Fv2%2Fmedia&parent=649"}],"wp:term":[{"taxonomy":"category","embeddable":true,"href":"https:\/\/fleschmazowsza.com.pl\/index.php?rest_route=%2Fwp%2Fv2%2Fcategories&post=649"},{"taxonomy":"post_tag","embeddable":true,"href":"https:\/\/fleschmazowsza.com.pl\/index.php?rest_route=%2Fwp%2Fv2%2Ftags&post=649"}],"curies":[{"name":"wp","href":"https:\/\/api.w.org\/{rel}","templated":true}]}}