{"id":59,"date":"2016-10-18T08:53:20","date_gmt":"2016-10-18T07:53:20","guid":{"rendered":"http:\/\/prom.home.pl\/autoinstalator\/wordpress3\/?p=59"},"modified":"2016-10-18T09:09:17","modified_gmt":"2016-10-18T08:09:17","slug":"pamieci-zolnierzy-wykletych","status":"publish","type":"post","link":"https:\/\/fleschmazowsza.com.pl\/?p=59","title":{"rendered":"Pami\u0119ci \u017co\u0142nierzy wykl\u0119tych"},"content":{"rendered":"<p>Nad wyraz godn\u0105 opraw\u0119 mia\u0142o nadanie imienia \u017bo\u0142nierzy Zrzeszenia Wolno\u015b\u0107 i Niezawis\u0142o\u015b\u0107 Gimnazjum nr 1 w Brwinowie.<\/p>\n<p>W\u015br\u00f3d go\u015bci, kt\u00f3rzy pojawili si\u0119 na uroczysto\u015bci byli m.in. senator Barbara Borys \u2013 Dami\u0119cka, pos\u0142owie Jadwiga Zakrzewska, Jan Szyszko, minister Jacek Micha\u0142owski, szef Kancelarii Prezydenta RP, minister Jan Stanis\u0142aw Ciechanowski \u2013 kierownik Urz\u0119du ds. Kombatant\u00f3w, przybyli tak\u017ce kombatanci, a w\u015br\u00f3d nich mjr Waldemar Kruszy\u0144ski, prezes Zrzeszenia WiN w Warszawie, c\u00f3rki gen. Antoniego Hedy \u2013 Szarego: Maria Hamilton i Teresa Heda \u2013 Snopkiewicz.<\/p>\n<p>Niedawno, imieniem gen. Hedy, zosta\u0142a uhonorowana jedna z ulic w Kaniach. Obecnie, w dniach \u015bwi\u0119ta \u017bo\u0142nierzy Wykl\u0119tych nadano ich imi\u0119 brwinowskiemu gimnazjum. Bowiem, jak podkre\u015bli\u0142 burmistrz Brwinowa, Arkadiusz Kosi\u0144ski, jest to gmina w kt\u00f3rej pami\u0119ta si\u0119 o przesz\u0142o\u015bci.<\/p>\n<p>Znaczenie uroczysto\u015bci dodatkowo podkre\u015bla\u0142 fakt nadania godno\u015bci Honorowego Obywatela czworgu mieszka\u0144com Brwinowa: Marcie Werner ps. Przyjaciel, mjr Lechowi Dzikiewiczowi, kpt. Zdzis\u0142awowi Krawczykowi ps. Jasny, mjr Waldemarowi Kruszy\u0144skiemu ps. Trzynastka (nota bene nie b\u0119d\u0105cym mieszka\u0144cem gminy).<\/p>\n<p>W auli szko\u0142y zosta\u0142a ods\u0142oni\u0119ta i po\u015bwi\u0119cona tablica pami\u0105tkowa ufundowana przez Rad\u0119 Ochrony Pami\u0119ci Walk i M\u0119cze\u0144stwa i Romualda Bardzy\u0144skiego. Po\u015bwi\u0119cenia dokona\u0142 ks. kmdr Janusz B\u0105k, a ods\u0142onili j\u0105: minister Jan Stanis\u0142aw Ciechanowski, prof. Andrzej K. Kunert i burmistrz gminy Brwin\u00f3w Aleksander Kosi\u0144ski.<img loading=\"lazy\" decoding=\"async\" src=\"http:\/\/prom.home.pl\/autoinstalator\/wordpress3\/wp-content\/uploads\/2016\/10\/aaa_P3020145_AAA.jpg\" alt=\"aaa_p3020145_aaa\" width=\"282\" height=\"179\" class=\"alignnone size-full wp-image-61\" srcset=\"https:\/\/fleschmazowsza.com.pl\/wp-content\/uploads\/2016\/10\/aaa_P3020145_AAA.jpg 282w, https:\/\/fleschmazowsza.com.pl\/wp-content\/uploads\/2016\/10\/aaa_P3020145_AAA-140x90.jpg 140w\" sizes=\"auto, (max-width: 282px) 100vw, 282px\" \/><\/p>\n","protected":false},"excerpt":{"rendered":"<p>Nad wyraz godn\u0105 opraw\u0119 mia\u0142o nadanie imienia \u017bo\u0142nierzy Zrzeszenia Wolno\u015b\u0107 i Niezawis\u0142o\u015b\u0107 Gimnazjum nr 1 w Brwinowie. W\u015br\u00f3d go\u015bci, kt\u00f3rzy pojawili si\u0119 na uroczysto\u015bci byli m.in. senator Barbara Borys \u2013 Dami\u0119cka, pos\u0142owie Jadwiga Zakrzewska, Jan Szyszko, minister Jacek Micha\u0142owski, szef Kancelarii Prezydenta RP, minister Jan Stanis\u0142aw Ciechanowski \u2013 kierownik Urz\u0119du ds. Kombatant\u00f3w, przybyli tak\u017ce kombatanci, [&hellip;]<\/p>\n","protected":false},"author":1,"featured_media":61,"comment_status":"closed","ping_status":"open","sticky":false,"template":"","format":"standard","meta":{"footnotes":""},"categories":[5],"tags":[],"class_list":["post-59","post","type-post","status-publish","format-standard","has-post-thumbnail","hentry","category-wiadomosci"],"_links":{"self":[{"href":"https:\/\/fleschmazowsza.com.pl\/index.php?rest_route=\/wp\/v2\/posts\/59","targetHints":{"allow":["GET"]}}],"collection":[{"href":"https:\/\/fleschmazowsza.com.pl\/index.php?rest_route=\/wp\/v2\/posts"}],"about":[{"href":"https:\/\/fleschmazowsza.com.pl\/index.php?rest_route=\/wp\/v2\/types\/post"}],"author":[{"embeddable":true,"href":"https:\/\/fleschmazowsza.com.pl\/index.php?rest_route=\/wp\/v2\/users\/1"}],"replies":[{"embeddable":true,"href":"https:\/\/fleschmazowsza.com.pl\/index.php?rest_route=%2Fwp%2Fv2%2Fcomments&post=59"}],"version-history":[{"count":1,"href":"https:\/\/fleschmazowsza.com.pl\/index.php?rest_route=\/wp\/v2\/posts\/59\/revisions"}],"predecessor-version":[{"id":62,"href":"https:\/\/fleschmazowsza.com.pl\/index.php?rest_route=\/wp\/v2\/posts\/59\/revisions\/62"}],"wp:featuredmedia":[{"embeddable":true,"href":"https:\/\/fleschmazowsza.com.pl\/index.php?rest_route=\/wp\/v2\/media\/61"}],"wp:attachment":[{"href":"https:\/\/fleschmazowsza.com.pl\/index.php?rest_route=%2Fwp%2Fv2%2Fmedia&parent=59"}],"wp:term":[{"taxonomy":"category","embeddable":true,"href":"https:\/\/fleschmazowsza.com.pl\/index.php?rest_route=%2Fwp%2Fv2%2Fcategories&post=59"},{"taxonomy":"post_tag","embeddable":true,"href":"https:\/\/fleschmazowsza.com.pl\/index.php?rest_route=%2Fwp%2Fv2%2Ftags&post=59"}],"curies":[{"name":"wp","href":"https:\/\/api.w.org\/{rel}","templated":true}]}}