{"id":580,"date":"2017-01-20T10:26:11","date_gmt":"2017-01-20T09:26:11","guid":{"rendered":"http:\/\/fleschmazowsza.com.pl\/?p=580"},"modified":"2017-01-20T10:26:11","modified_gmt":"2017-01-20T09:26:11","slug":"grodzisk-mazowiecki-trwa-rewitalizacja-stawow-walczewskiego","status":"publish","type":"post","link":"https:\/\/fleschmazowsza.com.pl\/?p=580","title":{"rendered":"GRODZISK MAZOWIECKI. Trwa rewitalizacja Staw\u00f3w Walczewskiego"},"content":{"rendered":"<p><strong>Jak ju\u017c wcze\u015bniej informowali\u015bmy Stawy Walczewskiego czeka przebudowa. Zgodnie z zapowiedziami, ju\u017c pod koniec kwietnia teren ten ma by\u0107 oddany do u\u017cytku. Jak si\u0119 okazuje, zmieni si\u0119 nie tylko wizualna strona tej inwestycji, ale tak\u017ce jej nazwa.<\/strong><\/p>\n<p>Sk\u0105d taki pomys\u0142? Ot\u00f3\u017c na tym terenie planowane jest ustanowienie parku miejskiego. To mieszka\u0144cy wymy\u015bl\u0105 now\u0105 nazw\u0119, ale p\u00f3ki co urz\u0119dnicy podpowiadaj\u0105, \u017ce nazwa parku powinna kojarzy\u0107 si\u0119 z charakterem tego miejsca. Ostatecznie o wyborze zdecyduj\u0105 radni.<\/p>\n<p>Ponadto przebudowa Staw\u00f3w Walczewskiego wi\u0105\u017ce si\u0119 nie tylko z modernizacj\u0105 zbiornik\u00f3w wodnych, bowiem grodziski magistrat ma w planach uatrakcyjnienie tego terenu, w taki spos\u00f3b, aby ten posiada\u0142 jak najwi\u0119cej funkcji. Przewidywane jest m.in. wybudowanie g\u00f3rki do zje\u017cd\u017cania i stworzenie si\u0142owni.<\/p>\n<p>W zwi\u0105zku z tym, \u017ce w Grodzisku istnieje r\u00f3wnie\u017c klub \u017ceglarski \u201eCzysty wiatr\u201d w\u0142adze miasta chc\u0105, aby po przebudowie akwenu mo\u017cna by\u0142o p\u0142ywa\u0107 tam na \u017cagl\u00f3wce. B\u0119dzie to z pewno\u015bci\u0105 nie lada atrakcja. Mo\u017cliwe jest tak\u017ce stworzenie pawilonu dla \u0142\u00f3dek oraz przystani dla rower\u00f3w wodnych.<\/p>\n<p>Istnieje du\u017ce prawdopodobie\u0144stwo, \u017ce na Stawach Walczewskiego pojawi si\u0119 te\u017c pla\u017ca. Ju\u017c wiadomo, \u017ce ta inwestycja wi\u0105\u017ce si\u0119 z ukszta\u0142towaniem terenu w taki spos\u00f3b, aby by\u0142a mo\u017cliwo\u015b\u0107 wybudowania pla\u017cy przy powstaj\u0105cym akwenie wodnym. Ca\u0142kowity koszt tej inwestycji to ponad 1,8 mln z\u0142otych.<\/p>\n<p style=\"text-align: right;\"><strong>Daria G\u0142owacka<\/strong><\/p>\n<p style=\"text-align: right;\">Fot. <strong>www.grodzisk.pl <\/strong><\/p>\n","protected":false},"excerpt":{"rendered":"<p>Jak ju\u017c wcze\u015bniej informowali\u015bmy Stawy Walczewskiego czeka przebudowa. Zgodnie z zapowiedziami, ju\u017c pod koniec kwietnia teren ten ma by\u0107 oddany do u\u017cytku. Jak si\u0119 okazuje, zmieni si\u0119 nie tylko wizualna strona tej inwestycji, ale tak\u017ce jej nazwa. Sk\u0105d taki pomys\u0142? Ot\u00f3\u017c na tym terenie planowane jest ustanowienie parku miejskiego. To mieszka\u0144cy wymy\u015bl\u0105 now\u0105 nazw\u0119, ale [&hellip;]<\/p>\n","protected":false},"author":2,"featured_media":581,"comment_status":"closed","ping_status":"open","sticky":false,"template":"","format":"standard","meta":{"footnotes":""},"categories":[5],"tags":[],"class_list":["post-580","post","type-post","status-publish","format-standard","has-post-thumbnail","hentry","category-wiadomosci"],"_links":{"self":[{"href":"https:\/\/fleschmazowsza.com.pl\/index.php?rest_route=\/wp\/v2\/posts\/580","targetHints":{"allow":["GET"]}}],"collection":[{"href":"https:\/\/fleschmazowsza.com.pl\/index.php?rest_route=\/wp\/v2\/posts"}],"about":[{"href":"https:\/\/fleschmazowsza.com.pl\/index.php?rest_route=\/wp\/v2\/types\/post"}],"author":[{"embeddable":true,"href":"https:\/\/fleschmazowsza.com.pl\/index.php?rest_route=\/wp\/v2\/users\/2"}],"replies":[{"embeddable":true,"href":"https:\/\/fleschmazowsza.com.pl\/index.php?rest_route=%2Fwp%2Fv2%2Fcomments&post=580"}],"version-history":[{"count":1,"href":"https:\/\/fleschmazowsza.com.pl\/index.php?rest_route=\/wp\/v2\/posts\/580\/revisions"}],"predecessor-version":[{"id":582,"href":"https:\/\/fleschmazowsza.com.pl\/index.php?rest_route=\/wp\/v2\/posts\/580\/revisions\/582"}],"wp:featuredmedia":[{"embeddable":true,"href":"https:\/\/fleschmazowsza.com.pl\/index.php?rest_route=\/wp\/v2\/media\/581"}],"wp:attachment":[{"href":"https:\/\/fleschmazowsza.com.pl\/index.php?rest_route=%2Fwp%2Fv2%2Fmedia&parent=580"}],"wp:term":[{"taxonomy":"category","embeddable":true,"href":"https:\/\/fleschmazowsza.com.pl\/index.php?rest_route=%2Fwp%2Fv2%2Fcategories&post=580"},{"taxonomy":"post_tag","embeddable":true,"href":"https:\/\/fleschmazowsza.com.pl\/index.php?rest_route=%2Fwp%2Fv2%2Ftags&post=580"}],"curies":[{"name":"wp","href":"https:\/\/api.w.org\/{rel}","templated":true}]}}