{"id":5559,"date":"2026-01-26T13:03:43","date_gmt":"2026-01-26T12:03:43","guid":{"rendered":"https:\/\/fleschmazowsza.com.pl\/?p=5559"},"modified":"2026-01-26T13:03:44","modified_gmt":"2026-01-26T12:03:44","slug":"generowane-spojrzenia","status":"publish","type":"post","link":"https:\/\/fleschmazowsza.com.pl\/?p=5559","title":{"rendered":"\u201eGenerowane spojrzenia\u201d"},"content":{"rendered":"\n<p><br><strong>kino niemego filmu, muzyka na \u017cywo i sztuczna inteligencja<\/strong>.<\/p>\n\n\n\n<p><em>Ju\u017c&nbsp;27 i 28 stycznia&nbsp;odb\u0119dzie si\u0119 niezwyk\u0142e wydarzenie \u0142\u0105cz\u0105ce klasyk\u0119 kina niemego, muzyk\u0119 improwizowan\u0105 na \u017cywo oraz najnowsze technologie sztucznej inteligencji. Projekt&nbsp;\u201eGenerowane spojrzenia\u201d&nbsp;to immersyjne spotkanie filmu, d\u017awi\u0119ku i obrazu, skierowane do wszystkich ciekawych \u015bwiata, otwartych na nowe do\u015bwiadczenia i dialog pomi\u0119dzy tradycj\u0105 a nowoczesno\u015bci\u0105.<\/em><\/p>\n\n\n\n\n\n<p>W oba dni na scenie wyst\u0105pi\u0105 uznani muzycy polskiej sceny muzyki improwizowanej: Jerzy M\u0105czy\u0144ski&nbsp;(saksofon, elektronika) oraz Bartosz Szab\u0142owski&nbsp;(perkusja, elektronika). Program tworzy kr\u00f3tk\u0105, dynamiczn\u0105 podr\u00f3\u017c przez pocz\u0105tki kina: od surrealistycznych eksperyment\u00f3w wizualnych, przez filmy fantastyczne i animacje, po awangardowe kompozycje obrazu i ruchu, kt\u00f3re ukszta\u0142towa\u0142y j\u0119zyk filmu i do dzi\u015b inspiruj\u0105 tw\u00f3rc\u00f3w.<\/p>\n\n\n\n<p><strong>Program wydarzenia:<\/strong><\/p>\n\n\n\n<ul class=\"wp-block-list\">\n<li>Pokaz film\u00f3w z muzyk\u0105 na \u017cywo i projekcjami AI\u00a0<\/li>\n\n\n\n<li>Panel dyskusyjny \/ warsztaty edukacyjne,\u00a0po\u015bwi\u0119cone praktycznemu wykorzystaniu sztucznej inteligencji<\/li>\n<\/ul>\n\n\n\n<p><strong>Prezentowane filmy:<\/strong><\/p>\n\n\n\n<ol class=\"wp-block-list\">\n<li>The Marvelous Living Fan<\/li>\n\n\n\n<li>Private Snafu \u2013 No Buddy at All<\/li>\n\n\n\n<li>Le Voyage dans la Lune<\/li>\n\n\n\n<li>Satan in Prison<\/li>\n\n\n\n<li>Walter Ruttmann \u2013 Opus IV<\/li>\n<\/ol>\n\n\n\n<p>\u201eGenerowane spojrzenia\u201d to projekt, w kt\u00f3rym&nbsp;muzyka improwizowana staje si\u0119 impulsem dla sztucznej inteligencji. Algorytmy AI reaguj\u0105 na d\u017awi\u0119k, tworz\u0105c dynamiczne projekcje wizualne, towarzysz\u0105ce klasycznym filmom kina niemego. Ka\u017cdy pokaz ko\u0144czy si\u0119&nbsp;otwartym spotkaniem edukacyjnym: rozmow\u0105 oraz kr\u00f3tkimi warsztatami. Podczas nich uczestnicy w przyst\u0119pny spos\u00f3b poznaj\u0105 zasady dzia\u0142ania sztucznej inteligencji oraz jej praktyczne zastosowania w sztuce i codziennym \u017cyciu. To przestrze\u0144 do zadawania pyta\u0144, wymiany do\u015bwiadcze\u0144 i wsp\u00f3lnego odkrywania nowych technologii \u2013 niezale\u017cnie od poziomu wcze\u015bniejszej wiedzy.<\/p>\n\n\n\n<p>To wydarzenie mi\u0119dzypokoleniowe, \u0142\u0105cz\u0105ce klasyk\u0119 kina, energi\u0119 muzyki na \u017cywo i mo\u017cliwo\u015bci wsp\u00f3\u0142czesnych technologii. Jest skierowane do wszystkich ciekawych \u015bwiata, otwartych na nowe do\u015bwiadczenia i dialog pomi\u0119dzy tradycj\u0105 a nowoczesno\u015bci\u0105.<\/p>\n\n\n\n<p><strong>Terminy pokaz\u00f3w z udzia\u0142em publiczno\u015bci: <\/strong>wtorek 27.01:&nbsp;godz. 10:00, 12:00, 14:00 oraz<br>\u015broda 28.01:&nbsp;godz. 10:00, 12:00, 14:00. Ka\u017cde wydarzenie potrwa ok. 60 minut. <strong>WST\u0118P WOLNY*<\/strong><\/p>\n\n\n\n<p><strong>*Liczba miejsc ograniczona. Darmowe wej\u015bci\u00f3wki mo\u017cna odbiera\u0107 w kasie g\u0142\u00f3wnej Teatru Capitol, codziennie w godz.10:00 &#8211; 19:00. <\/strong>Wi\u0119cej informacji na temat wej\u015bci\u00f3wek uzyskaj\u0105 Pa\u0144stwo kontaktuj\u0105c si\u0119 z Kas\u0105 G\u0142\u00f3wn\u0105 Teatru: tel. 22 620 21 42 lub e-mail:&nbsp;<a href=\"mailto:bilety@teatrcapitol.pl\"><u>bilety@teatrcapitol.pl<\/u><\/a><\/p>\n\n\n\n<p><em><strong>Projekt, zosta\u0142 sfinansowany w ramach Krajowego Planu Odbudowy i Zwi\u0119kszania Odporno\u015bci (KPO), wspieranego przez Uni\u0119 Europejsk\u0105 w ramach funduszu NextGenerationEU.<\/strong><\/em><\/p>\n\n\n\n\n\n<p><em><strong>Patroni Medialni:<\/strong><\/em><em> Radio Eska, Rzeczpospolita, Tele Tydzie\u0144, \u015awiat Kobiety, Dziennik<\/em><\/p>\n\n\n\n<p><em>Gazeta Prawna, AMS, \u015awiat Gwiazd, Informator Stolicy, Familie.pl, Przegl\u0105d<\/em><\/p>\n\n\n\n<p><em><strong>Partnerzy Teatru:<\/strong><\/em><em> Gatta, KROSS, Aktywna Warszawa, Strefa Music Art, Biletomat,<\/em><\/p>\n\n\n\n<p><em>BestCan, MZA<\/em><\/p>\n\n\n\n<p><em><u>Teatr Capitol jest cz\u0142onkiem Unii Teatr\u00f3w Niezale\u017cnych.<\/u><\/em><\/p>\n","protected":false},"excerpt":{"rendered":"<p>kino niemego filmu, muzyka na \u017cywo i sztuczna inteligencja. Ju\u017c&nbsp;27 i 28 stycznia&nbsp;odb\u0119dzie si\u0119 niezwyk\u0142e wydarzenie \u0142\u0105cz\u0105ce klasyk\u0119 kina niemego, muzyk\u0119 improwizowan\u0105 na \u017cywo oraz najnowsze technologie sztucznej inteligencji. Projekt&nbsp;\u201eGenerowane spojrzenia\u201d&nbsp;to immersyjne spotkanie filmu, d\u017awi\u0119ku i obrazu, skierowane do wszystkich ciekawych \u015bwiata, otwartych na nowe do\u015bwiadczenia i dialog pomi\u0119dzy tradycj\u0105 a nowoczesno\u015bci\u0105. W oba dni [&hellip;]<\/p>\n","protected":false},"author":2,"featured_media":5561,"comment_status":"closed","ping_status":"open","sticky":false,"template":"","format":"standard","meta":{"footnotes":""},"categories":[13],"tags":[],"class_list":["post-5559","post","type-post","status-publish","format-standard","has-post-thumbnail","hentry","category-sponsorowane"],"_links":{"self":[{"href":"https:\/\/fleschmazowsza.com.pl\/index.php?rest_route=\/wp\/v2\/posts\/5559","targetHints":{"allow":["GET"]}}],"collection":[{"href":"https:\/\/fleschmazowsza.com.pl\/index.php?rest_route=\/wp\/v2\/posts"}],"about":[{"href":"https:\/\/fleschmazowsza.com.pl\/index.php?rest_route=\/wp\/v2\/types\/post"}],"author":[{"embeddable":true,"href":"https:\/\/fleschmazowsza.com.pl\/index.php?rest_route=\/wp\/v2\/users\/2"}],"replies":[{"embeddable":true,"href":"https:\/\/fleschmazowsza.com.pl\/index.php?rest_route=%2Fwp%2Fv2%2Fcomments&post=5559"}],"version-history":[{"count":1,"href":"https:\/\/fleschmazowsza.com.pl\/index.php?rest_route=\/wp\/v2\/posts\/5559\/revisions"}],"predecessor-version":[{"id":5562,"href":"https:\/\/fleschmazowsza.com.pl\/index.php?rest_route=\/wp\/v2\/posts\/5559\/revisions\/5562"}],"wp:featuredmedia":[{"embeddable":true,"href":"https:\/\/fleschmazowsza.com.pl\/index.php?rest_route=\/wp\/v2\/media\/5561"}],"wp:attachment":[{"href":"https:\/\/fleschmazowsza.com.pl\/index.php?rest_route=%2Fwp%2Fv2%2Fmedia&parent=5559"}],"wp:term":[{"taxonomy":"category","embeddable":true,"href":"https:\/\/fleschmazowsza.com.pl\/index.php?rest_route=%2Fwp%2Fv2%2Fcategories&post=5559"},{"taxonomy":"post_tag","embeddable":true,"href":"https:\/\/fleschmazowsza.com.pl\/index.php?rest_route=%2Fwp%2Fv2%2Ftags&post=5559"}],"curies":[{"name":"wp","href":"https:\/\/api.w.org\/{rel}","templated":true}]}}