{"id":549,"date":"2017-01-19T09:59:27","date_gmt":"2017-01-19T08:59:27","guid":{"rendered":"http:\/\/fleschmazowsza.com.pl\/?p=549"},"modified":"2017-01-19T09:59:27","modified_gmt":"2017-01-19T08:59:27","slug":"rok-ignacego-kozielewskiego-w-gminie-brwinow","status":"publish","type":"post","link":"https:\/\/fleschmazowsza.com.pl\/?p=549","title":{"rendered":"Rok Ignacego Kozielewskiego w gminie Brwin\u00f3w"},"content":{"rendered":"<p><strong>15 stycznia przypada\u0142a 135. rocznica urodzin Ignacego Kozielewskiego \u2013 autora s\u0142\u00f3w hymnu harcerskiego \u201eWszystko, co nasze, Polsce oddamy\u201d oraz mieszka\u0144ca Brwinowa. Z tej okazji gmina Brwin\u00f3w b\u0119dzie obchodzi\u0107 rok 2017 jako Rok Ignacego Kozielewskiego.<\/strong><\/p>\n<p>Ignacy Kozielewski (1882-1964) by\u0142 wsp\u00f3\u0142za\u0142o\u017cycielem Zwi\u0105zku Harcerstwa Polskiego, dzia\u0142aczem spo\u0142ecznym oraz propagatorem idei harcerskich. Wsp\u00f3\u0142pracowa\u0142 we Lwowie z Olg\u0105 Drahonowsk\u0105 i Andrzejem Ma\u0142kowskim. By\u0142 dzia\u0142aczem og\u00f3lnopolskiego Towarzystwa Gimnastycznego Sok\u00f3\u0142, kt\u00f3rego celem &#8211; poza zach\u0119caniem do aktywno\u015bci fizycznej &#8211; by\u0142o r\u00f3wnie\u017c podtrzymywanie i rozwijanie \u015bwiadomo\u015bci narodowej oraz postaw obywatelskich. Kozielewski redagowa\u0142 czasopisma harcerskie \u201eSkaut\u201d, \u201eHarcerz\u201d, Harcmistrz\u201d, \u201eStra\u017cnica harcerska\u201d. Pracowa\u0142 jako nauczyciel w szko\u0142ach m.in. w Warszawie, Czerwonym Dworze pod Grodziskiem Mazowieckim oraz w Pruszkowie.<\/p>\n<p>W 1929 r. Kozielewski przeprowadzi\u0142 si\u0119 do Brwinowa, gdzie pe\u0142ni\u0142 funkcj\u0119 prezesa gniazda sokolego. Za dzia\u0142alno\u015b\u0107 w Akcji Katolickiej zosta\u0142 odznaczony w 1938 r. przez\u00a0 papie\u017ca Piusa Pius XI medalem \u201ePro Ecclesia et Pontifice\u201d. Okupacj\u0119 niemieck\u0105 sp\u0119dzi\u0142 w Brwinowie, a w latach 1941\u20131945 prowadzi\u0142 tajne nauczanie w gimnazjach w Bronowicach, Milan\u00f3wku i Brwinowie. W tym okresie zajmowa\u0142 si\u0119 tak\u017ce kolporta\u017cem polskiej prasy konspiracyjnej.<\/p>\n<p>Po 1945 roku Ignacy Kozielewski ze wzgl\u0119du na g\u0142oszenie antykomunistycznych hase\u0142 musia\u0142 opu\u015bci\u0107 Warszaw\u0119 i przeni\u00f3s\u0142 si\u0119 do K\u0142obucka, gdzie organizowa\u0142 gimnazja. Zmar\u0142 9 lipca 1964 r. w Ostrowach niedaleko Cz\u0119stochowy i zosta\u0142 pochowany w grobie rodzinnym na cmentarzu \u015bw. Rocha w Cz\u0119stochowie.<\/p>\n<p>Uchwa\u0142a ustanawiaj\u0105ca Rok Ignacego Kozielewskiego zosta\u0142a podj\u0119ta przez Rad\u0119 Miejsk\u0105 w Brwinowie 28 grudnia 2016 r. Obchody b\u0119d\u0105 si\u0119 odbywa\u0107 w ci\u0105gu roku \u2013 w\u0142\u0105cz\u0105 si\u0119 w nie m.in. brwinowscy harcerze oraz Towarzystwo Gimnastyczne Sok\u00f3\u0142 w Brwinowie, kt\u00f3re nosi imi\u0119 Ignacego Kozielewskiego i w tym roku obchodzi jubileusz 90-lecia istnienia.<\/p>\n<p style=\"text-align: right;\"><strong>U.G. Brwin\u00f3w<\/strong><\/p>\n","protected":false},"excerpt":{"rendered":"<p>15 stycznia przypada\u0142a 135. rocznica urodzin Ignacego Kozielewskiego \u2013 autora s\u0142\u00f3w hymnu harcerskiego \u201eWszystko, co nasze, Polsce oddamy\u201d oraz mieszka\u0144ca Brwinowa. Z tej okazji gmina Brwin\u00f3w b\u0119dzie obchodzi\u0107 rok 2017 jako Rok Ignacego Kozielewskiego. Ignacy Kozielewski (1882-1964) by\u0142 wsp\u00f3\u0142za\u0142o\u017cycielem Zwi\u0105zku Harcerstwa Polskiego, dzia\u0142aczem spo\u0142ecznym oraz propagatorem idei harcerskich. Wsp\u00f3\u0142pracowa\u0142 we Lwowie z Olg\u0105 Drahonowsk\u0105 i [&hellip;]<\/p>\n","protected":false},"author":2,"featured_media":550,"comment_status":"closed","ping_status":"open","sticky":false,"template":"","format":"standard","meta":{"footnotes":""},"categories":[8],"tags":[],"class_list":["post-549","post","type-post","status-publish","format-standard","has-post-thumbnail","hentry","category-roznosci"],"_links":{"self":[{"href":"https:\/\/fleschmazowsza.com.pl\/index.php?rest_route=\/wp\/v2\/posts\/549","targetHints":{"allow":["GET"]}}],"collection":[{"href":"https:\/\/fleschmazowsza.com.pl\/index.php?rest_route=\/wp\/v2\/posts"}],"about":[{"href":"https:\/\/fleschmazowsza.com.pl\/index.php?rest_route=\/wp\/v2\/types\/post"}],"author":[{"embeddable":true,"href":"https:\/\/fleschmazowsza.com.pl\/index.php?rest_route=\/wp\/v2\/users\/2"}],"replies":[{"embeddable":true,"href":"https:\/\/fleschmazowsza.com.pl\/index.php?rest_route=%2Fwp%2Fv2%2Fcomments&post=549"}],"version-history":[{"count":1,"href":"https:\/\/fleschmazowsza.com.pl\/index.php?rest_route=\/wp\/v2\/posts\/549\/revisions"}],"predecessor-version":[{"id":551,"href":"https:\/\/fleschmazowsza.com.pl\/index.php?rest_route=\/wp\/v2\/posts\/549\/revisions\/551"}],"wp:featuredmedia":[{"embeddable":true,"href":"https:\/\/fleschmazowsza.com.pl\/index.php?rest_route=\/wp\/v2\/media\/550"}],"wp:attachment":[{"href":"https:\/\/fleschmazowsza.com.pl\/index.php?rest_route=%2Fwp%2Fv2%2Fmedia&parent=549"}],"wp:term":[{"taxonomy":"category","embeddable":true,"href":"https:\/\/fleschmazowsza.com.pl\/index.php?rest_route=%2Fwp%2Fv2%2Fcategories&post=549"},{"taxonomy":"post_tag","embeddable":true,"href":"https:\/\/fleschmazowsza.com.pl\/index.php?rest_route=%2Fwp%2Fv2%2Ftags&post=549"}],"curies":[{"name":"wp","href":"https:\/\/api.w.org\/{rel}","templated":true}]}}