{"id":541,"date":"2017-01-18T13:04:02","date_gmt":"2017-01-18T12:04:02","guid":{"rendered":"http:\/\/fleschmazowsza.com.pl\/?p=541"},"modified":"2017-01-18T13:04:02","modified_gmt":"2017-01-18T12:04:02","slug":"choinki-oddajmy-lasom","status":"publish","type":"post","link":"https:\/\/fleschmazowsza.com.pl\/?p=541","title":{"rendered":"Choinki oddajmy lasom"},"content":{"rendered":"<p><strong>W sobot\u0119, 21 stycznia, mieszka\u0144cy stolicy, kt\u00f3rych domy w \u015bwi\u0119ta ozdabia\u0142y \u017cywe drzewka w doniczkach, b\u0119d\u0105 mogli je przekaza\u0107 do zasadzenia. Lasy Miejskie-Warszawa organizuj\u0105 zbi\u00f3rk\u0119, na kt\u00f3r\u0105 mo\u017cna przynie\u015b\u0107 niepotrzebne ju\u017c choinki. W obu przypadkach le\u015bnicy dy\u017curowa\u0107 b\u0119d\u0105 w godzinach 9:00 \u2013 13:00.<\/strong><\/p>\n<p>Zbi\u00f3rka prowadzona w sobot\u0119, 21 stycznia, choinki b\u0119d\u0105 zbierane w lesie Bemowskim (w rejonie ul. Kampinowskiej, na ty\u0142ach MPO), a tak\u017ce w Centrum Edukacji Przyrodniczo-Le\u015bnej przy ul. Rydzowej 1a.<\/p>\n<p>Zebrane drzewka zostan\u0105 zasadzone podczas dogodnych warunk\u00f3w pogodowych. Szanse na prze\u017cycie drzewek zale\u017c\u0105 od dobrej kondycji przekazywanych \u015bwierk\u00f3w oraz od tego czy przebywa\u0142y one kr\u00f3tko w wysokiej temperaturze w mieszkaniach. Istotny jest r\u00f3wnie\u017c stan korzeni \u2013 drzewka, kt\u00f3re zosta\u0142y wyhodowane w doniczkach maj\u0105 du\u017co wi\u0119ksz\u0105 mo\u017cliwo\u015b\u0107 przystosowania si\u0119 do warunk\u00f3w le\u015bnych.<\/p>\n<p>Le\u015bnicy w\u015br\u00f3d zbieranych drzewek preferuj\u0105 \u015bwierka pospolitego. Ci\u0119te choinki mo\u017cna natomiast pozostawi\u0107 w przydomowych i osiedlowych altankach \u015bmietnikowych, z kt\u00f3rych zabierane b\u0119d\u0105 w terminach odbioru odpad\u00f3w wielkogabarytowych.<\/p>\n<p style=\"text-align: right;\"><strong>Ewelina Wielgat<\/strong><\/p>\n","protected":false},"excerpt":{"rendered":"<p>W sobot\u0119, 21 stycznia, mieszka\u0144cy stolicy, kt\u00f3rych domy w \u015bwi\u0119ta ozdabia\u0142y \u017cywe drzewka w doniczkach, b\u0119d\u0105 mogli je przekaza\u0107 do zasadzenia. Lasy Miejskie-Warszawa organizuj\u0105 zbi\u00f3rk\u0119, na kt\u00f3r\u0105 mo\u017cna przynie\u015b\u0107 niepotrzebne ju\u017c choinki. W obu przypadkach le\u015bnicy dy\u017curowa\u0107 b\u0119d\u0105 w godzinach 9:00 \u2013 13:00. Zbi\u00f3rka prowadzona w sobot\u0119, 21 stycznia, choinki b\u0119d\u0105 zbierane w lesie Bemowskim [&hellip;]<\/p>\n","protected":false},"author":2,"featured_media":547,"comment_status":"closed","ping_status":"open","sticky":false,"template":"","format":"standard","meta":{"footnotes":""},"categories":[8],"tags":[],"class_list":["post-541","post","type-post","status-publish","format-standard","has-post-thumbnail","hentry","category-roznosci"],"_links":{"self":[{"href":"https:\/\/fleschmazowsza.com.pl\/index.php?rest_route=\/wp\/v2\/posts\/541","targetHints":{"allow":["GET"]}}],"collection":[{"href":"https:\/\/fleschmazowsza.com.pl\/index.php?rest_route=\/wp\/v2\/posts"}],"about":[{"href":"https:\/\/fleschmazowsza.com.pl\/index.php?rest_route=\/wp\/v2\/types\/post"}],"author":[{"embeddable":true,"href":"https:\/\/fleschmazowsza.com.pl\/index.php?rest_route=\/wp\/v2\/users\/2"}],"replies":[{"embeddable":true,"href":"https:\/\/fleschmazowsza.com.pl\/index.php?rest_route=%2Fwp%2Fv2%2Fcomments&post=541"}],"version-history":[{"count":1,"href":"https:\/\/fleschmazowsza.com.pl\/index.php?rest_route=\/wp\/v2\/posts\/541\/revisions"}],"predecessor-version":[{"id":544,"href":"https:\/\/fleschmazowsza.com.pl\/index.php?rest_route=\/wp\/v2\/posts\/541\/revisions\/544"}],"wp:featuredmedia":[{"embeddable":true,"href":"https:\/\/fleschmazowsza.com.pl\/index.php?rest_route=\/wp\/v2\/media\/547"}],"wp:attachment":[{"href":"https:\/\/fleschmazowsza.com.pl\/index.php?rest_route=%2Fwp%2Fv2%2Fmedia&parent=541"}],"wp:term":[{"taxonomy":"category","embeddable":true,"href":"https:\/\/fleschmazowsza.com.pl\/index.php?rest_route=%2Fwp%2Fv2%2Fcategories&post=541"},{"taxonomy":"post_tag","embeddable":true,"href":"https:\/\/fleschmazowsza.com.pl\/index.php?rest_route=%2Fwp%2Fv2%2Ftags&post=541"}],"curies":[{"name":"wp","href":"https:\/\/api.w.org\/{rel}","templated":true}]}}