{"id":5384,"date":"2025-03-21T13:42:08","date_gmt":"2025-03-21T12:42:08","guid":{"rendered":"https:\/\/fleschmazowsza.com.pl\/?p=5384"},"modified":"2025-03-21T13:42:09","modified_gmt":"2025-03-21T12:42:09","slug":"zdrowe-powietrze-zdrowe-dzieci","status":"publish","type":"post","link":"https:\/\/fleschmazowsza.com.pl\/?p=5384","title":{"rendered":"Zdrowe powietrze = Zdrowe dzieci"},"content":{"rendered":"\n<p><br>Sz\u00f3sta edycja kampanii Polskiego Alarmu Smogowego \u201eZobacz czym oddychasz! Zdrowe powietrze = Zdrowe dzieci\u201d koncentruje si\u0119 na wp\u0142ywie zanieczyszcze\u0144 powietrza na zdrowie najm\u0142odszych. W sezonie grzewczym 2024-2025 mobilne instalacje &#8222;oddychaj\u0105cych&#8221; p\u0142uc odwiedzaj\u0105 32 miejscowo\u015bci w 9 wojew\u00f3dztwach. Instalacje, kt\u00f3re pokazuj\u0105 jako\u015b\u0107 powietrza, pojawi\u0105 si\u0119 g\u0142\u00f3wnie w gminach bez pomiar\u00f3w jako\u015bci powietrza. Celem kampanii jest edukacja na temat szkodliwo\u015bci smogu, kt\u00f3ry szczeg\u00f3lnie negatywnie wp\u0142ywa na dzieci, prowadz\u0105c do problem\u00f3w zdrowotnych, takich jak astma czy alergie, oraz zaburze\u0144 w rozwoju. Ponadto, smog mo\u017ce powodowa\u0107 d\u0142ugoterminowe choroby uk\u0142adu oddechowego i kr\u0105\u017cenia. Instalacje b\u0119d\u0105 prezentowa\u0107 zanieczyszczenia powietrza, kt\u00f3re osiadaj\u0105 na bia\u0142ej powierzchni, zmieniaj\u0105c kolor w zale\u017cno\u015bci od stopnia zanieczyszczenia. Na Mazowszu instalacja by\u0142a w \u0141omiankach, Warszawie oraz w Gr\u00f3jcu.<\/p>\n","protected":false},"excerpt":{"rendered":"<p>Sz\u00f3sta edycja kampanii Polskiego Alarmu Smogowego \u201eZobacz czym oddychasz! Zdrowe powietrze = Zdrowe dzieci\u201d koncentruje si\u0119 na wp\u0142ywie zanieczyszcze\u0144 powietrza na zdrowie najm\u0142odszych. W sezonie grzewczym 2024-2025 mobilne instalacje &#8222;oddychaj\u0105cych&#8221; p\u0142uc odwiedzaj\u0105 32 miejscowo\u015bci w 9 wojew\u00f3dztwach. Instalacje, kt\u00f3re pokazuj\u0105 jako\u015b\u0107 powietrza, pojawi\u0105 si\u0119 g\u0142\u00f3wnie w gminach bez pomiar\u00f3w jako\u015bci powietrza. Celem kampanii jest edukacja [&hellip;]<\/p>\n","protected":false},"author":2,"featured_media":5385,"comment_status":"closed","ping_status":"open","sticky":false,"template":"","format":"standard","meta":{"footnotes":""},"categories":[13],"tags":[],"class_list":["post-5384","post","type-post","status-publish","format-standard","has-post-thumbnail","hentry","category-sponsorowane"],"_links":{"self":[{"href":"https:\/\/fleschmazowsza.com.pl\/index.php?rest_route=\/wp\/v2\/posts\/5384","targetHints":{"allow":["GET"]}}],"collection":[{"href":"https:\/\/fleschmazowsza.com.pl\/index.php?rest_route=\/wp\/v2\/posts"}],"about":[{"href":"https:\/\/fleschmazowsza.com.pl\/index.php?rest_route=\/wp\/v2\/types\/post"}],"author":[{"embeddable":true,"href":"https:\/\/fleschmazowsza.com.pl\/index.php?rest_route=\/wp\/v2\/users\/2"}],"replies":[{"embeddable":true,"href":"https:\/\/fleschmazowsza.com.pl\/index.php?rest_route=%2Fwp%2Fv2%2Fcomments&post=5384"}],"version-history":[{"count":1,"href":"https:\/\/fleschmazowsza.com.pl\/index.php?rest_route=\/wp\/v2\/posts\/5384\/revisions"}],"predecessor-version":[{"id":5386,"href":"https:\/\/fleschmazowsza.com.pl\/index.php?rest_route=\/wp\/v2\/posts\/5384\/revisions\/5386"}],"wp:featuredmedia":[{"embeddable":true,"href":"https:\/\/fleschmazowsza.com.pl\/index.php?rest_route=\/wp\/v2\/media\/5385"}],"wp:attachment":[{"href":"https:\/\/fleschmazowsza.com.pl\/index.php?rest_route=%2Fwp%2Fv2%2Fmedia&parent=5384"}],"wp:term":[{"taxonomy":"category","embeddable":true,"href":"https:\/\/fleschmazowsza.com.pl\/index.php?rest_route=%2Fwp%2Fv2%2Fcategories&post=5384"},{"taxonomy":"post_tag","embeddable":true,"href":"https:\/\/fleschmazowsza.com.pl\/index.php?rest_route=%2Fwp%2Fv2%2Ftags&post=5384"}],"curies":[{"name":"wp","href":"https:\/\/api.w.org\/{rel}","templated":true}]}}