{"id":5301,"date":"2024-09-24T12:29:22","date_gmt":"2024-09-24T11:29:22","guid":{"rendered":"https:\/\/fleschmazowsza.com.pl\/?p=5301"},"modified":"2024-09-24T12:29:22","modified_gmt":"2024-09-24T11:29:22","slug":"susza-narastajacy-problem-sprawdz-co-robic-by-wesprzec-nature","status":"publish","type":"post","link":"https:\/\/fleschmazowsza.com.pl\/?p=5301","title":{"rendered":"Susza \u2013 narastaj\u0105cy problem. Sprawd\u017a, co robi\u0107, by wesprze\u0107 natur\u0119"},"content":{"rendered":"\n<p><strong>Lato przynosi ze sob\u0105 nie tylko s\u0142o\u0144ce i wakacyjne przygody, ale tak\u017ce coraz powa\u017cniejsze wyzwania zwi\u0105zane ze zmianami klimatycznymi. Jednym z najbardziej pal\u0105cych problem\u00f3w, z kt\u00f3rym musi mierzy\u0107 si\u0119 natura, jest susza. Zjawisko to, b\u0119d\u0105ce mi\u0119dzy innymi wynikiem d\u0142ugotrwa\u0142ych niedobor\u00f3w opad\u00f3w, ma destrukcyjny wp\u0142yw na \u015brodowisko, rolnictwo oraz codzienne \u017cycie ludzi na ca\u0142ym \u015bwiecie.<\/strong><\/p>\n\n\n\n<p>Susza to problem, kt\u00f3ry dotyka nie tylko rolnik\u00f3w, ale r\u00f3wnie\u017c ca\u0142e spo\u0142ecze\u0144stwo. Ocieplaj\u0105cy si\u0119 klimat sprawia, \u017ce okresy bez opad\u00f3w staj\u0105 si\u0119 coraz d\u0142u\u017csze, co w efekcie prowadzi do wysychania rzek, jezior i zbiornik\u00f3w retencyjnych. Niedob\u00f3r wody wp\u0142ywa na spadki plon\u00f3w i skutkuje wzrostem cen \u017cywno\u015bci.<\/p>\n\n\n\n<p class=\"has-text-align-center\"><strong>Ekologiczny Alarm<\/strong><\/p>\n\n\n\n<p>Najnowszy raport Instytutu Uprawy Nawo\u017cenia i Gleboznawstwa \u2013 Pa\u0144stwowego Instytutu Badawczego (IUNG \u2013 PIB) przynosi niepokoj\u0105ce wie\u015bci. Susza nasila si\u0119, dotykaj\u0105c coraz wi\u0119kszych obszar\u00f3w. Jak wynika z opracowania, w okresie od 1 maja do 30 czerwca 2024 roku \u015brednia warto\u015b\u0107 Klimatycznego Bilansu Wodnego (KBW) dla kraju, na podstawie kt\u00f3rego dokonywana jest ocena stanu zagro\u017cenia, by\u0142a ujemna i wynosi\u0142a -121 mm. Oznacza to, \u017ce deficyt wody w obecnym okresie, w stosunku do poprzedniego, uleg\u0142 zwi\u0119kszeniu o 3 mm.<\/p>\n\n\n\n<p>Z kolei raport Polskiego Instytutu Ekonomicznego wskazuje, \u017ce&nbsp;w latach 2004-2020, w wyniku niedoboru wody, szkody w rolnictwie wynosi\u0142y rocznie \u015brednio od 3,9 do nawet 6,5 mld z\u0142. Dodatkowo, w najbli\u017cszych tygodniach przewidywane s\u0105 ekstremalnie wysokie temperatury, co jeszcze bardziej pogorszy sytuacj\u0119 w gospodarstwach rolnych.<\/p>\n\n\n\n<p class=\"has-text-align-center\"><strong>Kropla na wag\u0119 z\u0142ota<\/strong><\/p>\n\n\n\n<p>Warto zauwa\u017cy\u0107, \u017ce Polska jest jednym z kraj\u00f3w o najmniejszych zasobach wody pitnej w Europie, w&nbsp;przeliczeniu na mieszka\u0144ca. Na jedn\u0105 osob\u0119 przypada ok. 1580 m3 wody na rok \u2013 tyle ile na statystycznego mieszka\u0144ca Egiptu. W domach najwi\u0119cej zu\u017cywa si\u0119 jej do codziennych czynno\u015bci higienicznych, a najmniej do picia i gotowania. Aby racjonalnie gospodarowa\u0107 tym cennym zasobem, powinni\u015bmy wi\u0119c zadba\u0107 o swoje nawyki.<\/p>\n\n\n\n<p>\u2013 Ka\u017cdy z nas ma wp\u0142yw by zmniejsza\u0107 skutki suszy poprzez proste dzia\u0142ania. Oszcz\u0119dzanie wody w domu to pierwszy krok. Kr\u00f3tsze prysznice, zakr\u0119canie kranu podczas mycia z\u0119b\u00f3w czy naprawa tych ciekn\u0105cych, mog\u0105 znacz\u0105co zmniejszy\u0107 jej zu\u017cycie. Ponadto, dobrze by\u0142oby rozwa\u017cy\u0107 instalacj\u0119 systemu zbierania deszcz\u00f3wki, kt\u00f3r\u0105 z powodzeniem mo\u017cna u\u017cy\u0107 w domu i w ogrodzie \u2013 zauwa\u017ca Lisa Scoccimarro, liderka Akademii Ekologicznej Amest Otwock.<\/p>\n\n\n\n<p class=\"has-text-align-center\"><strong>Wsp\u00f3lna odpowiedzialno\u015b\u0107<\/strong><\/p>\n\n\n\n<p>Susza to globalny problem, wymagaj\u0105cy zar\u00f3wno wsp\u00f3\u0142pracy mi\u0119dzynarodowej, jak i lokalnych inicjatyw. Organizacje pozarz\u0105dowe, rz\u0105dy oraz spo\u0142ecze\u0144stwo powinny dzia\u0142a\u0107 razem, by stworzy\u0107 skuteczne strategie przeciwdzia\u0142ania jej skutkom. Przedsi\u0119wzi\u0119cia te mog\u0105 obejmowa\u0107 budow\u0119 zbiornik\u00f3w retencyjnych, modernizacj\u0119 infrastruktury oraz ochron\u0119 naturalnych ekosystem\u00f3w, kt\u00f3re odgrywaj\u0105 kluczow\u0105 rol\u0119 w retencji.<\/p>\n\n\n\n<p>Warto pami\u0119ta\u0107, \u017ce ka\u017cdy z nas ma wp\u0142yw na \u015brodowisko \u2013 proekologiczne zachowania i odpowiedzialne zarz\u0105dzanie zasobami naturalnymi mo\u017ce przyczyni\u0107 si\u0119 do z\u0142agodzenia skutk\u00f3w niedoboru cennego zasobu, jakim jest woda.<\/p>\n\n\n\n<p class=\"has-text-align-right\"><strong><em>Biuro Prasowe<br>Amest Otwock sp. z o.o.<\/em><\/strong><\/p>\n\n\n\n<p><\/p>\n","protected":false},"excerpt":{"rendered":"<p>Lato przynosi ze sob\u0105 nie tylko s\u0142o\u0144ce i wakacyjne przygody, ale tak\u017ce coraz powa\u017cniejsze wyzwania zwi\u0105zane ze zmianami klimatycznymi. Jednym z najbardziej pal\u0105cych problem\u00f3w, z kt\u00f3rym musi mierzy\u0107 si\u0119 natura, jest susza. Zjawisko to, b\u0119d\u0105ce mi\u0119dzy innymi wynikiem d\u0142ugotrwa\u0142ych niedobor\u00f3w opad\u00f3w, ma destrukcyjny wp\u0142yw na \u015brodowisko, rolnictwo oraz codzienne \u017cycie ludzi na ca\u0142ym \u015bwiecie. Susza [&hellip;]<\/p>\n","protected":false},"author":2,"featured_media":5302,"comment_status":"closed","ping_status":"open","sticky":false,"template":"","format":"standard","meta":{"footnotes":""},"categories":[9],"tags":[],"class_list":["post-5301","post","type-post","status-publish","format-standard","has-post-thumbnail","hentry","category-edukacja"],"_links":{"self":[{"href":"https:\/\/fleschmazowsza.com.pl\/index.php?rest_route=\/wp\/v2\/posts\/5301","targetHints":{"allow":["GET"]}}],"collection":[{"href":"https:\/\/fleschmazowsza.com.pl\/index.php?rest_route=\/wp\/v2\/posts"}],"about":[{"href":"https:\/\/fleschmazowsza.com.pl\/index.php?rest_route=\/wp\/v2\/types\/post"}],"author":[{"embeddable":true,"href":"https:\/\/fleschmazowsza.com.pl\/index.php?rest_route=\/wp\/v2\/users\/2"}],"replies":[{"embeddable":true,"href":"https:\/\/fleschmazowsza.com.pl\/index.php?rest_route=%2Fwp%2Fv2%2Fcomments&post=5301"}],"version-history":[{"count":1,"href":"https:\/\/fleschmazowsza.com.pl\/index.php?rest_route=\/wp\/v2\/posts\/5301\/revisions"}],"predecessor-version":[{"id":5303,"href":"https:\/\/fleschmazowsza.com.pl\/index.php?rest_route=\/wp\/v2\/posts\/5301\/revisions\/5303"}],"wp:featuredmedia":[{"embeddable":true,"href":"https:\/\/fleschmazowsza.com.pl\/index.php?rest_route=\/wp\/v2\/media\/5302"}],"wp:attachment":[{"href":"https:\/\/fleschmazowsza.com.pl\/index.php?rest_route=%2Fwp%2Fv2%2Fmedia&parent=5301"}],"wp:term":[{"taxonomy":"category","embeddable":true,"href":"https:\/\/fleschmazowsza.com.pl\/index.php?rest_route=%2Fwp%2Fv2%2Fcategories&post=5301"},{"taxonomy":"post_tag","embeddable":true,"href":"https:\/\/fleschmazowsza.com.pl\/index.php?rest_route=%2Fwp%2Fv2%2Ftags&post=5301"}],"curies":[{"name":"wp","href":"https:\/\/api.w.org\/{rel}","templated":true}]}}