{"id":5282,"date":"2024-07-09T07:38:22","date_gmt":"2024-07-09T06:38:22","guid":{"rendered":"https:\/\/fleschmazowsza.com.pl\/?p=5282"},"modified":"2024-07-09T07:38:22","modified_gmt":"2024-07-09T06:38:22","slug":"inwestycje-za-237-mln-zl","status":"publish","type":"post","link":"https:\/\/fleschmazowsza.com.pl\/?p=5282","title":{"rendered":"Inwestycje za 2,37 mln z\u0142"},"content":{"rendered":"\n<p><strong>Dwa projekty z Bud\u017cetu Obywatelskiego Mazowsza b\u0119d\u0105 realizowane na terenie gminy Brwin\u00f3w w 2025 r. Powstanie nowa \u015bcie\u017cka rowerowa przez Biskupice i urz\u0105dzona ziele\u0144 wzd\u0142u\u017c ul. Biskupickiej w Brwinowie.<\/strong><\/p>\n\n\n\n<p>Mazowiecki Zarz\u0105d Dr\u00f3g Wojew\u00f3dzkich b\u0119dzie w przysz\u0142ym roku w ramach realizacji Bud\u017cetu Obywatelskiego Mazowsza og\u0142asza\u0142 przetargi na dwa zadania zwi\u0105zane z drog\u0105 wojew\u00f3dzk\u0105 nr 720.<\/p>\n\n\n\n<p>Projekt \u201eRowerem po Mazowszu \u2013 rozbudowa tras rowerowych na po\u0142udnie od B\u0142onia, odcinek Brwin\u00f3w \u2013 Biskupice\u201d (nr 56 na li\u015bcie zg\u0142oszonych) przewiduje budow\u0119 \u015bcie\u017cki pieszo-rowerowej w Biskupicach na odcinku o d\u0142. ok. 470 m, od wiaduktu nad autostrad\u0105 A2 do drogi bocznej prowadz\u0105cej w kierunku Kotowic i MOP Brwin\u00f3w. W szacunkowej kalkulacji tego projektu wynosz\u0105cej 1,17 mln z\u0142 zosta\u0142a te\u017c uj\u0119ta m.in. budowa chodnika o d\u0142. 50 m, dzi\u0119ki kt\u00f3remu pasa\u017cerowie komunikacji autobusowej b\u0119d\u0105 mogli bezpiecznie doj\u015b\u0107 do przystanku, a tak\u017ce budowa odwodnienia i kana\u0142u technologicznego, przebudowa hydrantu oraz urz\u0105dzenie zieleni przydro\u017cnej. Poprawa bezpiecze\u0144stwa pieszych i rowerzyst\u00f3w na tym odcinku drogi b\u0119dzie jednym z wa\u017cniejszych efekt\u00f3w realizacji tego zadania.<\/p>\n\n\n\n<p>Projekt \u201ePo drodze z zieleni\u0105 \u2013 zagospodarowanie zieleni wzd\u0142u\u017c ul. Biskupickiej w Brwinowie\u201d (nr 55 na li\u015bcie), kt\u00f3ry zosta\u0142 wybrany do realizacji w ramach puli podregionalnej polega na urz\u0105dzenia zieleni przyulicznej od ronda Ignacego Kozielewskiego do wiaduktu nad autostrad\u0105 A2. Ten odcinek drogi wojew\u00f3dzkiej zosta\u0142 w ostatnim czasie przebudowany, ale wisienk\u0105 na torcie \u2013 po wykonaniu nowej nawierzchni jezdni, \u015bcie\u017cki i chodnika \u2013 b\u0119dzie zasadzenie na odcinku ok. 1,3 km kilkudziesi\u0119ciu drzew, a tak\u017ce tysi\u0119cy krzew\u00f3w, bylin, traw ozdobnych, ro\u015blin zadarniaj\u0105cych i kwiat\u00f3w cebulowych, ustawienie \u0142awek i koszy.<\/p>\n\n\n\n<p>Pomys\u0142odawc\u0105 obu projekt\u00f3w jest mieszkaniec Brwinowa, a zarazem burmistrz gminy Brwin\u00f3w Arkadiusz Kosi\u0144ski, kt\u00f3ry przygotowuje zg\u0142oszenia projekt\u00f3w w swoim czasie prywatnym, wieczorami oraz w soboty i niedziele. \u2013 Ka\u017cde zdanie zawarte w projektach napisa\u0142em w\u0142asnor\u0119cznie \u2013 zaznacza, ale jednocze\u015bnie podkre\u015bla, \u017ce decyduj\u0105ce znaczenie w ostatecznym sukcesie maj\u0105 g\u0142osy mieszka\u0144c\u00f3w i sympatyk\u00f3w gminy Brwin\u00f3w. \u2013 Ja tylko przygotowa\u0142em, napisa\u0142em i zg\u0142osi\u0142em obydwa projekty. Gor\u0105ce gratulacje i szczere podzi\u0119kowania nale\u017c\u0105 si\u0119 wszystkim osobom, kt\u00f3re po\u015bwi\u0119ci\u0142y sw\u00f3j czas i energi\u0119 i zag\u0142osowa\u0142y na moje pomys\u0142y \u2013 napisa\u0142 Arkadiusz Kosi\u0144ski na swojej stronie spo\u0142eczno\u015bciowej tu\u017c po gali prezentuj\u0105cej tegoroczne wyniki.<\/p>\n\n\n\n<p class=\"has-text-align-right\">\u0179r\u00f3d\u0142o: <strong>U.G. Brwin\u00f3w<\/strong><\/p>\n","protected":false},"excerpt":{"rendered":"<p>Dwa projekty z Bud\u017cetu Obywatelskiego Mazowsza b\u0119d\u0105 realizowane na terenie gminy Brwin\u00f3w w 2025 r. Powstanie nowa \u015bcie\u017cka rowerowa przez Biskupice i urz\u0105dzona ziele\u0144 wzd\u0142u\u017c ul. Biskupickiej w Brwinowie. Mazowiecki Zarz\u0105d Dr\u00f3g Wojew\u00f3dzkich b\u0119dzie w przysz\u0142ym roku w ramach realizacji Bud\u017cetu Obywatelskiego Mazowsza og\u0142asza\u0142 przetargi na dwa zadania zwi\u0105zane z drog\u0105 wojew\u00f3dzk\u0105 nr 720. Projekt [&hellip;]<\/p>\n","protected":false},"author":2,"featured_media":5283,"comment_status":"closed","ping_status":"open","sticky":false,"template":"","format":"standard","meta":{"footnotes":""},"categories":[5],"tags":[],"class_list":["post-5282","post","type-post","status-publish","format-standard","has-post-thumbnail","hentry","category-wiadomosci"],"_links":{"self":[{"href":"https:\/\/fleschmazowsza.com.pl\/index.php?rest_route=\/wp\/v2\/posts\/5282","targetHints":{"allow":["GET"]}}],"collection":[{"href":"https:\/\/fleschmazowsza.com.pl\/index.php?rest_route=\/wp\/v2\/posts"}],"about":[{"href":"https:\/\/fleschmazowsza.com.pl\/index.php?rest_route=\/wp\/v2\/types\/post"}],"author":[{"embeddable":true,"href":"https:\/\/fleschmazowsza.com.pl\/index.php?rest_route=\/wp\/v2\/users\/2"}],"replies":[{"embeddable":true,"href":"https:\/\/fleschmazowsza.com.pl\/index.php?rest_route=%2Fwp%2Fv2%2Fcomments&post=5282"}],"version-history":[{"count":1,"href":"https:\/\/fleschmazowsza.com.pl\/index.php?rest_route=\/wp\/v2\/posts\/5282\/revisions"}],"predecessor-version":[{"id":5284,"href":"https:\/\/fleschmazowsza.com.pl\/index.php?rest_route=\/wp\/v2\/posts\/5282\/revisions\/5284"}],"wp:featuredmedia":[{"embeddable":true,"href":"https:\/\/fleschmazowsza.com.pl\/index.php?rest_route=\/wp\/v2\/media\/5283"}],"wp:attachment":[{"href":"https:\/\/fleschmazowsza.com.pl\/index.php?rest_route=%2Fwp%2Fv2%2Fmedia&parent=5282"}],"wp:term":[{"taxonomy":"category","embeddable":true,"href":"https:\/\/fleschmazowsza.com.pl\/index.php?rest_route=%2Fwp%2Fv2%2Fcategories&post=5282"},{"taxonomy":"post_tag","embeddable":true,"href":"https:\/\/fleschmazowsza.com.pl\/index.php?rest_route=%2Fwp%2Fv2%2Ftags&post=5282"}],"curies":[{"name":"wp","href":"https:\/\/api.w.org\/{rel}","templated":true}]}}