{"id":5213,"date":"2024-03-11T12:41:06","date_gmt":"2024-03-11T11:41:06","guid":{"rendered":"https:\/\/fleschmazowsza.com.pl\/?p=5213"},"modified":"2024-03-11T12:41:06","modified_gmt":"2024-03-11T11:41:06","slug":"od-marca-wczesniejsi-emeryci-i-rencisci-moga-zarobic-wiecej","status":"publish","type":"post","link":"https:\/\/fleschmazowsza.com.pl\/?p=5213","title":{"rendered":"Od marca wcze\u015bniejsi emeryci i renci\u015bci mog\u0105 zarobi\u0107 wi\u0119cej"},"content":{"rendered":"\n<p><strong>1 marca zmieni\u0142y si\u0119 graniczne kwoty przychodu dla pracuj\u0105cych rencist\u00f3w i emeryt\u00f3w, kt\u00f3rzy nie uko\u0144czyli powszechnego wieku emerytalnego (60 lat kobieta\/65 lat m\u0119\u017cczyzna). B\u0119d\u0105 wy\u017csze, dzi\u0119ki czemu seniorzy b\u0119d\u0105 mogli wi\u0119cej dorobi\u0107 do swoich \u015bwiadcze\u0144 o ponad 240 z\u0142.<\/strong><\/p>\n\n\n\n<p>Osoby, kt\u00f3re pobieraj\u0105 wcze\u015bniejsz\u0105 emerytur\u0119, czy rent\u0119 podejmuj\u0105c lub kontynuuj\u0105c zatrudnienie, musz\u0105 pami\u0119ta\u0107 o tym, \u017ce dodatkowe zarobki mog\u0105 wp\u0142ywa\u0107 na wysoko\u015b\u0107 pobieranego \u015bwiadczenia. Je\u015bli przych\u00f3d przekroczy okre\u015blone progi \u2013 70 proc. i 130 proc. przeci\u0119tnego miesi\u0119cznego wynagrodzenia, to ZUS mo\u017ce zmniejszy\u0107 lub zawiesi\u0107 wyp\u0142acane \u015bwiadczenie.<\/p>\n\n\n\n<p>&#8211; Limity zarobkowe zmieniaj\u0105 si\u0119 co 3 miesi\u0105ce. Od marca 2024 r. do maja 2024 r. dolna kwota bezpiecznego dorabiania wyniesie 5 278,30 z\u0142 brutto. To o ponad 240 z\u0142 wi\u0119cej ni\u017c dotychczas. Zarobki do tej kwoty miesi\u0119cznie nie spowoduj\u0105 zmniejszenia wyp\u0142acanej przez ZUS emerytury lub renty. Natomiast, \u017ceby Zak\u0142ad nie wstrzyma\u0142 wyp\u0142aty \u015bwiadczenia, dodatkowy miesi\u0119czny przych\u00f3d przez najbli\u017csze trzy miesi\u0105ce, pocz\u0105wszy od marca, nie powinien by\u0107 wy\u017cszy ni\u017c 9802,50 z\u0142 brutto \u2013 informuje Wojciech \u015aciwiarski, rzecznik prasowy ZUS w wojew\u00f3dztwie mazowieckim.<\/p>\n\n\n\n<p>Je\u017celi emeryt lub rencista przekroczy 70 proc. przeci\u0119tnego miesi\u0119cznego wynagrodzenia og\u0142oszonego za IV kwarta\u0142 2023 (5 278,30 z\u0142), ale nie zarobi wi\u0119cej ni\u017cszy ni\u017c 130 proc. (9802,50 z\u0142) ZUS zmniejszy mu \u015bwiadczenia o kwot\u0119 przekroczenia, jednak nie wi\u0119cej ni\u017c o kwot\u0119 maksymalnego zmniejszenia. Kwota maksymalnego zmniejszenia wynosi od marca 890,63 z\u0142 \u2013 dla emerytur i rent z tytu\u0142u ca\u0142kowitej niezdolno\u015bci do pracy, 668,01 z\u0142 \u2013 dla rent z tytu\u0142u cz\u0119\u015bciowej niezdolno\u015bci do pracy, oraz 757,08 z\u0142 \u2013 dla rent rodzinnych, do kt\u00f3rych uprawniona jest jedna osoba.<\/p>\n\n\n\n<p class=\"has-text-align-center\"><strong>Kto mo\u017ce dorabia\u0107 bez ogranicze\u0144<\/strong><\/p>\n\n\n\n<p>&#8211; Limity osi\u0105ganych zarobk\u00f3w nie dotycz\u0105 emeryt\u00f3w, kt\u00f3rzy uko\u0144czyli powszechny wiek emerytalny (60\/65 lat). Wyj\u0105tek stanowi\u0105 seniorzy, kt\u00f3rym ZUS podwy\u017cszy\u0142 wyliczon\u0105 emerytur\u0119 do kwoty \u015bwiadczenia minimalnego (od marca 1780,96z\u0142 brutto). W\u00f3wczas, je\u017celi przych\u00f3d z tytu\u0142u pracy przekroczy wysoko\u015b\u0107 kwoty podwy\u017cszenia do minimalnej emerytury, to \u015bwiadczenie za dany okres b\u0119dzie wyp\u0142acana w ni\u017cszej kwocie, tj. bez dop\u0142aty do minimum \u2013 dodaje rzecznik.<br>Wysoko\u015bci\u0105 swoich zarobk\u00f3w nie musz\u0105 przejmowa\u0107 si\u0119 niekt\u00f3rzy renci\u015bci. Dotyczy to os\u00f3b, kt\u00f3re pobieraj\u0105 renty dla inwalid\u00f3w wojennych, inwalid\u00f3w wojskowych, kt\u00f3rych niezdolno\u015b\u0107 do pracy zwi\u0105zana jest ze s\u0142u\u017cb\u0105 wojskow\u0105. Ten przywilej dotyczy r\u00f3wnie\u017c rent rodzinnych przys\u0142uguj\u0105cych po uprawnionych do tych \u015bwiadcze\u0144. Limitami przychod\u00f3w nie musz\u0105 przejmowa\u0107 si\u0119 tak\u017ce osoby, kt\u00f3re maj\u0105 ustalon\u0105 emerytur\u0119 z tytu\u0142u uko\u0144czenia powszechnego wieku emerytalnego, a pobieraj\u0105 z ZUS-u rent\u0119 rodzinn\u0105, kt\u00f3ra jest kwotowo korzystniejsza.<\/p>\n\n\n\n<p class=\"has-text-align-right\"><strong>Wojciech \u015aciwiarski<\/strong><br><em>regionalny rzecznik prasowy ZUS<br>w wojew\u00f3dztwie mazowieckim<\/em><\/p>\n","protected":false},"excerpt":{"rendered":"<p>1 marca zmieni\u0142y si\u0119 graniczne kwoty przychodu dla pracuj\u0105cych rencist\u00f3w i emeryt\u00f3w, kt\u00f3rzy nie uko\u0144czyli powszechnego wieku emerytalnego (60 lat kobieta\/65 lat m\u0119\u017cczyzna). B\u0119d\u0105 wy\u017csze, dzi\u0119ki czemu seniorzy b\u0119d\u0105 mogli wi\u0119cej dorobi\u0107 do swoich \u015bwiadcze\u0144 o ponad 240 z\u0142. Osoby, kt\u00f3re pobieraj\u0105 wcze\u015bniejsz\u0105 emerytur\u0119, czy rent\u0119 podejmuj\u0105c lub kontynuuj\u0105c zatrudnienie, musz\u0105 pami\u0119ta\u0107 o tym, \u017ce [&hellip;]<\/p>\n","protected":false},"author":2,"featured_media":5105,"comment_status":"closed","ping_status":"open","sticky":false,"template":"","format":"standard","meta":{"footnotes":""},"categories":[8],"tags":[],"class_list":["post-5213","post","type-post","status-publish","format-standard","has-post-thumbnail","hentry","category-roznosci"],"_links":{"self":[{"href":"https:\/\/fleschmazowsza.com.pl\/index.php?rest_route=\/wp\/v2\/posts\/5213","targetHints":{"allow":["GET"]}}],"collection":[{"href":"https:\/\/fleschmazowsza.com.pl\/index.php?rest_route=\/wp\/v2\/posts"}],"about":[{"href":"https:\/\/fleschmazowsza.com.pl\/index.php?rest_route=\/wp\/v2\/types\/post"}],"author":[{"embeddable":true,"href":"https:\/\/fleschmazowsza.com.pl\/index.php?rest_route=\/wp\/v2\/users\/2"}],"replies":[{"embeddable":true,"href":"https:\/\/fleschmazowsza.com.pl\/index.php?rest_route=%2Fwp%2Fv2%2Fcomments&post=5213"}],"version-history":[{"count":1,"href":"https:\/\/fleschmazowsza.com.pl\/index.php?rest_route=\/wp\/v2\/posts\/5213\/revisions"}],"predecessor-version":[{"id":5214,"href":"https:\/\/fleschmazowsza.com.pl\/index.php?rest_route=\/wp\/v2\/posts\/5213\/revisions\/5214"}],"wp:featuredmedia":[{"embeddable":true,"href":"https:\/\/fleschmazowsza.com.pl\/index.php?rest_route=\/wp\/v2\/media\/5105"}],"wp:attachment":[{"href":"https:\/\/fleschmazowsza.com.pl\/index.php?rest_route=%2Fwp%2Fv2%2Fmedia&parent=5213"}],"wp:term":[{"taxonomy":"category","embeddable":true,"href":"https:\/\/fleschmazowsza.com.pl\/index.php?rest_route=%2Fwp%2Fv2%2Fcategories&post=5213"},{"taxonomy":"post_tag","embeddable":true,"href":"https:\/\/fleschmazowsza.com.pl\/index.php?rest_route=%2Fwp%2Fv2%2Ftags&post=5213"}],"curies":[{"name":"wp","href":"https:\/\/api.w.org\/{rel}","templated":true}]}}