{"id":5206,"date":"2024-02-23T14:46:45","date_gmt":"2024-02-23T13:46:45","guid":{"rendered":"https:\/\/fleschmazowsza.com.pl\/?p=5206"},"modified":"2024-07-29T10:38:40","modified_gmt":"2024-07-29T09:38:40","slug":"6-letnia-lena-z-pruszkowa-walczy-z-wrodzona-choroba","status":"publish","type":"post","link":"https:\/\/fleschmazowsza.com.pl\/?p=5206","title":{"rendered":"6-letnia Lena z Pruszkowa walczy z wrodzon\u0105 chorob\u0105"},"content":{"rendered":"\n<p><strong>Ma 6 lat i chodzi do grupy zer\u00f3wkowej w Przedszkolu Miejskim nr 11 w Pruszkowie. Urodzi\u0142a si\u0119 z deformacj\u0105 n\u00f3\u017cki. Diagnoza lekarzy by\u0142a przera\u017caj\u0105ca \u2013 grozi jej amputacja. Dzi\u0119ki ameryka\u0144skiemu ortopedzie i jego polskiemu zespo\u0142owi jest szansa na przywr\u00f3cenie sprawno\u015bci ruchowej dziewczynce.<\/strong><\/p>\n\n\n\n<p>Lena mierzy si\u0119 z niedorozwojem ko\u015bci udowej, ko\u015blawo\u015bci\u0105 ko\u015bci stawu skokowego i stopy, skr\u00f3ceniem ko\u015bci uda i ko\u015bci podudzia. Pierwsz\u0105 operacj\u0119 w Otwocku przesz\u0142a w wieku sze\u015bciu miesi\u0119cy. W\u00f3wczas rokowania polskich specjalist\u00f3w nie by\u0142y optymistyczne.<\/p>\n\n\n\n<p>-Stwierdzili, \u017ce proponuj\u0105 nam amputacj\u0119 n\u00f3\u017cki. To by\u0142 szok, ale nie pogodzili\u015bmy si\u0119 z tym. Zacz\u0119li\u015bmy szuka\u0107 r\u00f3\u017cnych informacji, rozwi\u0105za\u0144, terapii i lekarzy, kt\u00f3rzy dali by naszemu dziecku szans\u0119 na normalne \u017cycie \u2013 wspomina mama Lenki.<\/p>\n\n\n\n<p>Poszukiwania w Internecie przynios\u0142y informacje o dr Paleyu, ameryka\u0144skim ortopedzie z Florydy (USA). W tym czasie by\u0142 on cz\u0119stym go\u015bciem w naszym kraju efektem czego by\u0142o stworzenie w\u0142asnego zespo\u0142u.<\/p>\n\n\n\n<p>-Cztery lata temu odby\u0142a si\u0119 operacja w Warszawie i byli\u015bmy strasznie zadowoleni. W\u0142a\u015bciwie nic si\u0119 z c\u00f3rk\u0105 nie dzia\u0142o, ale niestety nasze szcz\u0119\u015bcie nie trwa\u0142o d\u0142ugo \u2013 opowiada mama dziewczynki.<\/p>\n\n\n\n<p>Operacja Leny by\u0142a dopiero trzeci\u0105 wykonan\u0105 w Polsce przez zesp\u00f3\u0142 pod kierunkiem ameryka\u0144skiego lekarza.<\/p>\n\n\n\n<p>Lena zacz\u0119\u0142a ucz\u0119szcza\u0107 do przedszkola, ca\u0142y czas korzystaj\u0105c z rehabilitacji. Mimo serdecznego przyj\u0119cia w\u015br\u00f3d r\u00f3wie\u015bnik\u00f3w i ca\u0142ego, doros\u0142ego otoczenia prze\u017cycia zwi\u0105zane z pobytem w szpitalu i ci\u0105g\u0142\u0105 rehabilitacj\u0105 odbi\u0142y si\u0119 na jej psychice. Jest dzieckiem wycofanym i nieufnym.<\/p>\n\n\n\n<p>-Panie w przedszkolu musia\u0142y w\u0142o\u017cy\u0107 du\u017co pracy w to by zaakceptowa\u0142a swoj\u0105 inno\u015b\u0107. Na szcz\u0119\u015bcie dzieci, panie oraz wzrastaj\u0105cy poziom tolerancji w naszym spo\u0142ecze\u0144stwie pomaga jej zmaga\u0107 si\u0119 z trudami codziennego \u017cycia \u2013 wyja\u015bnia mama dziewczynki.<\/p>\n\n\n\n<p>Mimo, \u017ce dziewczynka chodzi\u0142a o balkoniku i ortezach nigdy nie spotka\u0142a si\u0119 z przykrymi reakcjami otoczenia.<\/p>\n\n\n\n<p>-Dzieci zauwa\u017caj\u0105 jej inno\u015b\u0107, pytaj\u0105 dlaczego ma blizn\u0119 na nodze, dlaczego nie zgina jej do ko\u0144ca, ale nigdy nie by\u0142o to robione w przykry dla c\u00f3rki spos\u00f3b \u2013 opowiadaj\u0105 rodzice.<\/p>\n\n\n\n<p>W pa\u017adzierniku na kolejnej wizycie lekarskiej okaza\u0142o si\u0119, \u017ce jednak n\u00f3\u017cka krzywo ro\u015bnie powoduj\u0105c deformacj\u0119 miednicy, kr\u0119gos\u0142upa i ca\u0142ego uk\u0142adu. Konieczne jest przeprowadzenie jeszcze dw\u00f3ch operacji, dalsze leczenie i rehabilitacja. Pierwsza musi zosta\u0107 wykonana jak najszybciej. Druga jest uzale\u017cniona od tego, czy po pierwszej nie pojawi\u0105 si\u0119 komplikacje.<\/p>\n\n\n\n<p>Dlatego rodzice Leny s\u0105 zmuszeni podj\u0105\u0107 kolejn\u0105 walk\u0119 o jej pe\u0142nosprawno\u015b\u0107. W spo\u0142eczno\u015bci przedszkolenej i lokalnej rozpocz\u0119\u0142y si\u0119 akcje maj\u0105ce na celu zebranie potrzebnej kwoty.<\/p>\n\n\n\n<p>-Ju\u017c przy naszej pierwszej zbi\u00f3rce mieli\u015bmy szeroki odzew lokalnego \u015brodowiska. Pomagaj\u0105 nam m.in. uczniowie ze Szko\u0142y Podstawowej nr 9 organizuj\u0105c kiermasz podczas kt\u00f3rego uda\u0142o si\u0119 uzbiera\u0107 ponad 6 tys. z\u0142. W t\u0142usty czwartek w przedszkolu Leny odby\u0142a si\u0119 si\u0119 akcja pod has\u0142em ,,P\u0105czek dobra dla Leny\u201d. Zbi\u00f3rki s\u0105 prowadzone tak\u017ce na meczach pruszkowskich koszykarzy \u2013 relacjonuje mama dziewczynki.<\/p>\n\n\n\n<p>Ponadto rodzice za\u0142o\u017cyli zbi\u00f3rk\u0119 na portalu SIEPOMAGA: <a href=\"https:\/\/www.siepomaga.pl\/nozka-lenki\">https:\/\/www.siepomaga.pl\/nozka-lenki<\/a>. Mo\u017cna r\u00f3wnie\u017c przekaza\u0107 1,5% podatku na leczenie Leny (Numer KRS: 0000396361, Cel szczeg\u00f3\u0142owy 1,5% 0047803 Lena). Na FB powsta\u0142a grupa ,,Pruszk\u00f3w dla Lenki aukcje\u201d gdzie lokalni przedsi\u0119biorcy i mieszka\u0144cy wystawiaj\u0105 ciekawe przedmioty, us\u0142ugi z kt\u00f3rych doch\u00f3d jest przeznaczony na ratowanie zdrowia dziewczynki.<\/p>\n\n\n\n<p>Rodzice licz\u0105, na dobre serca i to, \u017ce podobnie jak za pierwszym razem si\u0119 uda si\u0119 zebra\u0107 brakuj\u0105c\u0105 kwot\u0119 \u2013 95 tys. z\u0142. Nie zawied\u017amy ich pom\u00f3\u017cmy kto ile i jak mo\u017ce.<\/p>\n\n\n\n<p>Marcin Gizi\u0144ski<\/p>\n","protected":false},"excerpt":{"rendered":"<p>Ma 6 lat i chodzi do grupy zer\u00f3wkowej w Przedszkolu Miejskim nr 11 w Pruszkowie. Urodzi\u0142a si\u0119 z deformacj\u0105 n\u00f3\u017cki. Diagnoza lekarzy by\u0142a przera\u017caj\u0105ca \u2013 grozi jej amputacja. Dzi\u0119ki ameryka\u0144skiemu ortopedzie i jego polskiemu zespo\u0142owi jest szansa na przywr\u00f3cenie sprawno\u015bci ruchowej dziewczynce. Lena mierzy si\u0119 z niedorozwojem ko\u015bci udowej, ko\u015blawo\u015bci\u0105 ko\u015bci stawu skokowego i stopy, [&hellip;]<\/p>\n","protected":false},"author":2,"featured_media":5207,"comment_status":"closed","ping_status":"open","sticky":false,"template":"","format":"standard","meta":{"footnotes":""},"categories":[1],"tags":[],"class_list":["post-5206","post","type-post","status-publish","format-standard","has-post-thumbnail","hentry","category-uncategorized"],"_links":{"self":[{"href":"https:\/\/fleschmazowsza.com.pl\/index.php?rest_route=\/wp\/v2\/posts\/5206","targetHints":{"allow":["GET"]}}],"collection":[{"href":"https:\/\/fleschmazowsza.com.pl\/index.php?rest_route=\/wp\/v2\/posts"}],"about":[{"href":"https:\/\/fleschmazowsza.com.pl\/index.php?rest_route=\/wp\/v2\/types\/post"}],"author":[{"embeddable":true,"href":"https:\/\/fleschmazowsza.com.pl\/index.php?rest_route=\/wp\/v2\/users\/2"}],"replies":[{"embeddable":true,"href":"https:\/\/fleschmazowsza.com.pl\/index.php?rest_route=%2Fwp%2Fv2%2Fcomments&post=5206"}],"version-history":[{"count":2,"href":"https:\/\/fleschmazowsza.com.pl\/index.php?rest_route=\/wp\/v2\/posts\/5206\/revisions"}],"predecessor-version":[{"id":5292,"href":"https:\/\/fleschmazowsza.com.pl\/index.php?rest_route=\/wp\/v2\/posts\/5206\/revisions\/5292"}],"wp:featuredmedia":[{"embeddable":true,"href":"https:\/\/fleschmazowsza.com.pl\/index.php?rest_route=\/wp\/v2\/media\/5207"}],"wp:attachment":[{"href":"https:\/\/fleschmazowsza.com.pl\/index.php?rest_route=%2Fwp%2Fv2%2Fmedia&parent=5206"}],"wp:term":[{"taxonomy":"category","embeddable":true,"href":"https:\/\/fleschmazowsza.com.pl\/index.php?rest_route=%2Fwp%2Fv2%2Fcategories&post=5206"},{"taxonomy":"post_tag","embeddable":true,"href":"https:\/\/fleschmazowsza.com.pl\/index.php?rest_route=%2Fwp%2Fv2%2Ftags&post=5206"}],"curies":[{"name":"wp","href":"https:\/\/api.w.org\/{rel}","templated":true}]}}