{"id":518,"date":"2017-01-17T10:49:36","date_gmt":"2017-01-17T09:49:36","guid":{"rendered":"http:\/\/fleschmazowsza.com.pl\/?p=518"},"modified":"2017-01-17T10:49:36","modified_gmt":"2017-01-17T09:49:36","slug":"podkowa-lesna-wystawa-solidarnosc-i-wsparcie","status":"publish","type":"post","link":"https:\/\/fleschmazowsza.com.pl\/?p=518","title":{"rendered":"PODKOWA LE\u015aNA. Wystawa \u201eSolidarno\u015b\u0107 i wsparcie\u201d"},"content":{"rendered":"<p><strong>W 2017 roku przygotowana przez Muzeum Dulag 121 wystawa \u201eSolidarno\u015b\u0107 i wsparcie\u201d prezentowana b\u0119dzie na terenie Powiatu Pruszkowskiego oraz w miastach powiat\u00f3w o\u015bciennych. Rozpoczynamy 13 stycznia (w pi\u0105tek) o godz. 18:00 w Centrum Kultury i Inicjatyw Obywatelskich przy ul. Lilpopa 18, gdzie odb\u0119dzie si\u0119 wernisa\u017c wystawy po\u0142\u0105czony z pokazem filmu \u201eExodus Warszawy 1944\u201d (scen. Grzegorz Szuplewski).<\/strong><\/p>\n<p>Wystawa \u201eSolidarno\u015b\u0107 i wsparcie\u201d mia\u0142a sw\u00f3j wernisa\u017c w 2016 roku w Sejmie Rzeczypospolitej. Po\u015bwi\u0119cona jest ma\u0142o znanemu tematowi \u2013 zakrojonej na szerok\u0105 skal\u0119 akcji pomocowej dla ludno\u015bci Warszawy wyp\u0119dzonej ze stolicy w czasie Powstania Warszawskiego i po jego zako\u0144czeniu. Wedle r\u00f3\u017cnych szacunk\u00f3w Niemcy wyp\u0119dzili od 390 do 650 tysi\u0119cy os\u00f3b. Od pocz\u0105tku sierpnia 1944 do ko\u0144ca pierwszej po\u0142owy 1945 w pomoc dla wyp\u0119dzonych zaanga\u017cowa\u0142o si\u0119 kilkana\u015bcie, a mo\u017ce nawet kilkadziesi\u0105t tysi\u0119cy ludzi \u2013 w\u015br\u00f3d nich wielu mieszka\u0144c\u00f3w Podkowy Le\u015bnej, o czym przypomina wystawa i towarzysz\u0105cy jej katalog.<\/p>\n<p>W\u015br\u00f3d pomagaj\u0105cych byli przedstawiciele i wolontariusze r\u00f3\u017cnych organizacji dzia\u0142aj\u0105cych oficjalnie i konspiracyjnie m.in.: Rady G\u0142\u00f3wnej Opieku\u0144czej, Armii Krajowej, Polskiego i Mi\u0119dzynarodowego Czerwonego Krzy\u017ca, zakon\u00f3w oraz indywidualne osoby, kt\u00f3re spontanicznie, w odruchu serca w\u0142\u0105cza\u0142y si\u0119 w pomoc.<\/p>\n<p>Wsparcie organizowano wsz\u0119dzie, gdzie trafiali wygnani warszawiacy, czyli w obozach przej\u015bciowych w Pruszkowie (a od pa\u017adziernika 1944 roku tak\u017ce w obozach w Piastowie i Ursusie), w miasteczkach i wsiach po\u0142udniowo-zachodniego rejonu podwarszawskiego (m.in. Pruszk\u00f3w, Piast\u00f3w, Komor\u00f3w, Milan\u00f3wek, Podkowa Le\u015bna, Brwin\u00f3w), a tak\u017ce na terenie Generalnego Gubernatorstwa, gdzie zsy\u0142ano wyp\u0119dzonych ze stolicy niezdolnych do pracy przymusowej.<\/p>\n<p>Wystaw\u0105 \u201eSolidarno\u015b\u0107 i wsparcie\u201d pragniemy przywr\u00f3ci\u0107 pami\u0119\u0107 o pe\u0142nych ofiarno\u015bci i po\u015bwi\u0119cenia ludziach, kt\u00f3rzy nie\u015bli pomoc wyp\u0119dzonym warszawiakom. Liczymy na to, \u017ce dzi\u0119ki niej dotrzemy do os\u00f3b, kt\u00f3re podziel\u0105 si\u0119 z nami wiedz\u0105 o losach wysiedlonych i tych, kt\u00f3rzy nie\u015bli im pomoc.<\/p>\n<p>Serdecznie zapraszamy na wystaw\u0119 i spotkanie do Podkowy Le\u015bnej. Wst\u0119p wolny!<\/p>\n<p>Organizatorzy: Muzeum Dulag 121, Centrum Kultury i Inicjatyw Obywatelskich w Podkowie Le\u015bnej.<\/p>\n<p><strong><em>Wystaw\u0119 mo\u017cna ogl\u0105da\u0107 do ko\u0144ca stycznia.<\/em><\/strong><\/p>\n<p style=\"text-align: right;\"><strong>(A)<\/strong><\/p>\n","protected":false},"excerpt":{"rendered":"<p>W 2017 roku przygotowana przez Muzeum Dulag 121 wystawa \u201eSolidarno\u015b\u0107 i wsparcie\u201d prezentowana b\u0119dzie na terenie Powiatu Pruszkowskiego oraz w miastach powiat\u00f3w o\u015bciennych. Rozpoczynamy 13 stycznia (w pi\u0105tek) o godz. 18:00 w Centrum Kultury i Inicjatyw Obywatelskich przy ul. Lilpopa 18, gdzie odb\u0119dzie si\u0119 wernisa\u017c wystawy po\u0142\u0105czony z pokazem filmu \u201eExodus Warszawy 1944\u201d (scen. Grzegorz [&hellip;]<\/p>\n","protected":false},"author":2,"featured_media":520,"comment_status":"closed","ping_status":"open","sticky":false,"template":"","format":"standard","meta":{"footnotes":""},"categories":[6],"tags":[],"class_list":["post-518","post","type-post","status-publish","format-standard","has-post-thumbnail","hentry","category-kultura"],"_links":{"self":[{"href":"https:\/\/fleschmazowsza.com.pl\/index.php?rest_route=\/wp\/v2\/posts\/518","targetHints":{"allow":["GET"]}}],"collection":[{"href":"https:\/\/fleschmazowsza.com.pl\/index.php?rest_route=\/wp\/v2\/posts"}],"about":[{"href":"https:\/\/fleschmazowsza.com.pl\/index.php?rest_route=\/wp\/v2\/types\/post"}],"author":[{"embeddable":true,"href":"https:\/\/fleschmazowsza.com.pl\/index.php?rest_route=\/wp\/v2\/users\/2"}],"replies":[{"embeddable":true,"href":"https:\/\/fleschmazowsza.com.pl\/index.php?rest_route=%2Fwp%2Fv2%2Fcomments&post=518"}],"version-history":[{"count":1,"href":"https:\/\/fleschmazowsza.com.pl\/index.php?rest_route=\/wp\/v2\/posts\/518\/revisions"}],"predecessor-version":[{"id":521,"href":"https:\/\/fleschmazowsza.com.pl\/index.php?rest_route=\/wp\/v2\/posts\/518\/revisions\/521"}],"wp:featuredmedia":[{"embeddable":true,"href":"https:\/\/fleschmazowsza.com.pl\/index.php?rest_route=\/wp\/v2\/media\/520"}],"wp:attachment":[{"href":"https:\/\/fleschmazowsza.com.pl\/index.php?rest_route=%2Fwp%2Fv2%2Fmedia&parent=518"}],"wp:term":[{"taxonomy":"category","embeddable":true,"href":"https:\/\/fleschmazowsza.com.pl\/index.php?rest_route=%2Fwp%2Fv2%2Fcategories&post=518"},{"taxonomy":"post_tag","embeddable":true,"href":"https:\/\/fleschmazowsza.com.pl\/index.php?rest_route=%2Fwp%2Fv2%2Ftags&post=518"}],"curies":[{"name":"wp","href":"https:\/\/api.w.org\/{rel}","templated":true}]}}