{"id":5176,"date":"2023-11-21T10:40:55","date_gmt":"2023-11-21T09:40:55","guid":{"rendered":"https:\/\/fleschmazowsza.com.pl\/?p=5176"},"modified":"2023-11-21T10:40:56","modified_gmt":"2023-11-21T09:40:56","slug":"napiety-budzet-inwestycyjny","status":"publish","type":"post","link":"https:\/\/fleschmazowsza.com.pl\/?p=5176","title":{"rendered":"Napi\u0119ty bud\u017cet inwestycyjny"},"content":{"rendered":"\n<p><strong>Z Krzysztofem Rymuz\u0105 \u2013 Starost\u0105 Pruszkowskim o mijaj\u0105cej kadencji samorz\u0105du i procesie inwestycyjnym rozmawia Marcin Gizi\u0144ski<\/strong><\/p>\n\n\n\n<p><strong>W przysz\u0142ym roku dobiega ko\u0144ca obecna kadencja samorz\u0105du terytorialnego, kt\u00f3ra rozpocz\u0119\u0142a si\u0119 w 2018 roku. Jest to pierwszy okres wyd\u0142u\u017cony do pi\u0119ciu lat. Czy uwa\u017ca Pan<\/strong><strong>,<\/strong><strong> \u017ce ze wzgl\u0119du na proces inwestycyjny decyzja o wyd\u0142u\u017ceniu by\u0142a w\u0142a\u015bciwa? Czy z punktu widzenia zarz\u0105dzania powiatem pi\u0119cioletni okres lepiej s\u0142u\u017cy cho\u0107by realizacji zaplanowanych inwestycji?<\/strong><\/p>\n\n\n\n<p>Im d\u0142u\u017cszy okres trwania kadencji tym \u0142atwiej zaplanowa\u0107 i wykona\u0107 konkretne inwestycje. Proces inwestycyjny pocz\u0105wszy od jej zaplanowania, poprzez prace projektowe plus prace wykonawcze, trwa w\u0142a\u015bnie oko\u0142o pi\u0119ciu lat. Decyzja o przed\u0142u\u017ceniu kadencji o jeden rok wydaje si\u0119 w\u0142a\u015bciwa. Jest to jednak wyj\u0105tkowa sytuacja i jest wielce prawdopodobne, \u017ce od nast\u0119pnej kadencji wr\u00f3cimy do czteroletniej kadencji samorz\u0105du. Korzystniej dla samorz\u0105du by\u0142oby oczywi\u015bcie pozostawienie pi\u0119cioletnich kadencji, co jest praktykowane w wielu krajach Europy.<\/p>\n\n\n\n<p><strong>Porozmawiajmy zatem o inwestycjach, bo te najbardziej interesuj\u0105 mieszka\u0144c\u00f3w. Jak teraz z perspektywy czterech lat ocenia Pan mijaj\u0105c\u0105 kadencj\u0119 bior\u0105c pod uwag\u0119 zrealizowane inwestycje?<\/strong><\/p>\n\n\n\n<p>Z punktu widzenia ca\u0142ej kadencji szereg nieprzewidzianych zdarze\u0144, przede wszystkim pandemia Covid, wojna w Ukrainie i w nast\u0119pstwie rosn\u0105ca inflacja, spowodowa\u0142a bardzo du\u017ce zmiany w finansowaniu dzia\u0142a\u0144 inwestycyjnych. Na terenie powiatu w 2022 r. pojawi\u0142o si\u0119 ponad 16 tys. uchod\u017ac\u00f3w. Pomimo tych trudno\u015bci zadania inwestycyjne realizowane s\u0105 w wi\u0119kszo\u015bci zgodnie z harmonogramem. Wyj\u0105tkiem jest budowa Zespo\u0142u Szk\u00f3\u0142 Specjalnych im. ks. Jana Twardowskiego przy ul. Wapiennej w Pruszkowie, kt\u00f3ra przed\u0142u\u017cy\u0142a si\u0119 o rok.<\/p>\n\n\n\n<p><strong>Jak te nieprzewidziane zdarzenia wp\u0142yn\u0119\u0142y na plany inwestycyjne powiatu okre\u015blone na pocz\u0105tku kadencji?<\/strong><\/p>\n\n\n\n<p>Za\u0142o\u017cenia harmonogramu prac inwestycyjnych VI kadencji przewidywa\u0142y realizacj\u0119 zada\u0144 kubaturowych kolejno. Niestety znacz\u0105ce wyd\u0142u\u017cenie czasu budowy Zespo\u0142u Szk\u00f3\u0142 Specjalnych im. ks. J. Twardowskiego spowodowa\u0142o, \u017ce ta inwestycja na\u0142o\u017cy\u0142a si\u0119 na rozpocz\u0119cie przebudowy Liceum im. T. Ko\u015bciuszki, budowy p\u0142ywalni oraz PCOM-u (Powiatowego Centrum Opieku\u0144czo-Mieszkalnego \u2013 przyp. Red.), co spowodowa\u0142o kumulacj\u0119 ko\u0144czenia 3 inwestycji w jednym czasie.<\/p>\n\n\n\n<p><strong>Kt\u00f3ra z tych inwestycji jest dla w\u0142adz powiatu wyj\u0105tkowa, mo\u017ce najwa\u017cniejsza i dlaczego?<\/strong><\/p>\n\n\n\n<p>Budowa Zespo\u0142u Szk\u00f3\u0142 Specjalnych dla dzieci i m\u0142odzie\u017cy z r\u00f3\u017cnymi stopniami niepe\u0142nosprawno\u015bci jest niezwykle istotnym zadaniem. Jest to obiekt dla najbardziej potrzebuj\u0105cych. Dzi\u0119ki wsp\u00f3\u0142pracy z Fundacj\u0105 Pruszy\u0144scy otrzymali\u015bmy dofinansowanie tego zadania w wysoko\u015bci 50% ponoszonych koszt\u00f3w. Opr\u00f3cz tego wsparcia otrzymali\u015bmy r\u00f3wnie\u017c dofinansowanie z bud\u017cetu Wojew\u00f3dztwa Mazowieckiego (w ramach Instrumentu wsparcia zada\u0144 wa\u017cnych dla r\u00f3wnomiernego rozwoju wojew\u00f3dztwa mazowieckiego) \u2013 4 mln z\u0142. Koszt inwestycji to ok. 70 mln. z\u0142. Wiosn\u0105 2024 roku planujemy ostateczne zako\u0144czenie prac.<\/p>\n\n\n\n<p>W wakacje 2024 ko\u0144cz\u0105 si\u0119 tak\u017ce roboty w LO. W pierwszym etapie oddali\u015bmy budynek od ul. Ko\u015bciuszki. Aktualnie trwa budowa drugiego budynku pomi\u0119dzy sal\u0105 gimnastyczn\u0105, a tym ju\u017c oddanym. Ca\u0142kowity koszt tych rob\u00f3t tak\u017ce wyniesie blisko 70 mln z\u0142. Zadanie zosta\u0142o dofinansowane w kwocie blisko 14 mln z\u0142 z Rz\u0105dowego Funduszu Polski \u0141ad i 4 mln z\u0142 z bud\u017cetu Wojew\u00f3dztwa Mazowieckiego. G\u0142\u00f3wny wykonawca, firma Strabag, terminowo realizuje prace.<\/p>\n\n\n\n<p><strong>Powiat pruszkowski zarz\u0105dza sieci\u0105 dr\u00f3g powiatowych, ci\u0105g\u00f3w komunikacyjnych, kt\u00f3re \u0142\u0105cz\u0105 tereny r\u00f3\u017cnych gmin. Chcia\u0142bym zapyta\u0107 jak w tej kadencji uk\u0142ada\u0142a si\u0119 wsp\u00f3\u0142praca z poszczeg\u00f3lnymi gminami. Czy macie Pa\u0144stwo wypracowane sta\u0142e modele wsp\u00f3\u0142pracy, a mo\u017ce s\u0105 one tworzone ad hoc w zale\u017cno\u015bci od aktualnych potrzeb?<\/strong><\/p>\n\n\n\n<p>Od pocz\u0105tku kadencji spotykamy si\u0119 na cyklicznych Konwentach Gmin Powiatu Pruszkowskiego, w kt\u00f3rych uczestnicz\u0105: Prezydent, burmistrzowie i w\u00f3jtowie. Wsp\u00f3\u0142praca z gminami uk\u0142ada si\u0119 dobrze, przy czym z ka\u017cd\u0105 z gmin mamy inne formy porozumienia. S\u0105 takie gminy, z kt\u00f3rymi zawarli\u015bmy porozumienie w sprawie \u015bcie\u017cek rowerowych, kt\u00f3re s\u0105 realizowane przy drogach powiatowych na koszt gmin. Nie chc\u0105c czeka\u0107 na nasze dzia\u0142ania, a stawiaj\u0105c \u015bcie\u017cki jako priorytet, zdecydowa\u0142y one, \u017ce zbuduj\u0105 je na w\u0142asny koszt, poniewa\u017c jest to element sieci \u015bcie\u017cek rowerowych w danej gminie.<\/p>\n\n\n\n<p>Ka\u017cda gmina jest inna i ka\u017cdy w\u0142odarz ma inn\u0105 koncepcj\u0119 rozwoju. Dlatego staramy si\u0119 przy ka\u017cdej z inwestycji powiatowych, w tym drogowych, uzyska\u0107 dofinansowanie z gmin na realizacj\u0119 tych zada\u0144 do 30% warto\u015bci lub do wysoko\u015bci 30% naszego udzia\u0142u w tym zadaniu. Wiem, \u017ce w innych powiatach wygl\u0105da to inaczej i tam np. dofinansowanie ze strony gmin wynosi do 50% inwestycji drogowych. My jeste\u015bmy zadowoleni z modelu partnerstwa funkcjonuj\u0105cego w naszym powiecie.\u2006<\/p>\n\n\n\n<p><strong>Przegl\u0105daj\u0105c wykaz inwestycji z ostatnich czterech lat wida\u0107 g\u0142\u00f3wn\u0105 koncentracj\u0119 na zadaniach drogowych. Czy mo\u017ce Pan zdradzi\u0107 nam w jaki spos\u00f3b wybierane s\u0105 konkretne zadania do realizacji? Co wp\u0142ywa na kolejno\u015b\u0107 wykonywania poszczeg\u00f3lnych inwestycji drogowych?<\/strong><\/p>\n\n\n\n<p>Na pocz\u0105tku kadencji przez Rad\u0119 Powiatu zosta\u0142a podj\u0119ta Uchwa\u0142a o kierunkach realizacji inwestycji drogowych w powiecie pruszkowskim. Zawiera ona spis trzech, kluczowych dla ka\u017cdej gminy, priorytetowych inwestycji drogowych.<\/p>\n\n\n\n<p>Przy wyborze kolejno\u015bci dr\u00f3g do wykonania, kierujemy si\u0119 czynnikami obiektywnymi. Dlatego przed podejmowaniem decyzji, organizujemy wyjazdy wizytacyjne w terenie. Podczas tych roboczych objazd\u00f3w specjali\u015bci okre\u015blaj\u0105 stan techniczny dr\u00f3g, na podstawie kt\u00f3rej Zarz\u0105d okre\u015bla kolejno\u015b\u0107 realizacji zada\u0144. W tym roku wpisanych jest dwana\u015bcie lokalizacji, kt\u00f3re Zarz\u0105d Powiatu uzna\u0142 za priorytetowe i b\u0119dziemy je realizowali w miar\u0119 mo\u017cliwo\u015bci i pozyskanych \u015brodk\u00f3w.<\/p>\n\n\n\n<p>Drugim czynnikiem decyduj\u0105cym o realizacji danej inwestycji jest to, czy otrzymamy na ten cel dofinansowanie zewn\u0119trzne. Prawie wszystkie drogi budowane w Pruszkowie by\u0142y dofinansowane przez Gmin\u0119 Miasto Pruszk\u00f3w lub z pozyskanych funduszy zewn\u0119trznych. Z pozosta\u0142ymi gminami wsp\u00f3\u0142praca jest r\u00f3\u017cnorodna. Generalnie jako powiat jeste\u015bmy zadowoleni ze wsp\u00f3\u0142prac w zakresie inwestycji drogowych.<\/p>\n\n\n\n<p><strong>Czy wszystkie te plany, o kt\u00f3rych Pan wspomina\u0142<\/strong><strong>,<\/strong><strong> uda\u0142o si\u0119 zrealizowa\u0107?<\/strong><\/p>\n\n\n\n<p>Niestety nie. Ze wzgl\u0119du na Covid i problemy finansowe nast\u0105pi\u0142o spowolnienie prac drogowych. My\u015bl\u0119 \u017ce 75% zada\u0144 przewidzianych w uchwale zostanie zrealizowanych do ko\u0144ca kadencji. To \u015bwietny wynik!<\/p>\n\n\n\n<p><strong>Rozw\u00f3j naszych teren\u00f3w, ich intensywna urbanizacja zwi\u0105zana z ruchem osiedle\u0144czym powoduje, \u017ce przybywa dzieci i m\u0142odzie\u017cy w wieku szkolnym. W zwi\u0105zku z tym<\/strong><strong>,<\/strong><strong> czy przed ko\u0144cem kadencji planowane s\u0105 jeszcze jakie\u015b inwestycje o\u015bwiatowe, je\u015bli tak to jakie?<\/strong><\/p>\n\n\n\n<p>Zaplanowane s\u0105 jeszcze dwie, mniejsze inwestycje: remont sali gimnastycznej oraz budowa windy dla os\u00f3b z niepe\u0142nosprawno\u015bciami przy szkole im. F. Nansena w Piastowie. Liczymy, \u017ce zg\u0142osz\u0105 si\u0119 ch\u0119tni wykonawcy, kt\u00f3rzy rozpoczn\u0105 prace jeszcze w tym roku.<\/p>\n\n\n\n<p><strong>Czy wszystkie najpilniejsze potrzeby inwestycyjne w temacie o\u015bwiaty uda si\u0119 zrealizowa\u0107 do ko\u0144ca kadencji?<\/strong><\/p>\n\n\n\n<p>Nie, nie uda si\u0119. Zmienia si\u0119 struktura potrzeb edukacyjnych m\u0142odzie\u017cy. Zaczyna ona bowiem dojrzewa\u0107 do podejmowania decyzji zawodowych wcze\u015bniej i bardziej praktycznie ni\u017c dotychczas. Objawia si\u0119 to tym, \u017ce du\u017ce grupy m\u0142odzie\u017cy chc\u0105 podejmowa\u0107 edukacj\u0119 w zakresie zawodowym: technicznym i bran\u017cowym. Powiat pruszkowski posiada dwie tego typu szko\u0142y: w Pruszkowie Zesp\u00f3\u0142 Szk\u00f3\u0142 im. S. Staszica przy ul. Promyka, w kt\u00f3rej cztery lata temu uczy\u0142o si\u0119 ok. 450 os\u00f3b i w Piastowie ZS im. F. Nansena \u2013 gdzie w\u00f3wczas uczy\u0142o si\u0119 ok. 120 os\u00f3b. W tej chwili w obu tych plac\u00f3wkach jest po 700 uczni\u00f3w. Dlatego w szkole w Pruszkowie musimy rozbudowa\u0107 obiekt dostosowuj\u0105c go do obecnej liczby uczni\u00f3w. Realizacji tego zadania nie zako\u0144czymy w tej kadencji, gdy\u017c jeste\u015bmy dopiero na etapie przygotowywania projektu. Na t\u0119 chwil\u0119 brakuje nam ok 500 miejsc w szko\u0142ach, aby w pe\u0142ni zabezpieczy\u0107 zapotrzebowanie ze strony mieszka\u0144c\u00f3w powiatu pruszkowskiego. To ju\u017c jest zadanie dla przysz\u0142ej kadencji \u2013 rozwa\u017cenie budowy kolejnej szko\u0142y technicznej.<\/p>\n\n\n\n<p><strong>Sk\u0105d pochodz\u0105 fundusze na realizacj\u0119 tych ambitnych plan\u00f3w i projekt\u00f3w? Czy s\u0105 to g\u0142\u00f3wnie \u015brodki z krajowych funduszy i program\u00f3w czy uda\u0142o si\u0119 tak\u017ce zdoby\u0107 pieni\u0105dze ze \u017ar\u00f3de\u0142 zagranicznych, w tym unijnych? Czy w Starostwie Powiatowym znajduje si\u0119 wyspecjalizowana kom\u00f3rka organizacyjna do pozyskiwania takich \u015brodk\u00f3w?<\/strong><\/p>\n\n\n\n<p>W Starostwie Powiatowym wydzielona jest oddzielna kom\u00f3rka, kt\u00f3ra w spos\u00f3b ci\u0105g\u0142y poszukuje mo\u017cliwo\u015bci dofinansowania zada\u0144 inwestycyjnych. \u015arodki pozyskujemy ze wszystkich mo\u017cliwych \u017ar\u00f3de\u0142: z funduszy ministerialnych, rz\u0105dowych, wojew\u00f3dzkich oraz od prywatnych przedsi\u0119biorc\u00f3w. Jest to robione z bardzo du\u017c\u0105 skuteczno\u015bci\u0105 dzi\u0119ki czemu mamy mo\u017cliwo\u015b\u0107 realizacji tak wielu inwestycji.<\/p>\n\n\n\n<p><strong>Jak te wszystkie wydatki inwestycyjne wp\u0142ywaj\u0105 na kondycj\u0119 finansow\u0105 powiatu? Czy nie doprowadzi to do sytuacji, w kt\u00f3rej Pa\u0144stwa nast\u0119pcy nie b\u0119d\u0105 mogli kontynuowa\u0107 tej dobrej inwestycyjnej passy?<\/strong><\/p>\n\n\n\n<p>Od kilkunastu lat powiat pruszkowski p\u0142aci podatek tzw. janosikowy. Jest to op\u0142ata wyr\u00f3wnawcza, kt\u00f3ra powoduje, \u017ce samorz\u0105dy, kt\u00f3re lepiej sobie radz\u0105 z realiami ekonomicznymi wp\u0142acaj\u0105 do skarbu pa\u0144stwa \u015brodki, kt\u00f3re s\u0105 przekazywane samorz\u0105dom, kt\u00f3rym zgodnie ze wska\u017anikami, nale\u017cy si\u0119 to wsparcie. W ostatnich latach powiat p\u0142aci\u0142 ok. 40 mln z\u0142 janosikowego rocznie. W roku przysz\u0142ym zap\u0142acimy 53 mln z\u0142! Jasno wida\u0107, \u017ce gdyby\u015bmy nie p\u0142acili tego podatku, nie musieliby\u015bmy stara\u0107 si\u0119 o dodatkowe wsparcie finansowe, poniewa\u017c wszystkie inwestycje mogliby\u015bmy realizowa\u0107 za w\u0142asne \u015brodki. W tej sytuacji przysz\u0142oroczny bud\u017cet zostanie uszczuplony o kolejne 13 mln z\u0142 i bez wsparcia z KPO nie b\u0119dziemy w stanie realizowa\u0107 \u017cadnych kosztowniejszych inwestycji, poniewa\u017c b\u0119dziemy sp\u0142aca\u0107 kredyty, w ramach kt\u00f3rych realizowali\u015bmy inwestycje, o kt\u00f3rych tu rozmawiali\u015bmy.<\/p>\n\n\n\n<p><strong>Zbli\u017caj\u0105c si\u0119 do ko\u0144ca naszej rozmowy chcia\u0142bym zapyta\u0107 jak ocenia Pan okres w kt\u00f3rym przysz\u0142o mu pe\u0142ni\u0107 urz\u0105d Starosty Pruszkowskiego?<\/strong><\/p>\n\n\n\n<p>Z mojego punktu widzenia jako Starosty, by\u0142a to nadzwyczajna kadencja, gdy\u017c inwestycje sta\u0142y si\u0119 priorytetowym zakresem dzia\u0142ania samorz\u0105du powiatu pruszkowskiego. W tym roku bud\u017cet inwestycyjny przekracza 133 mln. W roku ubieg\u0142ym to by\u0142o ok. 66 mln, wcze\u015bniej 48 mln. S\u0105 to tak du\u017ce sumy, kt\u00f3rych nigdy w historii powiatu pruszkowskiego nie by\u0142o. To stanowi ponad 30% ca\u0142o\u015bci bud\u017cetu. To odbi\u0142o si\u0119 na strukturze zatrudnienia urz\u0119du. Aby sprosta\u0107 tym zadaniom, zatrudnili\u015bmy dodatkowych pracownik\u00f3w w Wydziale Inwestycji i Drogownictwa. I udaje nam si\u0119 to. Jeste\u015bmy dumni z tego, \u017ce przekonali\u015bmy gminy powiatu pruszkowskiego i ich mieszka\u0144c\u00f3w, \u017ce wsp\u00f3lnie jeste\u015bmy w stanie zrealizowa\u0107 wielkie zadania inwestycyjne. S\u0105 to nasze wsp\u00f3lne sukcesy.<\/p>\n\n\n\n<p><strong>Czy w najbli\u017cszych wyborach, kt\u00f3re odb\u0119d\u0105 si\u0119 prawdopodobnie w kwietniu<\/strong><strong>,<\/strong><strong> podda si\u0119 Pan ocenie mieszka\u0144c\u00f3w?<\/strong><\/p>\n\n\n\n<p>W najbli\u017cszych wyborach b\u0119d\u0119 chcia\u0142 podda\u0107 si\u0119 weryfikacji mieszka\u0144c\u00f3w. B\u0119d\u0119 stara\u0142 si\u0119 wystartowa\u0107 w nadchodz\u0105cych wyborach samorz\u0105dowych do Rady Powiatu Pruszkowskiego m.in. po to by przekona\u0107 si\u0119 jak mieszka\u0144cy oceniaj\u0105 obecn\u0105 kadencj\u0119. B\u0119dzie to dla mnie wa\u017cna informacja zwrotna. W inny spos\u00f3b trudno jest uzyska\u0107 tego rodzaju wiedz\u0119. To wybory poka\u017c\u0105, czy nasza decyzja o zwi\u0119kszeniu planu inwestycyjnego jest pozytywnie odbierana przez mieszka\u0144c\u00f3w. Czy b\u0119d\u0119 m\u00f3g\u0142 dalej pe\u0142ni\u0107 funkcj\u0119 starosty? O tym zdecyduje Rada Powiatu.<\/p>\n\n\n\n<p><strong>Dzi\u0119kuj\u0119 za rozmow\u0119<\/strong><strong>.<\/strong><\/p>\n","protected":false},"excerpt":{"rendered":"<p>Z Krzysztofem Rymuz\u0105 \u2013 Starost\u0105 Pruszkowskim o mijaj\u0105cej kadencji samorz\u0105du i procesie inwestycyjnym rozmawia Marcin Gizi\u0144ski W przysz\u0142ym roku dobiega ko\u0144ca obecna kadencja samorz\u0105du terytorialnego, kt\u00f3ra rozpocz\u0119\u0142a si\u0119 w 2018 roku. Jest to pierwszy okres wyd\u0142u\u017cony do pi\u0119ciu lat. Czy uwa\u017ca Pan, \u017ce ze wzgl\u0119du na proces inwestycyjny decyzja o wyd\u0142u\u017ceniu by\u0142a w\u0142a\u015bciwa? Czy z [&hellip;]<\/p>\n","protected":false},"author":2,"featured_media":5177,"comment_status":"closed","ping_status":"open","sticky":false,"template":"","format":"standard","meta":{"footnotes":""},"categories":[5],"tags":[],"class_list":["post-5176","post","type-post","status-publish","format-standard","has-post-thumbnail","hentry","category-wiadomosci"],"_links":{"self":[{"href":"https:\/\/fleschmazowsza.com.pl\/index.php?rest_route=\/wp\/v2\/posts\/5176","targetHints":{"allow":["GET"]}}],"collection":[{"href":"https:\/\/fleschmazowsza.com.pl\/index.php?rest_route=\/wp\/v2\/posts"}],"about":[{"href":"https:\/\/fleschmazowsza.com.pl\/index.php?rest_route=\/wp\/v2\/types\/post"}],"author":[{"embeddable":true,"href":"https:\/\/fleschmazowsza.com.pl\/index.php?rest_route=\/wp\/v2\/users\/2"}],"replies":[{"embeddable":true,"href":"https:\/\/fleschmazowsza.com.pl\/index.php?rest_route=%2Fwp%2Fv2%2Fcomments&post=5176"}],"version-history":[{"count":1,"href":"https:\/\/fleschmazowsza.com.pl\/index.php?rest_route=\/wp\/v2\/posts\/5176\/revisions"}],"predecessor-version":[{"id":5178,"href":"https:\/\/fleschmazowsza.com.pl\/index.php?rest_route=\/wp\/v2\/posts\/5176\/revisions\/5178"}],"wp:featuredmedia":[{"embeddable":true,"href":"https:\/\/fleschmazowsza.com.pl\/index.php?rest_route=\/wp\/v2\/media\/5177"}],"wp:attachment":[{"href":"https:\/\/fleschmazowsza.com.pl\/index.php?rest_route=%2Fwp%2Fv2%2Fmedia&parent=5176"}],"wp:term":[{"taxonomy":"category","embeddable":true,"href":"https:\/\/fleschmazowsza.com.pl\/index.php?rest_route=%2Fwp%2Fv2%2Fcategories&post=5176"},{"taxonomy":"post_tag","embeddable":true,"href":"https:\/\/fleschmazowsza.com.pl\/index.php?rest_route=%2Fwp%2Fv2%2Ftags&post=5176"}],"curies":[{"name":"wp","href":"https:\/\/api.w.org\/{rel}","templated":true}]}}