{"id":5121,"date":"2023-06-29T08:33:17","date_gmt":"2023-06-29T07:33:17","guid":{"rendered":"https:\/\/fleschmazowsza.com.pl\/?p=5121"},"modified":"2023-06-29T08:34:57","modified_gmt":"2023-06-29T07:34:57","slug":"wakacje-z-wot-w-6mbot","status":"publish","type":"post","link":"https:\/\/fleschmazowsza.com.pl\/?p=5121","title":{"rendered":"Wakacje z WOT w 6MBOT"},"content":{"rendered":"\n<p><strong>Ju\u017c 1 lipca tego roku startuje kolejne szkolenie dla ochotnik\u00f3w w ramach akcji &#8222;Wakacje z WOT&#8221;. To ostatni dzwonek, aby ochotnik zg\u0142osi\u0142 si\u0119 do WCRu odpowiedniego dla miejsca zameldowania i dope\u0142ni\u0142 formalno\u015bci. <\/strong><\/p>\n\n\n\n<p class=\"has-text-align-center\"><strong>Zr\u00f3b to dla siebie i swoich najbli\u017cszych<\/strong> &nbsp;&nbsp;<\/p>\n\n\n\n<p>Chcesz pozna\u0107 budow\u0119 broni i nauczy\u0107 si\u0119 strzela\u0107? Zastanawiasz si\u0119 jak porusza\u0107 si\u0119 i prze\u017cy\u0107 w terenie, kt\u00f3rego nie znasz? A mo\u017ce Twoj\u0105 motywacj\u0105 b\u0119dzie ch\u0119\u0107 wp\u0142yni\u0119cia na popraw\u0119 bezpiecze\u0144stwa Twoich bliskich i lokalnej spo\u0142eczno\u015bci? Do\u0142\u0105cz do WOT! Pracuj, ucz si\u0119 a jednocze\u015bnie rozwijaj si\u0119 jako \u017co\u0142nierz. Ju\u017c 1 lipca w 6MBOT startuj\u0105 &#8222;Wakacje z WOT&#8221;!&nbsp;<\/p>\n\n\n\n<p class=\"has-text-align-center\"><strong>Czekamy na Ciebie<\/strong> &nbsp;<\/p>\n\n\n\n<p>To nie ob\u00f3z. To prawdzie szkolenie poligonowe na kt\u00f3rym nauczysz si\u0119 obs\u0142ugi broni, celnego strzelania, poruszania si\u0119 w trudnym terenie, opatrywania ran i ewakuacji innych z teren\u00f3w zagro\u017conych. Dowiesz si\u0119 jak korzysta\u0107 ze specjalistycznego sprz\u0119tu noktowizyjnego i termowizyjnego, oraz jak wygl\u0105da improwizowany \u0142adunek wybuchowy (fugas). Na koniec w obecno\u015bci rodziny i przyjaci\u00f3\u0142 wypowiesz s\u0142owa roty przysi\u0119gi, a mury jednostki wojskowej opu\u015bcisz jako \u017co\u0142nierz Wojska Polskiego w mundurze z bia\u0142o-czerwon\u0105 na ramieniu.&nbsp;&nbsp;<\/p>\n\n\n\n<p class=\"has-text-align-center\"><strong>Dla kogo WOT?<\/strong> &nbsp;&nbsp;<\/p>\n\n\n\n<p>Pi\u0105ty rodzaj si\u0142 zbrojnych powsta\u0142 z my\u015bl\u0105 o wszystkich, kt\u00f3rzy chc\u0105 by\u0107 \u017co\u0142nierzami, dba\u0107 o bezpiecze\u0144stwo swoich najbli\u017cszych, a tak\u017ce wspiera\u0107 lokalne spo\u0142eczno\u015bci, ale jednocze\u015bnie nie chc\u0105 rezygnowa\u0107 ze swojej pracy zawodowej czy nauki. Dla wielu te\u017c Wojska Obrony Terytorialnej s\u0105 pocz\u0105tkiem drogi w p\u00f3\u017aniejszej karierze zawodowej. &nbsp;<\/p>\n\n\n\n<p>G\u0142\u00f3wny warunek jaki musi spe\u0142nia\u0107 kandydat na \u017co\u0142nierza terytorialnej s\u0142u\u017cby wojskowej to wiek \u2013 trzeba mie\u0107 uko\u0144czone 18 lat, ale nie mo\u017cna mie\u0107 wi\u0119cej ni\u017c 55 lat (korpus szeregowych). Dodatkowo niezb\u0119dne jest obywatelstwo polskie oraz niekaralno\u015b\u0107. Przysz\u0142y \u017co\u0142nierz musi podda\u0107 si\u0119 badaniom lekarskim oraz przej\u015b\u0107 pozytywnie wizyt\u0119 u psychologa. \u017bo\u0142nierzem OT mo\u017ce zosta\u0107 druh z Ochotniczej Stra\u017cy Po\u017carnej, a tak\u017ce funkcjonariusz Stra\u017cy Miejskiej. Nie mo\u017ce natomiast pe\u0142ni\u0107 s\u0142u\u017cby osoba reklamowana.&nbsp;&nbsp;<\/p>\n\n\n\n<p>Po dokonaniu niezb\u0119dnych formalno\u015bci kandydat na \u017co\u0142nierza WOT otrzyma kart\u0119 powo\u0142ania na kt\u00f3rej widnie\u0107 b\u0119dzie data szkoleni podstawowego. Takie zgrupowanie poligonowe trwa 16 dni i ko\u0144czy si\u0119 z\u0142o\u017ceniem przysi\u0119gi wojskowej. Wakacje sp\u0119dzone na poligonie to nie tylko pierwszy krok na swojej \u015bcie\u017cce rozwoju w Wojsku Polskim to te\u017c uposa\u017cenie, kt\u00f3re wp\u0142ynie na konto \u017co\u0142nierza tu\u017c po zako\u0144czonym szkleniu. <strong>&nbsp;<\/strong>&nbsp;<\/p>\n\n\n\n<p class=\"has-text-align-center\"><strong>Spiesz si\u0119 i do\u0142\u0105cz do projektu &#8222;Wakacje z WOT&#8221;<\/strong> &nbsp;<\/p>\n\n\n\n<p>Pozosta\u0142o ju\u017c niewiele do rozpocz\u0119cia wyczekiwanych przez uczni\u00f3w i student\u00f3w wakacji. Ju\u017c dzi\u015b we\u017a sprawy w swoje r\u0119ce, zr\u00f3b co\u015b dla siebie i Ojczyzny, zaplanuj 16-dniowe szkolenie poligonowe. 6 Mazowiecka Brygada Obrony Terytorialnej proponuje ch\u0119tnym przedostatnie w tym roku przeszkolenie podstawowe \u2013 \u201eWakacje z WOT&#8221;. Rozpocznie si\u0119 1 lipca 2023 r. na terenie 61 Batalionu Lekkiej Piechoty w Ksi\u0105\u017cenicach. Je\u015bli po\u015bpieszysz si\u0119, jeszcze zd\u0105\u017cysz z procedur\u0105! Zg\u0142o\u015b si\u0119 do Wojskowego Centrum Rekrutacji b\u0105d\u017a skontaktuj si\u0119 z naszym rekruterem: <a href=\"http:\/\/www.rekruterzy.terytorialsi.wp.mil.pl\"><em>www.rekruterzy.terytorialsi.wp.mil.pl<\/em>\u00a0<\/a><\/p>\n\n\n\n<p class=\"has-text-align-right\"><strong>kpt. Dominik PIJARSKI<\/strong><br><em><strong>Oficer Prasowy\u00a0<br>6 MAZOWIECKA BRYGADA\u00a0<br>OBRONY TERYTORIALNEJ<\/strong><\/em><strong>\u00a0<\/strong><\/p>\n","protected":false},"excerpt":{"rendered":"<p>Ju\u017c 1 lipca tego roku startuje kolejne szkolenie dla ochotnik\u00f3w w ramach akcji &#8222;Wakacje z WOT&#8221;. To ostatni dzwonek, aby ochotnik zg\u0142osi\u0142 si\u0119 do WCRu odpowiedniego dla miejsca zameldowania i dope\u0142ni\u0142 formalno\u015bci. Zr\u00f3b to dla siebie i swoich najbli\u017cszych &nbsp;&nbsp; Chcesz pozna\u0107 budow\u0119 broni i nauczy\u0107 si\u0119 strzela\u0107? Zastanawiasz si\u0119 jak porusza\u0107 si\u0119 i prze\u017cy\u0107 [&hellip;]<\/p>\n","protected":false},"author":2,"featured_media":5122,"comment_status":"closed","ping_status":"open","sticky":false,"template":"","format":"standard","meta":{"footnotes":""},"categories":[8],"tags":[],"class_list":["post-5121","post","type-post","status-publish","format-standard","has-post-thumbnail","hentry","category-roznosci"],"_links":{"self":[{"href":"https:\/\/fleschmazowsza.com.pl\/index.php?rest_route=\/wp\/v2\/posts\/5121","targetHints":{"allow":["GET"]}}],"collection":[{"href":"https:\/\/fleschmazowsza.com.pl\/index.php?rest_route=\/wp\/v2\/posts"}],"about":[{"href":"https:\/\/fleschmazowsza.com.pl\/index.php?rest_route=\/wp\/v2\/types\/post"}],"author":[{"embeddable":true,"href":"https:\/\/fleschmazowsza.com.pl\/index.php?rest_route=\/wp\/v2\/users\/2"}],"replies":[{"embeddable":true,"href":"https:\/\/fleschmazowsza.com.pl\/index.php?rest_route=%2Fwp%2Fv2%2Fcomments&post=5121"}],"version-history":[{"count":2,"href":"https:\/\/fleschmazowsza.com.pl\/index.php?rest_route=\/wp\/v2\/posts\/5121\/revisions"}],"predecessor-version":[{"id":5124,"href":"https:\/\/fleschmazowsza.com.pl\/index.php?rest_route=\/wp\/v2\/posts\/5121\/revisions\/5124"}],"wp:featuredmedia":[{"embeddable":true,"href":"https:\/\/fleschmazowsza.com.pl\/index.php?rest_route=\/wp\/v2\/media\/5122"}],"wp:attachment":[{"href":"https:\/\/fleschmazowsza.com.pl\/index.php?rest_route=%2Fwp%2Fv2%2Fmedia&parent=5121"}],"wp:term":[{"taxonomy":"category","embeddable":true,"href":"https:\/\/fleschmazowsza.com.pl\/index.php?rest_route=%2Fwp%2Fv2%2Fcategories&post=5121"},{"taxonomy":"post_tag","embeddable":true,"href":"https:\/\/fleschmazowsza.com.pl\/index.php?rest_route=%2Fwp%2Fv2%2Ftags&post=5121"}],"curies":[{"name":"wp","href":"https:\/\/api.w.org\/{rel}","templated":true}]}}