{"id":5118,"date":"2023-06-28T13:24:55","date_gmt":"2023-06-28T12:24:55","guid":{"rendered":"https:\/\/fleschmazowsza.com.pl\/?p=5118"},"modified":"2023-06-28T13:24:55","modified_gmt":"2023-06-28T12:24:55","slug":"slad-zaginionego-16-latka-urwany-w-warszawie","status":"publish","type":"post","link":"https:\/\/fleschmazowsza.com.pl\/?p=5118","title":{"rendered":"\u015alad zaginionego 16-latka urwany w Warszawie"},"content":{"rendered":"\n<p><strong>Ca\u0142a Polska szuka zaginionego 16-latka spod O\u017carowa Mazowieckiego. Rodzina prosi o wsparcie i udost\u0119pnianie informacji oraz wizerunku ch\u0142opca.<\/strong><\/p>\n\n\n\n<p>\u2212 Krzysztof, synku, nie martw si\u0119 o nic, po prostu wr\u00f3\u0107 do nas. Bardzo Ci\u0119 kochamy i bardzo martwimy \u2013 napisa\u0142a w mediach spo\u0142eczno\u015bciowych matka ch\u0142opca.<\/p>\n\n\n\n<p>Poszukiwany nastolatek to Krzysztof Dymi\u0144ski. Ma 16 lat. Jak ustalono, ch\u0142opak wyszed\u0142 z domu w miejscowo\u015bci Pogroszew Kolonia w gminie O\u017car\u00f3w Mazowiecki najprawdopodobniej w sobot\u0119 29 maja nad ranem. Jego telefon jest wy\u0142\u0105czony. Od tamtego czasu nie kontaktowa\u0142 si\u0119 z rodzin\u0105. Rodzina prosi o pomoc.<\/p>\n\n\n\n<p>Krzysztof ma 175 centymetr\u00f3w wzrostu, ciemne blond, bujne w\u0142osy, niebieskie oczy, jest szczup\u0142y. W dniu zagini\u0119cia za\u0142o\u017cy\u0142 ciemne spodnie, czarne buty marki Diesel typu sneakersy. Nie ma znak\u00f3w szczeg\u00f3lnych, opr\u00f3cz aparatu sta\u0142ego na z\u0119bach (g\u00f3rny i dolny \u0142uk). Wszystkie osoby, kt\u00f3re widzia\u0142y Krzysztofa proszone s\u0105 o kontakt z policj\u0105 lub z matk\u0105 nastolatka: 604 944&nbsp;800.<\/p>\n\n\n\n<p>Informacje o ch\u0142opcu udost\u0119pniaj\u0105 wszystkie fundacje zajmuj\u0105ce si\u0119 poszukiwaniem zaginionych, w tym przez fundacj\u0119 ITAKA. \u201eKtokolwiek widzia\u0142 zaginionego lub ma jakiekolwiek informacje o jego losie, proszony jest o kontakt z Fundacj\u0105 ITAKA &#8211; Centrum Poszukiwa\u0144 Ludzi Zaginionych pod numerem 116 000. Mo\u017cna r\u00f3wnie\u017c napisa\u0107 w tej sprawie do ITAKI: itaka@zaginieni.pl. Naszym informatorom gwarantujemy dyskrecj\u0119\u201d \u2013 napisano na oficjalnej stronie fundacji na Facebooku.<\/p>\n\n\n\n<p>Na podstawie przeanalizowanego monitoringu uda\u0142o si\u0119 ustali\u0107, \u017ce Krzysztof dojecha\u0142 do Warszawy autobusem. \u201eKrzysztof jest introwertykiem, zamkni\u0119ty w sobie, nie sprawia\u0142 nigdy problem\u00f3w wychowawczych i jest bardzo zwi\u0105zany emocjonalnie \u017ce swoj\u0105 rodzin\u0105, kt\u00f3ra jest zrozpaczona i prosi o pomoc w poszukiwaniach\u201d \u2013 czytamy na facebookowej stronie &#8222;Gdziekolwiek Jeste\u015b&#8221;.<\/p>\n\n\n\n<p class=\"has-text-align-right\"><strong>M. Ksit<\/strong>, Fot.: <strong><em>TVN Warszawa<\/em><\/strong><\/p>\n","protected":false},"excerpt":{"rendered":"<p>Ca\u0142a Polska szuka zaginionego 16-latka spod O\u017carowa Mazowieckiego. Rodzina prosi o wsparcie i udost\u0119pnianie informacji oraz wizerunku ch\u0142opca. \u2212 Krzysztof, synku, nie martw si\u0119 o nic, po prostu wr\u00f3\u0107 do nas. Bardzo Ci\u0119 kochamy i bardzo martwimy \u2013 napisa\u0142a w mediach spo\u0142eczno\u015bciowych matka ch\u0142opca. Poszukiwany nastolatek to Krzysztof Dymi\u0144ski. Ma 16 lat. Jak ustalono, ch\u0142opak [&hellip;]<\/p>\n","protected":false},"author":2,"featured_media":5119,"comment_status":"closed","ping_status":"open","sticky":false,"template":"","format":"standard","meta":{"footnotes":""},"categories":[5],"tags":[],"class_list":["post-5118","post","type-post","status-publish","format-standard","has-post-thumbnail","hentry","category-wiadomosci"],"_links":{"self":[{"href":"https:\/\/fleschmazowsza.com.pl\/index.php?rest_route=\/wp\/v2\/posts\/5118","targetHints":{"allow":["GET"]}}],"collection":[{"href":"https:\/\/fleschmazowsza.com.pl\/index.php?rest_route=\/wp\/v2\/posts"}],"about":[{"href":"https:\/\/fleschmazowsza.com.pl\/index.php?rest_route=\/wp\/v2\/types\/post"}],"author":[{"embeddable":true,"href":"https:\/\/fleschmazowsza.com.pl\/index.php?rest_route=\/wp\/v2\/users\/2"}],"replies":[{"embeddable":true,"href":"https:\/\/fleschmazowsza.com.pl\/index.php?rest_route=%2Fwp%2Fv2%2Fcomments&post=5118"}],"version-history":[{"count":1,"href":"https:\/\/fleschmazowsza.com.pl\/index.php?rest_route=\/wp\/v2\/posts\/5118\/revisions"}],"predecessor-version":[{"id":5120,"href":"https:\/\/fleschmazowsza.com.pl\/index.php?rest_route=\/wp\/v2\/posts\/5118\/revisions\/5120"}],"wp:featuredmedia":[{"embeddable":true,"href":"https:\/\/fleschmazowsza.com.pl\/index.php?rest_route=\/wp\/v2\/media\/5119"}],"wp:attachment":[{"href":"https:\/\/fleschmazowsza.com.pl\/index.php?rest_route=%2Fwp%2Fv2%2Fmedia&parent=5118"}],"wp:term":[{"taxonomy":"category","embeddable":true,"href":"https:\/\/fleschmazowsza.com.pl\/index.php?rest_route=%2Fwp%2Fv2%2Fcategories&post=5118"},{"taxonomy":"post_tag","embeddable":true,"href":"https:\/\/fleschmazowsza.com.pl\/index.php?rest_route=%2Fwp%2Fv2%2Ftags&post=5118"}],"curies":[{"name":"wp","href":"https:\/\/api.w.org\/{rel}","templated":true}]}}