{"id":5115,"date":"2023-06-28T13:21:13","date_gmt":"2023-06-28T12:21:13","guid":{"rendered":"https:\/\/fleschmazowsza.com.pl\/?p=5115"},"modified":"2023-06-28T13:21:13","modified_gmt":"2023-06-28T12:21:13","slug":"drzewo-roku-2023-glosowanie-rozpoczete","status":"publish","type":"post","link":"https:\/\/fleschmazowsza.com.pl\/?p=5115","title":{"rendered":"Drzewo Roku 2023 \u2013 g\u0142osowanie rozpocz\u0119te"},"content":{"rendered":"\n<p><strong>Od 1 do 30 czerwca trwa g\u0142osowanie na Drzewo Roku 2023. W\u015br\u00f3d 16 finalist\u00f3w konkursu znalaz\u0142 si\u0119 d\u0105b Brwinos\u0142aw \u2013 najstarsze drzewo na terenie gminy Brwin\u00f3w.<\/strong><\/p>\n\n\n\n<p>Na stronie internetowej <a href=\"https:\/\/drzeworoku.pl\/\"><u>https:\/\/drzeworoku.pl\/<\/u><\/a> mo\u017cna oddawa\u0107 g\u0142osy na d\u0105b Brwinos\u0142aw.<br>Do tegorocznej edycji konkursu Drzewo Roku zosta\u0142o zg\u0142oszonych ponad 40 drzew z ca\u0142ej Polski. W pierwszym etapie konkursu jury z\u0142o\u017cone ze specjalist\u00f3w r\u00f3\u017cnych dziedzin wybra\u0142o 16 finalist\u00f3w. O tym, kt\u00f3ry z nich zostanie Drzewem Roku, zadecyduj\u0105 internauci podczas g\u0142osowania w czerwcu br. Zwyci\u0119zca b\u0119dzie reprezentowa\u0142 Polsk\u0119 w konkursie europejskim w 2024 r.<\/p>\n\n\n\n<p>Brwinos\u0142aw \u2013 okaza\u0142y d\u0105b szypu\u0142kowy \u2013 liczy ok. 340 lat i jest najstarszym drzewem na terenie gminy Brwin\u00f3w. Swoim wiekiem si\u0119ga czas\u00f3w kr\u00f3la Jana III Sobieskiego, kt\u00f3ry w 1683 r. pokona\u0142 pod Wiedniem wojska tureckie zagra\u017caj\u0105ce Europie. Drzewo od pokole\u0144 jest \u015bwiadkiem wa\u017cnych wydarze\u0144 dla lokalnej spo\u0142eczno\u015bci i \u0142\u0105cznikiem mi\u0119dzy przesz\u0142o\u015bci\u0105 a tera\u017aniejszo\u015bci\u0105. Jego li\u015bcie znajduj\u0105 si\u0119 w herbie gminy. Przy drzewie znajduje si\u0119 tablica informacyjna, kt\u00f3ra ma na celu przybli\u017cy\u0107 wiedz\u0119 na temat tego pi\u0119knego okazu. D\u0105b rosn\u0105cy obecnie na terenie Sp\u00f3\u0142dzielni Mieszkaniowej \u201eOsiedle\u201d w 2009 r. zosta\u0142 uznany za pomnik przyrody, a w 2016 r. w wyniku g\u0142osowania internetowego z udzia\u0142em mieszka\u0144c\u00f3w otrzyma\u0142 imi\u0119 Brwinos\u0142aw.<\/p>\n\n\n\n<p>Konkurs Drzewo Roku, organizowany przez Klub Gaja, ma na celu zwr\u00f3cenie uwagi na ciekawe, wiekowe drzewa jako wa\u017cne elementy dziedzictwa przyrodniczego i kulturowego, kt\u00f3re nale\u017cy ceni\u0107 i chroni\u0107. Ambasadorami konkursu s\u0105 historyk sztuki i podr\u00f3\u017cniczka El\u017cbieta Dzikowska oraz j\u0119zykoznawca profesor Jan Miodek.<\/p>\n\n\n\n<p class=\"has-text-align-right\">Tekst i foto: <strong>U.G.Brwin\u00f3w<\/strong><\/p>\n","protected":false},"excerpt":{"rendered":"<p>Od 1 do 30 czerwca trwa g\u0142osowanie na Drzewo Roku 2023. W\u015br\u00f3d 16 finalist\u00f3w konkursu znalaz\u0142 si\u0119 d\u0105b Brwinos\u0142aw \u2013 najstarsze drzewo na terenie gminy Brwin\u00f3w. Na stronie internetowej https:\/\/drzeworoku.pl\/ mo\u017cna oddawa\u0107 g\u0142osy na d\u0105b Brwinos\u0142aw.Do tegorocznej edycji konkursu Drzewo Roku zosta\u0142o zg\u0142oszonych ponad 40 drzew z ca\u0142ej Polski. W pierwszym etapie konkursu jury z\u0142o\u017cone [&hellip;]<\/p>\n","protected":false},"author":2,"featured_media":5116,"comment_status":"closed","ping_status":"open","sticky":false,"template":"","format":"standard","meta":{"footnotes":""},"categories":[8],"tags":[],"class_list":["post-5115","post","type-post","status-publish","format-standard","has-post-thumbnail","hentry","category-roznosci"],"_links":{"self":[{"href":"https:\/\/fleschmazowsza.com.pl\/index.php?rest_route=\/wp\/v2\/posts\/5115","targetHints":{"allow":["GET"]}}],"collection":[{"href":"https:\/\/fleschmazowsza.com.pl\/index.php?rest_route=\/wp\/v2\/posts"}],"about":[{"href":"https:\/\/fleschmazowsza.com.pl\/index.php?rest_route=\/wp\/v2\/types\/post"}],"author":[{"embeddable":true,"href":"https:\/\/fleschmazowsza.com.pl\/index.php?rest_route=\/wp\/v2\/users\/2"}],"replies":[{"embeddable":true,"href":"https:\/\/fleschmazowsza.com.pl\/index.php?rest_route=%2Fwp%2Fv2%2Fcomments&post=5115"}],"version-history":[{"count":1,"href":"https:\/\/fleschmazowsza.com.pl\/index.php?rest_route=\/wp\/v2\/posts\/5115\/revisions"}],"predecessor-version":[{"id":5117,"href":"https:\/\/fleschmazowsza.com.pl\/index.php?rest_route=\/wp\/v2\/posts\/5115\/revisions\/5117"}],"wp:featuredmedia":[{"embeddable":true,"href":"https:\/\/fleschmazowsza.com.pl\/index.php?rest_route=\/wp\/v2\/media\/5116"}],"wp:attachment":[{"href":"https:\/\/fleschmazowsza.com.pl\/index.php?rest_route=%2Fwp%2Fv2%2Fmedia&parent=5115"}],"wp:term":[{"taxonomy":"category","embeddable":true,"href":"https:\/\/fleschmazowsza.com.pl\/index.php?rest_route=%2Fwp%2Fv2%2Fcategories&post=5115"},{"taxonomy":"post_tag","embeddable":true,"href":"https:\/\/fleschmazowsza.com.pl\/index.php?rest_route=%2Fwp%2Fv2%2Ftags&post=5115"}],"curies":[{"name":"wp","href":"https:\/\/api.w.org\/{rel}","templated":true}]}}