{"id":5098,"date":"2023-06-06T09:09:18","date_gmt":"2023-06-06T08:09:18","guid":{"rendered":"https:\/\/fleschmazowsza.com.pl\/?p=5098"},"modified":"2023-06-06T09:09:19","modified_gmt":"2023-06-06T08:09:19","slug":"samouk-ktory-marzy-o-podrozach","status":"publish","type":"post","link":"https:\/\/fleschmazowsza.com.pl\/?p=5098","title":{"rendered":"Samouk, kt\u00f3ry marzy o podr\u00f3\u017cach"},"content":{"rendered":"\n<p><strong>W maju zako\u0144czy\u0142a si\u0119 8. edycja programu MasterChef Junior emitowanego w TVN. Zwyci\u0119zc\u0105 jest m\u0142ody mieszkaniec Milan\u00f3wka \u2013 Ignacy Jab\u0142o\u0144ski. Aktualnie wyda\u0142 ksi\u0105\u017ck\u0119 kulinarn\u0105, kt\u00f3r\u0105 od 17 maja mo\u017cemy znale\u017a\u0107 w ksi\u0119garniach. Do Ignacego trafi\u0142a nagroda g\u0142\u00f3wna w wysoko\u015bci 15 000 z\u0142, nagroda specjalna w wysoko\u015bci 35 000 z\u0142 oraz statuetka.<\/strong><\/p>\n\n\n\n<p>M\u0142ody kucharz pokona\u0142 konkurent\u00f3w przygotowuj\u0105c zwyci\u0119skie menu: o\u015bmiorniczki z sosem mango, halibuta w cytrusach z risotto, a na deser pannacota matcha. 12-letni kucharz z Milan\u00f3wka od kilku lat pasjonuje si\u0119 gotowaniem.<\/p>\n\n\n\n<p>Zachwyci\u0142 widz\u00f3w swoimi kulinarnymi zdolno\u015bciami. Swoje inspiracje czerpie z r\u00f3\u017cnych kraj\u00f3w, a najwi\u0119ksz\u0105 kulinarn\u0105 przygod\u0119 prze\u017cy\u0142 w Tajlandii. Marzy o podr\u00f3\u017cy do Japonii i Korei, aby pozna\u0107 tamtejsze smaki. Ignacy jest bardzo kreatywny i lubi \u0142\u0105czy\u0107 nieoczywiste produkty. Jego ulubione dania to nale\u015bniki tajskie i zupa pomidorowa babci Eli. Zdoby\u0142 uznanie Michela Morana za zdecydowanie i \u015bwietny gust kulinarny. 12-latek by\u0142 go\u015bciem w programie \u201eDzie\u0144 Dobry TVN\u201d, gdzie zaprezentowa\u0142 swoje mistrzowskie \u015bniadania.<\/p>\n\n\n\n<p>Jest samoukiem, ale zawsze mo\u017ce liczy\u0107 na dobr\u0105 rad\u0119 i inspiracje od swojej mamy. Ignacy ma bli\u017aniaczk\u0119, Ew\u0119, kt\u00f3ra r\u00f3wnie\u017c interesuje si\u0119 sztuk\u0105 kulinarn\u0105. Oboje lubi\u0105 obserwowa\u0107 swoje babcie, El\u0119 i Bo\u017cenk\u0119, kiedy gotuj\u0105. Ignacy wykaza\u0142 si\u0119 ogromnym talentem, zdolno\u015bciami i determinacj\u0105, co pozwoli\u0142o mu zdoby\u0107 presti\u017cowy tytu\u0142 najlepiej gotuj\u0105cego dziecka w Polsce.<\/p>\n\n\n\n<p>Teraz to my mo\u017cemy uczy\u0107 si\u0119 od 12-latka. Mieszkaniec Milan\u00f3wka dzieli si\u0119 swoimi przepisami w ksi\u0105\u017cce kucharskiej z daniami bezmi\u0119snymi. Potrawy pochodz\u0105 z pa\u0144stw ca\u0142ego \u015bwiata. Mo\u017cemy tam znale\u017a\u0107 dania m.in. z Egiptu, Filipin, Francji, Grecji, Izraela, Hiszpanii, Tajlandii, Portugalii, Turcji, W\u0142och i oczywi\u015bcie Polski.<\/p>\n\n\n\n<p class=\"has-text-align-right\"><strong>M. Ksit<\/strong>, Fot.: <em><strong>TVN<\/strong><\/em><\/p>\n","protected":false},"excerpt":{"rendered":"<p>W maju zako\u0144czy\u0142a si\u0119 8. edycja programu MasterChef Junior emitowanego w TVN. Zwyci\u0119zc\u0105 jest m\u0142ody mieszkaniec Milan\u00f3wka \u2013 Ignacy Jab\u0142o\u0144ski. Aktualnie wyda\u0142 ksi\u0105\u017ck\u0119 kulinarn\u0105, kt\u00f3r\u0105 od 17 maja mo\u017cemy znale\u017a\u0107 w ksi\u0119garniach. Do Ignacego trafi\u0142a nagroda g\u0142\u00f3wna w wysoko\u015bci 15 000 z\u0142, nagroda specjalna w wysoko\u015bci 35 000 z\u0142 oraz statuetka. M\u0142ody kucharz pokona\u0142 konkurent\u00f3w [&hellip;]<\/p>\n","protected":false},"author":2,"featured_media":5101,"comment_status":"closed","ping_status":"open","sticky":false,"template":"","format":"standard","meta":{"footnotes":""},"categories":[8],"tags":[],"class_list":["post-5098","post","type-post","status-publish","format-standard","has-post-thumbnail","hentry","category-roznosci"],"_links":{"self":[{"href":"https:\/\/fleschmazowsza.com.pl\/index.php?rest_route=\/wp\/v2\/posts\/5098","targetHints":{"allow":["GET"]}}],"collection":[{"href":"https:\/\/fleschmazowsza.com.pl\/index.php?rest_route=\/wp\/v2\/posts"}],"about":[{"href":"https:\/\/fleschmazowsza.com.pl\/index.php?rest_route=\/wp\/v2\/types\/post"}],"author":[{"embeddable":true,"href":"https:\/\/fleschmazowsza.com.pl\/index.php?rest_route=\/wp\/v2\/users\/2"}],"replies":[{"embeddable":true,"href":"https:\/\/fleschmazowsza.com.pl\/index.php?rest_route=%2Fwp%2Fv2%2Fcomments&post=5098"}],"version-history":[{"count":1,"href":"https:\/\/fleschmazowsza.com.pl\/index.php?rest_route=\/wp\/v2\/posts\/5098\/revisions"}],"predecessor-version":[{"id":5100,"href":"https:\/\/fleschmazowsza.com.pl\/index.php?rest_route=\/wp\/v2\/posts\/5098\/revisions\/5100"}],"wp:featuredmedia":[{"embeddable":true,"href":"https:\/\/fleschmazowsza.com.pl\/index.php?rest_route=\/wp\/v2\/media\/5101"}],"wp:attachment":[{"href":"https:\/\/fleschmazowsza.com.pl\/index.php?rest_route=%2Fwp%2Fv2%2Fmedia&parent=5098"}],"wp:term":[{"taxonomy":"category","embeddable":true,"href":"https:\/\/fleschmazowsza.com.pl\/index.php?rest_route=%2Fwp%2Fv2%2Fcategories&post=5098"},{"taxonomy":"post_tag","embeddable":true,"href":"https:\/\/fleschmazowsza.com.pl\/index.php?rest_route=%2Fwp%2Fv2%2Ftags&post=5098"}],"curies":[{"name":"wp","href":"https:\/\/api.w.org\/{rel}","templated":true}]}}