{"id":5095,"date":"2023-06-06T09:06:29","date_gmt":"2023-06-06T08:06:29","guid":{"rendered":"https:\/\/fleschmazowsza.com.pl\/?p=5095"},"modified":"2023-06-06T09:06:29","modified_gmt":"2023-06-06T08:06:29","slug":"dla-kazdego-moc-atrakcji","status":"publish","type":"post","link":"https:\/\/fleschmazowsza.com.pl\/?p=5095","title":{"rendered":"Dla ka\u017cdego\u2026 moc atrakcji"},"content":{"rendered":"\n<p><strong>W tym roku Dni Pruszkowa odb\u0119d\u0105 si\u0119 3 oraz 4 czerwca na skwerze ZTL i rozpoczn\u0105 si\u0119 od Pruszkowskiego Dnia Folkloru. B\u0119dzie to ju\u017c 25 raz gdy mieszka\u0144cy b\u0119d\u0105 obchodzi\u0107 Dni Pruszkowa. Jak co roku \u015bwi\u0119towanie b\u0119dzie pe\u0142ne atrakcji dla ka\u017cdego, nie zale\u017cnie od wieku<\/strong>.<\/p>\n\n\n\n<p>Dla uczestnik\u00f3w imprezy dost\u0119pne b\u0119d\u0105 mi\u0119dzy innymi stoiska: Muzeum Staro\u017cytnego Hutnictwa Mazowieckiego, Miejskiego O\u015brodka Kultury \u201eKamyk\u201d, Ksi\u0105\u017cnicy Pruszkowskiej, ZTL \u201ePruszkowiacy\u201d oraz Urz\u0119du Miasta Pruszkowa, M\u0142odzie\u017cowej Rady Miasta, a tak\u017ce Pruszkowskiej Rady Senior\u00f3w. Podczas festynu zobaczymy wyst\u0119py dzieci z pruszkowskich szk\u00f3\u0142 i przedszkoli. Nie zabraknie tak\u017ce wyst\u0119pu orkiestry d\u0119tej \u201ePruszkowianka\u201d oraz ZTL \u201ePruszkowiacy\u201d.<\/p>\n\n\n\n<p>Pierwszego dnia Dni Pruszkowa rozpoczn\u0105 si\u0119 o godzinie 8:00 od &nbsp;Towarzyskich Zawod\u00f3w Sp\u0142awikowych o Puchar Prezydenta Miasta Pruszkowa i Komendanta Stra\u017cy Miejskiej w Parku Potulickich. Nast\u0119pnie od godziny 12:00 wydarzenie zostanie przeniesione na skwer ZTL przy ulicy Lipowej. Dost\u0119pne tam b\u0119d\u0105 dla najm\u0142odszych: konkursy, zabawy, animacje, warsztaty, dmucha\u0144ce. Tego dnia nie zabraknie tak\u017ce food truck\u00f3w.<\/p>\n\n\n\n<p>Ju\u017c od godziny 14:00 b\u0119dziemy mieli okazj\u0119 ogl\u0105da\u0107 wyst\u0119py &nbsp;grup warsztatowych ZTL \u201ePruszkowiacy\u201d, Akademii Ta\u0144ca Tradycyjnego, Zespo\u0142u ludowego \u201eO\u017carowiacy\u201d z O\u017carowa Mazowieckiego, zespo\u0142u ta\u0144ca ludowego \u201eHarnam\u201d z \u0141odzi oraz Zespo\u0142u Ta\u0144ca Ludowego \u201ePruszkowiacy\u201d. O godzinie 18:30 na scenie pojawi si\u0119 Gooral Mateusz G\u00f3rny kt\u00f3ry zas\u0142yn\u0105\u0142 dzi\u0119ki oryginalnemu \u0142\u0105czeniu muzyki elektronicznej, drum&#8217;n&#8217;bass i dubstepu z etniczn\u0105 muzyk\u0105 g\u00f3ralsk\u0105. Gwiazd\u0105 wieczoru b\u0119dzie znany wszystkim zesp\u00f3\u0142 Sound\u2019n\u2019Grace , kt\u00f3ry na scenie pojawi si\u0119 ju\u017c o godzinie 20:30.<\/p>\n\n\n\n<p>W niedziel\u0119, drugiego dnia imprezy, r\u00f3wnie\u017c na Skwerze im. ZTL \u201ePruszkowiacy\u201d przy ul. Lipowej b\u0119d\u0105 mia\u0142y miejsce atrakcje dla dzieci oraz wyst\u0119py pruszkowskich przedszkolak\u00f3w i uczni\u00f3w. Tego dnia wyst\u0105pi dla mieszka\u0144c\u00f3w orkiestra d\u0119ta \u201ePruszkowianka\u201d pod batut\u0105 Adama Malcherka. Nast\u0119pnie na scenie pojawi si\u0119 Bluesmaszyna. W muzyce zespo\u0142u&nbsp;<em>BLUESMASZYNA<\/em>&nbsp;odnale\u017a\u0107 mo\u017cna zar\u00f3wno brzmienie przedwojennego bluesa, ragtime&#8217;u, rock&#8217;n&#8217;roll&#8217;a, jak r\u00f3wnie\u017c blues rocka i Texas boogie. O godzinie 18:30 na scenie pojawi si\u0119 Andrzej Poniedzielski \u2013 polski poeta, pie\u015bniarz, konferansjer, autor tekst\u00f3w piosenek, satyryk, humorysta, gitarzysta. Gwiazd\u0105 wieczoru b\u0119dzie exMaanam.<\/p>\n\n\n\n<p>Wszystkich naszych Czytelnik\u00f3w zapraszamy na to wydarzenie. Z pewno\u015bci\u0105 b\u0119dzie to mile sp\u0119dzony czas w gronie najbli\u017cszych.<\/p>\n\n\n\n<p class=\"has-text-align-right\"><strong>mw<\/strong><\/p>\n","protected":false},"excerpt":{"rendered":"<p>W tym roku Dni Pruszkowa odb\u0119d\u0105 si\u0119 3 oraz 4 czerwca na skwerze ZTL i rozpoczn\u0105 si\u0119 od Pruszkowskiego Dnia Folkloru. B\u0119dzie to ju\u017c 25 raz gdy mieszka\u0144cy b\u0119d\u0105 obchodzi\u0107 Dni Pruszkowa. Jak co roku \u015bwi\u0119towanie b\u0119dzie pe\u0142ne atrakcji dla ka\u017cdego, nie zale\u017cnie od wieku. Dla uczestnik\u00f3w imprezy dost\u0119pne b\u0119d\u0105 mi\u0119dzy innymi stoiska: Muzeum Staro\u017cytnego [&hellip;]<\/p>\n","protected":false},"author":2,"featured_media":5096,"comment_status":"closed","ping_status":"open","sticky":false,"template":"","format":"standard","meta":{"footnotes":""},"categories":[6],"tags":[],"class_list":["post-5095","post","type-post","status-publish","format-standard","has-post-thumbnail","hentry","category-kultura"],"_links":{"self":[{"href":"https:\/\/fleschmazowsza.com.pl\/index.php?rest_route=\/wp\/v2\/posts\/5095","targetHints":{"allow":["GET"]}}],"collection":[{"href":"https:\/\/fleschmazowsza.com.pl\/index.php?rest_route=\/wp\/v2\/posts"}],"about":[{"href":"https:\/\/fleschmazowsza.com.pl\/index.php?rest_route=\/wp\/v2\/types\/post"}],"author":[{"embeddable":true,"href":"https:\/\/fleschmazowsza.com.pl\/index.php?rest_route=\/wp\/v2\/users\/2"}],"replies":[{"embeddable":true,"href":"https:\/\/fleschmazowsza.com.pl\/index.php?rest_route=%2Fwp%2Fv2%2Fcomments&post=5095"}],"version-history":[{"count":1,"href":"https:\/\/fleschmazowsza.com.pl\/index.php?rest_route=\/wp\/v2\/posts\/5095\/revisions"}],"predecessor-version":[{"id":5097,"href":"https:\/\/fleschmazowsza.com.pl\/index.php?rest_route=\/wp\/v2\/posts\/5095\/revisions\/5097"}],"wp:featuredmedia":[{"embeddable":true,"href":"https:\/\/fleschmazowsza.com.pl\/index.php?rest_route=\/wp\/v2\/media\/5096"}],"wp:attachment":[{"href":"https:\/\/fleschmazowsza.com.pl\/index.php?rest_route=%2Fwp%2Fv2%2Fmedia&parent=5095"}],"wp:term":[{"taxonomy":"category","embeddable":true,"href":"https:\/\/fleschmazowsza.com.pl\/index.php?rest_route=%2Fwp%2Fv2%2Fcategories&post=5095"},{"taxonomy":"post_tag","embeddable":true,"href":"https:\/\/fleschmazowsza.com.pl\/index.php?rest_route=%2Fwp%2Fv2%2Ftags&post=5095"}],"curies":[{"name":"wp","href":"https:\/\/api.w.org\/{rel}","templated":true}]}}