{"id":507,"date":"2017-01-05T13:27:17","date_gmt":"2017-01-05T12:27:17","guid":{"rendered":"http:\/\/fleschmazowsza.com.pl\/?p=507"},"modified":"2017-01-05T13:27:17","modified_gmt":"2017-01-05T12:27:17","slug":"malzenstwo-na-medal","status":"publish","type":"post","link":"https:\/\/fleschmazowsza.com.pl\/?p=507","title":{"rendered":"Ma\u0142\u017ce\u0144stwo na medal"},"content":{"rendered":"<p><strong>Pa\u0144stwo Wies\u0142awa i Ryszard Mazurkowie otrzymali z r\u0105k burmistrza gminy Brwin\u00f3w Arkadiusza Kosi\u0144skiego medale przyznawane przez Prezydenta RP za ponad 50 lat ma\u0142\u017ce\u0144stwa.<\/strong><\/p>\n<p>Pa\u0144stwo Mazurkowie mog\u0105 pochwali\u0107 si\u0119 ponad 50-letnim sta\u017cem ma\u0142\u017ce\u0144skim \u2013 pobrali si\u0119 23 grudnia 1965 roku w \u017byrardowie. Burmistrz Arkadiusz Kosi\u0144ski z\u0142o\u017cy\u0142 parze gratulacje i \u017cyczenia zdrowia, szcz\u0119\u015bcia oraz dalszej wytrwa\u0142o\u015bci.<\/p>\n<p>Medal za D\u0142ugoletnie Po\u017cycie Ma\u0142\u017ce\u0144skie zosta\u0142y ustanowione w 1960 r. i s\u0105 nadawane osobom, kt\u00f3re prze\u017cy\u0142y 50 lat w jednym zwi\u0105zku ma\u0142\u017ce\u0144skim. Pary ma\u0142\u017ce\u0144skie, kt\u00f3re w najbli\u017cszym czasie obchodzi\u0107 b\u0119d\u0105 okr\u0105g\u0142\u0105 50. rocznic\u0119 zawarcia zwi\u0105zku ma\u0142\u017ce\u0144skiego, oraz pary, kt\u00f3re s\u0105 ma\u0142\u017ce\u0144stwem d\u0142u\u017cej ni\u017c 50 lat, a nie otrzyma\u0142y jeszcze medali przyznawanych przez Prezydenta RP, proszone s\u0105 o kontakt z Urz\u0119dem Stanu Cywilnego w Urz\u0119dzie Gminy Brwin\u00f3w pod numerem telefonu 22\u00a0738 25 61.<\/p>\n<p style=\"text-align: right;\"><strong>U.G.Brwin\u00f3w<\/strong><\/p>\n","protected":false},"excerpt":{"rendered":"<p>Pa\u0144stwo Wies\u0142awa i Ryszard Mazurkowie otrzymali z r\u0105k burmistrza gminy Brwin\u00f3w Arkadiusza Kosi\u0144skiego medale przyznawane przez Prezydenta RP za ponad 50 lat ma\u0142\u017ce\u0144stwa. Pa\u0144stwo Mazurkowie mog\u0105 pochwali\u0107 si\u0119 ponad 50-letnim sta\u017cem ma\u0142\u017ce\u0144skim \u2013 pobrali si\u0119 23 grudnia 1965 roku w \u017byrardowie. Burmistrz Arkadiusz Kosi\u0144ski z\u0142o\u017cy\u0142 parze gratulacje i \u017cyczenia zdrowia, szcz\u0119\u015bcia oraz dalszej wytrwa\u0142o\u015bci. Medal [&hellip;]<\/p>\n","protected":false},"author":2,"featured_media":508,"comment_status":"closed","ping_status":"open","sticky":false,"template":"","format":"standard","meta":{"footnotes":""},"categories":[8],"tags":[],"class_list":["post-507","post","type-post","status-publish","format-standard","has-post-thumbnail","hentry","category-roznosci"],"_links":{"self":[{"href":"https:\/\/fleschmazowsza.com.pl\/index.php?rest_route=\/wp\/v2\/posts\/507","targetHints":{"allow":["GET"]}}],"collection":[{"href":"https:\/\/fleschmazowsza.com.pl\/index.php?rest_route=\/wp\/v2\/posts"}],"about":[{"href":"https:\/\/fleschmazowsza.com.pl\/index.php?rest_route=\/wp\/v2\/types\/post"}],"author":[{"embeddable":true,"href":"https:\/\/fleschmazowsza.com.pl\/index.php?rest_route=\/wp\/v2\/users\/2"}],"replies":[{"embeddable":true,"href":"https:\/\/fleschmazowsza.com.pl\/index.php?rest_route=%2Fwp%2Fv2%2Fcomments&post=507"}],"version-history":[{"count":1,"href":"https:\/\/fleschmazowsza.com.pl\/index.php?rest_route=\/wp\/v2\/posts\/507\/revisions"}],"predecessor-version":[{"id":509,"href":"https:\/\/fleschmazowsza.com.pl\/index.php?rest_route=\/wp\/v2\/posts\/507\/revisions\/509"}],"wp:featuredmedia":[{"embeddable":true,"href":"https:\/\/fleschmazowsza.com.pl\/index.php?rest_route=\/wp\/v2\/media\/508"}],"wp:attachment":[{"href":"https:\/\/fleschmazowsza.com.pl\/index.php?rest_route=%2Fwp%2Fv2%2Fmedia&parent=507"}],"wp:term":[{"taxonomy":"category","embeddable":true,"href":"https:\/\/fleschmazowsza.com.pl\/index.php?rest_route=%2Fwp%2Fv2%2Fcategories&post=507"},{"taxonomy":"post_tag","embeddable":true,"href":"https:\/\/fleschmazowsza.com.pl\/index.php?rest_route=%2Fwp%2Fv2%2Ftags&post=507"}],"curies":[{"name":"wp","href":"https:\/\/api.w.org\/{rel}","templated":true}]}}