{"id":5057,"date":"2023-03-24T12:09:21","date_gmt":"2023-03-24T11:09:21","guid":{"rendered":"https:\/\/fleschmazowsza.com.pl\/?p=5057"},"modified":"2023-03-24T12:22:35","modified_gmt":"2023-03-24T11:22:35","slug":"uwaga-zmiana-czasu-na-letni","status":"publish","type":"post","link":"https:\/\/fleschmazowsza.com.pl\/?p=5057","title":{"rendered":"UWAGA: zmiana czasu na letni"},"content":{"rendered":"\n<p><strong>Zmiana czasu w 2023 roku na letni przypada pod koniec marca, czyli ju\u017c w najblizszy weekend, a dok\u0142adnie w nocy z soboty na niedziel\u0119 26 marca. Wtedy o godzinie 2:00 przestawiamy zegarki na godzin\u0119 3:00. Chocia\u017c ten dzie\u0144 b\u0119dzie o godzin\u0119 kr\u00f3tszy, to w pozosta\u0142e b\u0119dzie ju\u017c coraz d\u0142u\u017cej jasno.<\/strong><\/p>\n\n\n\n<p>Pomimo, \u017ce temat ten wci\u0105\u017c wzbudza wiele kontrowersji, wci\u0105\u017c dwa razy w roku odbywa si\u0119 zmiana czasu. Ta najbli\u017csza, czyli zmiana czasu z zimowego na letni, przypada zawsze w ostatni\u0105 niedziel\u0119 marca. Oznacza to, \u017ce <strong>zmiana czasu w 2023 roku b\u0119dzie mia\u0142a miejsce w nocy z 25 na 26 marca.<\/strong><\/p>\n\n\n\n<p>Zmiana czasu na letni oznacza, \u017ce <strong>b\u0119dziemy przestawia\u0107 zegarki o jedn\u0105 godzin\u0119 do przodu, czyli z 2:00 na 3:00.<\/strong><\/p>\n\n\n\n<p>Wi\u0119kszo\u015b\u0107 urz\u0105dze\u0144 elektronicznych, kt\u00f3re po\u0142\u0105czone s\u0105 z internetem, zmieni czas automatycznie. Dotyczy to laptop\u00f3w, smartfon\u00f3w, inteligentnych urz\u0105dze\u0144, jak np. zegarki czy smart tv.<\/p>\n\n\n\n<p>Od kilku lat m\u00f3wi si\u0119 o tym, aby wycofa\u0107 coroczne, dwukrotne zmienianie czasu. Przepisy w tej sprawie nadal jednak nie zosta\u0142y wprowadzone. Zatem kiedy nast\u0105pi zmiana czasu z zimowego na letni w 2023 roku?<\/p>\n\n\n\n<p>W zwi\u0105zku z dyskusj\u0105 w Unii Europejskiej o tym, aby zlikwidowa\u0107 zmian\u0119 czasu, w wielu krajach pojawi\u0142y si\u0119 g\u0142osy przychylne. W 2019 roku przeprowadzona zosta\u0142a ankieta, zgodnie z kt\u00f3r\u0105 niemal 80% ankietowanych Polak\u00f3w nie chcia\u0142o corocznych zmian czasu, woleli oni pozosta\u0107 przy sta\u0142ym czasie. Mia\u0142 to by\u0107 czas letni, czyli ten, na kt\u00f3ry przestawimy zegarki ju\u017c za kilka tygodni. Na zmiany przyjdzie jeszcze jednak nieco poczeka\u0107.<\/p>\n\n\n\n<p>W ostatnim czasie pos\u0142anka Aleksandra Gajewska wystosowa\u0142a interpelacj\u0119 do premiera, w kt\u00f3rej spyta\u0142a mi\u0119dzy innymi o to, na jakim etapie s\u0105 prace Rady Ministr\u00f3w w zakresie ustanowienia ostatecznego stanowiska w sprawie przyj\u0119cia przez Polsk\u0119 tzw. czasu jednolitego. Odpowied\u017a otrzyma\u0142a od minister rozwoju i technologii Olgi Semeniuk-Patkowskiej. Jak wyja\u015bni\u0142a sekretarz stanu: <em>zgodnie z przyj\u0119tymi przepisami, przewiduje si\u0119 zachowanie mechanizmu okresowej zmiany czasu do minimum 2026 roku\u201d.<\/em> <strong>Oznacza to, \u017ce na zmiany w tym zakresie jeszcze troch\u0119 poczekamy.<\/strong><\/p>\n\n\n\n<p class=\"has-text-align-right\"><strong>(mg)<\/strong>, Fot. <em><strong>Pixabay<\/strong><\/em><\/p>\n","protected":false},"excerpt":{"rendered":"<p>Zmiana czasu w 2023 roku na letni przypada pod koniec marca, czyli ju\u017c w najblizszy weekend, a dok\u0142adnie w nocy z soboty na niedziel\u0119 26 marca. Wtedy o godzinie 2:00 przestawiamy zegarki na godzin\u0119 3:00. Chocia\u017c ten dzie\u0144 b\u0119dzie o godzin\u0119 kr\u00f3tszy, to w pozosta\u0142e b\u0119dzie ju\u017c coraz d\u0142u\u017cej jasno. Pomimo, \u017ce temat ten wci\u0105\u017c [&hellip;]<\/p>\n","protected":false},"author":2,"featured_media":5060,"comment_status":"closed","ping_status":"open","sticky":false,"template":"","format":"standard","meta":{"footnotes":""},"categories":[1,5],"tags":[],"class_list":["post-5057","post","type-post","status-publish","format-standard","has-post-thumbnail","hentry","category-uncategorized","category-wiadomosci"],"_links":{"self":[{"href":"https:\/\/fleschmazowsza.com.pl\/index.php?rest_route=\/wp\/v2\/posts\/5057","targetHints":{"allow":["GET"]}}],"collection":[{"href":"https:\/\/fleschmazowsza.com.pl\/index.php?rest_route=\/wp\/v2\/posts"}],"about":[{"href":"https:\/\/fleschmazowsza.com.pl\/index.php?rest_route=\/wp\/v2\/types\/post"}],"author":[{"embeddable":true,"href":"https:\/\/fleschmazowsza.com.pl\/index.php?rest_route=\/wp\/v2\/users\/2"}],"replies":[{"embeddable":true,"href":"https:\/\/fleschmazowsza.com.pl\/index.php?rest_route=%2Fwp%2Fv2%2Fcomments&post=5057"}],"version-history":[{"count":2,"href":"https:\/\/fleschmazowsza.com.pl\/index.php?rest_route=\/wp\/v2\/posts\/5057\/revisions"}],"predecessor-version":[{"id":5061,"href":"https:\/\/fleschmazowsza.com.pl\/index.php?rest_route=\/wp\/v2\/posts\/5057\/revisions\/5061"}],"wp:featuredmedia":[{"embeddable":true,"href":"https:\/\/fleschmazowsza.com.pl\/index.php?rest_route=\/wp\/v2\/media\/5060"}],"wp:attachment":[{"href":"https:\/\/fleschmazowsza.com.pl\/index.php?rest_route=%2Fwp%2Fv2%2Fmedia&parent=5057"}],"wp:term":[{"taxonomy":"category","embeddable":true,"href":"https:\/\/fleschmazowsza.com.pl\/index.php?rest_route=%2Fwp%2Fv2%2Fcategories&post=5057"},{"taxonomy":"post_tag","embeddable":true,"href":"https:\/\/fleschmazowsza.com.pl\/index.php?rest_route=%2Fwp%2Fv2%2Ftags&post=5057"}],"curies":[{"name":"wp","href":"https:\/\/api.w.org\/{rel}","templated":true}]}}