{"id":5052,"date":"2023-03-24T11:27:08","date_gmt":"2023-03-24T10:27:08","guid":{"rendered":"https:\/\/fleschmazowsza.com.pl\/?p=5052"},"modified":"2023-03-24T11:27:09","modified_gmt":"2023-03-24T10:27:09","slug":"zwieksza-sie-liczba-firm-nalezacych-do-cudzoziemcow","status":"publish","type":"post","link":"https:\/\/fleschmazowsza.com.pl\/?p=5052","title":{"rendered":"Zwi\u0119ksza si\u0119 liczba firm nale\u017c\u0105cych do cudzoziemc\u00f3w"},"content":{"rendered":"\n<p><strong>Ro\u015bnie liczba cudzoziemc\u00f3w prowadz\u0105cych dzia\u0142alno\u015b\u0107 gospodarcz\u0105. W\u0142asne firmy w Polsce prowadzi ju\u017c ponad 31 tys. obcokrajowc\u00f3w. W wojew\u00f3dztwie mazowieckim jest ich 10,5 tys.<\/strong><\/p>\n\n\n\n<p>Liczba obcokrajowc\u00f3w, kt\u00f3rzy prowadz\u0105 pozarolnicz\u0105 dzia\u0142alno\u015b\u0107 gospodarcz\u0105 i p\u0142ac\u0105 sk\u0142adki do Funduszu Ubezpiecze\u0144 Spo\u0142ecznych w Polsce systematycznie ro\u015bnie. Obecnie jest to ponad 31 tysi\u0119cy os\u00f3b ze 113 pa\u0144stw. Co trzeci z nich to Ukrainiec. Drugie i trzecie miejsce zajmuj\u0105 Bia\u0142orusini i Wietnamczycy. Zaraz za nimi s\u0105 Niemcy i Rosjanie.<\/p>\n\n\n\n<p>&#8211; Obecnie w Polsce obywatele Ukrainy stanowi\u0105 jedn\u0105 trzeci\u0105 os\u00f3b, kt\u00f3re podj\u0119\u0142y prowadzenie dzia\u0142alno\u015bci na w\u0142asny rachunek (11,2 tys.), na kolejnych miejscach s\u0105 Bia\u0142orusini (5,5 tys.) oraz Wietnamczycy (1,1 tys.) \u2013 informuje Wojciech \u015aciwiarski, rzecznik prasowy ZUS w wojew\u00f3dztwie mazowieckim.<\/p>\n\n\n\n<p>Cudzoziemcy posiadaj\u0105cy okre\u015blon\u0105 podstaw\u0119 pobytu w Polsce mog\u0105 zak\u0142ada\u0107 i prowadzi\u0107 dzia\u0142alno\u015b\u0107 gospodarcz\u0105 na takich samych zasadach jak obywatele polscy. Oznacza to, \u017ce mog\u0105 podejmowa\u0107 i prowadzi\u0107 ka\u017cd\u0105 dopuszczon\u0105 polskim prawem form\u0119 dzia\u0142alno\u015bci gospodarczej.<\/p>\n\n\n\n<p><a><\/a> &#8211; Wed\u0142ug danych na 31 stycznia 2023 roku w kraju by\u0142o ponad 31 tys. cudzoziemc\u00f3w prowadz\u0105cych dzia\u0142alno\u015b\u0107 gospodarcz\u0105. Na Mazowszu by\u0142o ich ponad 10,5 tys. Najliczniejsz\u0105 grup\u0119 stanowi\u0105 obywatele Ukrainy (3,1 tys.) i Bia\u0142orusi (2,3 tys.). W wojew\u00f3dztwie mazowieckim, dolno\u015bl\u0105skim i ma\u0142opolskim jest najwi\u0119cej zg\u0142osze\u0144 do ubezpiecze\u0144 spo\u0142ecznych od obcokrajowc\u00f3w z dzia\u0142alno\u015bci\u0105 gospodarcz\u0105. Najmniej ubezpieczonych przedsi\u0119biorc\u00f3w z innym paszportem ni\u017c polski jest w wojew\u00f3dztwie \u015bwi\u0119tokrzyskim, gdzie sk\u0142adki z tytu\u0142u prowadzenia dzia\u0142alno\u015bci gospodarczej p\u0142aci 303 obcokrajowc\u00f3w \u2013 dodaje rzecznik.<\/p>\n\n\n\n<p class=\"has-text-align-right\"><strong>Wojciech \u015aciwiarski<\/strong><br><em><strong>regionalny rzecznik prasowy ZUS<br>w wojew\u00f3dztwie mazowieckim<\/strong><\/em><\/p>\n","protected":false},"excerpt":{"rendered":"<p>Ro\u015bnie liczba cudzoziemc\u00f3w prowadz\u0105cych dzia\u0142alno\u015b\u0107 gospodarcz\u0105. W\u0142asne firmy w Polsce prowadzi ju\u017c ponad 31 tys. obcokrajowc\u00f3w. W wojew\u00f3dztwie mazowieckim jest ich 10,5 tys. Liczba obcokrajowc\u00f3w, kt\u00f3rzy prowadz\u0105 pozarolnicz\u0105 dzia\u0142alno\u015b\u0107 gospodarcz\u0105 i p\u0142ac\u0105 sk\u0142adki do Funduszu Ubezpiecze\u0144 Spo\u0142ecznych w Polsce systematycznie ro\u015bnie. Obecnie jest to ponad 31 tysi\u0119cy os\u00f3b ze 113 pa\u0144stw. Co trzeci z nich [&hellip;]<\/p>\n","protected":false},"author":2,"featured_media":0,"comment_status":"closed","ping_status":"open","sticky":false,"template":"","format":"standard","meta":{"footnotes":""},"categories":[1],"tags":[],"class_list":["post-5052","post","type-post","status-publish","format-standard","hentry","category-uncategorized"],"_links":{"self":[{"href":"https:\/\/fleschmazowsza.com.pl\/index.php?rest_route=\/wp\/v2\/posts\/5052","targetHints":{"allow":["GET"]}}],"collection":[{"href":"https:\/\/fleschmazowsza.com.pl\/index.php?rest_route=\/wp\/v2\/posts"}],"about":[{"href":"https:\/\/fleschmazowsza.com.pl\/index.php?rest_route=\/wp\/v2\/types\/post"}],"author":[{"embeddable":true,"href":"https:\/\/fleschmazowsza.com.pl\/index.php?rest_route=\/wp\/v2\/users\/2"}],"replies":[{"embeddable":true,"href":"https:\/\/fleschmazowsza.com.pl\/index.php?rest_route=%2Fwp%2Fv2%2Fcomments&post=5052"}],"version-history":[{"count":1,"href":"https:\/\/fleschmazowsza.com.pl\/index.php?rest_route=\/wp\/v2\/posts\/5052\/revisions"}],"predecessor-version":[{"id":5053,"href":"https:\/\/fleschmazowsza.com.pl\/index.php?rest_route=\/wp\/v2\/posts\/5052\/revisions\/5053"}],"wp:attachment":[{"href":"https:\/\/fleschmazowsza.com.pl\/index.php?rest_route=%2Fwp%2Fv2%2Fmedia&parent=5052"}],"wp:term":[{"taxonomy":"category","embeddable":true,"href":"https:\/\/fleschmazowsza.com.pl\/index.php?rest_route=%2Fwp%2Fv2%2Fcategories&post=5052"},{"taxonomy":"post_tag","embeddable":true,"href":"https:\/\/fleschmazowsza.com.pl\/index.php?rest_route=%2Fwp%2Fv2%2Ftags&post=5052"}],"curies":[{"name":"wp","href":"https:\/\/api.w.org\/{rel}","templated":true}]}}