{"id":5049,"date":"2023-03-24T11:25:14","date_gmt":"2023-03-24T10:25:14","guid":{"rendered":"https:\/\/fleschmazowsza.com.pl\/?p=5049"},"modified":"2023-03-24T11:25:15","modified_gmt":"2023-03-24T10:25:15","slug":"dzielnicowy-z-refleksem","status":"publish","type":"post","link":"https:\/\/fleschmazowsza.com.pl\/?p=5049","title":{"rendered":"Dzielnicowy z refleksem"},"content":{"rendered":"\n<p><strong>Policjant z Grodziska Mazowieckiego uj\u0105\u0142 sprawc\u0119 kradzie\u017cy roweru w Piasecznie. Dokona\u0142 tego w czasie dnia wolnego od s\u0142u\u017cby.<\/strong><\/p>\n\n\n\n<p>\u2013Jego zachowanie to by\u0142o wyj\u0105tkowo podejrzane. Funkcjonariusz postanowi\u0142 wi\u0119c podej\u015b\u0107 bli\u017cej, by zobaczy\u0107, co \u00f3w m\u0119\u017cczyzna planuje. Po kr\u00f3tkiej chwili dostrzeg\u0142, \u017ce ukl\u0105k\u0142 on przy stojaku rowerowym, a nast\u0119pnie wyci\u0105ga no\u017cyce do ci\u0119cia metalu usi\u0142uj\u0105c przeci\u0105\u0107 zabezpieczenie pozostawionego tam roweru. Funkcjonariusz natychmiast zareagowa\u0142, przerywaj\u0105c rabusiowi jego dzia\u0142ania, a nast\u0119pnie wezwa\u0142 na miejsce lokalny patrol policji \u2013 opisuje sytuacj\u0119 asp. Magdalena G\u0105sowska z Komendy Powiatowej Policji w Piasecznie.<\/p>\n\n\n\n<p>Za ca\u0142\u0105 t\u0119 histori\u0119 odpowiedzialny jest st. sier\u017c. Kamil Winnicki, kt\u00f3ry pe\u0142ni funkcj\u0119 dzielnicowego w grodziskiej policji. Do zdarzenia dosz\u0142o w jeden z marcowych weekend\u00f3w, oko\u0142o p\u00f3\u0142nocy w sobot\u0119.<\/p>\n\n\n\n<p>Policjant dopilnowa\u0142, aby z\u0142odziej nie uciek\u0142 i zosta\u0142 doprowadzony do lokalnej komendy. 36-letni m\u0119\u017cczyzna pr\u00f3bowa\u0142 ukra\u015b\u0107 rower marki Cube o warto\u015bci oko\u0142o 2 tys. z\u0142. Us\u0142ysza\u0142 ju\u017c zarzut usi\u0142owania kradzie\u017cy. Za to przest\u0119pstwo grozi kara do pi\u0119ciu lat pozbawienia wolno\u015bci. Spraw\u0105 zajmuje si\u0119 prokuratura w Piasecznie.<\/p>\n\n\n\n<p class=\"has-text-align-right\"><strong>M. Ksit<\/strong><\/p>\n\n\n\n<p class=\"has-text-align-right\">Fot.: <em><strong>Komenda Powiatowa Policji w Grodzisku Mazowieckim<\/strong><\/em><\/p>\n","protected":false},"excerpt":{"rendered":"<p>Policjant z Grodziska Mazowieckiego uj\u0105\u0142 sprawc\u0119 kradzie\u017cy roweru w Piasecznie. Dokona\u0142 tego w czasie dnia wolnego od s\u0142u\u017cby. \u2013Jego zachowanie to by\u0142o wyj\u0105tkowo podejrzane. Funkcjonariusz postanowi\u0142 wi\u0119c podej\u015b\u0107 bli\u017cej, by zobaczy\u0107, co \u00f3w m\u0119\u017cczyzna planuje. Po kr\u00f3tkiej chwili dostrzeg\u0142, \u017ce ukl\u0105k\u0142 on przy stojaku rowerowym, a nast\u0119pnie wyci\u0105ga no\u017cyce do ci\u0119cia metalu usi\u0142uj\u0105c przeci\u0105\u0107 zabezpieczenie [&hellip;]<\/p>\n","protected":false},"author":2,"featured_media":5050,"comment_status":"closed","ping_status":"open","sticky":false,"template":"","format":"standard","meta":{"footnotes":""},"categories":[1],"tags":[],"class_list":["post-5049","post","type-post","status-publish","format-standard","has-post-thumbnail","hentry","category-uncategorized"],"_links":{"self":[{"href":"https:\/\/fleschmazowsza.com.pl\/index.php?rest_route=\/wp\/v2\/posts\/5049","targetHints":{"allow":["GET"]}}],"collection":[{"href":"https:\/\/fleschmazowsza.com.pl\/index.php?rest_route=\/wp\/v2\/posts"}],"about":[{"href":"https:\/\/fleschmazowsza.com.pl\/index.php?rest_route=\/wp\/v2\/types\/post"}],"author":[{"embeddable":true,"href":"https:\/\/fleschmazowsza.com.pl\/index.php?rest_route=\/wp\/v2\/users\/2"}],"replies":[{"embeddable":true,"href":"https:\/\/fleschmazowsza.com.pl\/index.php?rest_route=%2Fwp%2Fv2%2Fcomments&post=5049"}],"version-history":[{"count":1,"href":"https:\/\/fleschmazowsza.com.pl\/index.php?rest_route=\/wp\/v2\/posts\/5049\/revisions"}],"predecessor-version":[{"id":5051,"href":"https:\/\/fleschmazowsza.com.pl\/index.php?rest_route=\/wp\/v2\/posts\/5049\/revisions\/5051"}],"wp:featuredmedia":[{"embeddable":true,"href":"https:\/\/fleschmazowsza.com.pl\/index.php?rest_route=\/wp\/v2\/media\/5050"}],"wp:attachment":[{"href":"https:\/\/fleschmazowsza.com.pl\/index.php?rest_route=%2Fwp%2Fv2%2Fmedia&parent=5049"}],"wp:term":[{"taxonomy":"category","embeddable":true,"href":"https:\/\/fleschmazowsza.com.pl\/index.php?rest_route=%2Fwp%2Fv2%2Fcategories&post=5049"},{"taxonomy":"post_tag","embeddable":true,"href":"https:\/\/fleschmazowsza.com.pl\/index.php?rest_route=%2Fwp%2Fv2%2Ftags&post=5049"}],"curies":[{"name":"wp","href":"https:\/\/api.w.org\/{rel}","templated":true}]}}