{"id":5026,"date":"2023-03-15T14:48:15","date_gmt":"2023-03-15T13:48:15","guid":{"rendered":"https:\/\/fleschmazowsza.com.pl\/?p=5026"},"modified":"2023-03-15T14:48:16","modified_gmt":"2023-03-15T13:48:16","slug":"wesprzyj-potrzebujacych-mieszkancow","status":"publish","type":"post","link":"https:\/\/fleschmazowsza.com.pl\/?p=5026","title":{"rendered":"Wesprzyj potrzebuj\u0105cych mieszka\u0144c\u00f3w"},"content":{"rendered":"\n<p><strong>Pod koniec lutego w Milan\u00f3wku wybuch\u0142 po\u017car, kt\u00f3ry strawi\u0142 parter i poddasze domu mieszkalnego. Mieszka\u0144com uda\u0142o si\u0119 uciec z p\u0142on\u0105cego budynku.<\/strong><\/p>\n\n\n\n<p>-Po\u017car wybuch\u0142 w domu jednorodzinnym. Nadpaleniu uleg\u0142 r\u00f3wnie\u017c zaparkowany obok budynku samoch\u00f3d. Na miejscu dzia\u0142a\u0142o kilka zast\u0119p\u00f3w stra\u017cy po\u017carnej \u2013 przekaza\u0142 reporter <em>tvnwarszawa.pl <\/em>Tomasz Zieli\u0144ski.<\/p>\n\n\n\n<p>Zdarzenie mia\u0142o miejsce przy ul. Makowej chwil\u0119 przed po\u0142udniem.<\/p>\n\n\n\n<p>-Po doje\u017adzie na miejsce zastali\u015bmy rozwini\u0119ty po\u017car przechodz\u0105cy z parteru na poddasze. W akcji ga\u015bniczej bra\u0142o udzia\u0142 w sumie sze\u015b\u0107 zast\u0119p\u00f3w stra\u017cy po\u017carnej \u2013 poinformowa\u0142 Micha\u0142 Weso\u0142owski, oficer dy\u017curny Komendy Powiatowej Pa\u0144stwowej Stra\u017cy Po\u017carnej w Grodzisku Mazowieckim.<\/p>\n\n\n\n<p>W budynku znajdowa\u0142y si\u0119 trzy osoby, kt\u00f3rym uda\u0142o si\u0119 opu\u015bci\u0107 p\u0142on\u0105cy dom przed przyjazdem ratownik\u00f3w.<\/p>\n\n\n\n<p>-Nikt nie zosta\u0142 poszkodowany. Opr\u00f3cz stra\u017cak\u00f3w na miejscu pracowa\u0142y pogotowie ratunkowe, energetyczne, gazowe, policja oraz stra\u017c miejska \u2013 doda\u0142 stra\u017cak.<\/p>\n\n\n\n<p>Teraz rodzina prosi o pomoc w powrocie do rzeczywisto\u015bci sprzed tragedii.<\/p>\n\n\n\n<p>-Bezlitosny \u017cywio\u0142 spowodowa\u0142 bardzo du\u017ce zniszczenia, a to, co uda\u0142o si\u0119 uratowa\u0107 przed ogniem, zosta\u0142o zalane wod\u0105 podczas gaszenia po\u017caru \u2013 m\u00f3wi mieszkaj\u0105ca tam pani Miros\u0142awa. &#8211; Remont domu oraz wymiana dachu wi\u0105\u017c\u0105 si\u0119 z ogromnymi kosztami. Zrobimy, co w naszej mocy, by wr\u00f3ci\u0107 do naszego miejsca na ziemi w jak najszybszym czasie, a ka\u017cda Wasza pomoc, kt\u00f3ra nam to u\u0142atwi b\u0119dzie dla nas bezcenna &#8211; dodaje mieszkanka.<\/p>\n\n\n\n<p>Na portalu szczytny-cel.pl zosta\u0142a utworzona zbi\u00f3rka. Do tej pory zebrano niespe\u0142na 30 tys. z\u0142 z potrzebnych 50 tys. z\u0142, zatem cel jest blisko. Pomagajcie!<\/p>\n\n\n\n<p class=\"has-text-align-right\"><strong>M. Ksit<\/strong>, Fot.: <em><strong>Pixabay<\/strong><\/em><\/p>\n","protected":false},"excerpt":{"rendered":"<p>Pod koniec lutego w Milan\u00f3wku wybuch\u0142 po\u017car, kt\u00f3ry strawi\u0142 parter i poddasze domu mieszkalnego. Mieszka\u0144com uda\u0142o si\u0119 uciec z p\u0142on\u0105cego budynku. -Po\u017car wybuch\u0142 w domu jednorodzinnym. Nadpaleniu uleg\u0142 r\u00f3wnie\u017c zaparkowany obok budynku samoch\u00f3d. Na miejscu dzia\u0142a\u0142o kilka zast\u0119p\u00f3w stra\u017cy po\u017carnej \u2013 przekaza\u0142 reporter tvnwarszawa.pl Tomasz Zieli\u0144ski. Zdarzenie mia\u0142o miejsce przy ul. Makowej chwil\u0119 przed po\u0142udniem. [&hellip;]<\/p>\n","protected":false},"author":2,"featured_media":5027,"comment_status":"closed","ping_status":"open","sticky":false,"template":"","format":"standard","meta":{"footnotes":""},"categories":[8],"tags":[],"class_list":["post-5026","post","type-post","status-publish","format-standard","has-post-thumbnail","hentry","category-roznosci"],"_links":{"self":[{"href":"https:\/\/fleschmazowsza.com.pl\/index.php?rest_route=\/wp\/v2\/posts\/5026","targetHints":{"allow":["GET"]}}],"collection":[{"href":"https:\/\/fleschmazowsza.com.pl\/index.php?rest_route=\/wp\/v2\/posts"}],"about":[{"href":"https:\/\/fleschmazowsza.com.pl\/index.php?rest_route=\/wp\/v2\/types\/post"}],"author":[{"embeddable":true,"href":"https:\/\/fleschmazowsza.com.pl\/index.php?rest_route=\/wp\/v2\/users\/2"}],"replies":[{"embeddable":true,"href":"https:\/\/fleschmazowsza.com.pl\/index.php?rest_route=%2Fwp%2Fv2%2Fcomments&post=5026"}],"version-history":[{"count":1,"href":"https:\/\/fleschmazowsza.com.pl\/index.php?rest_route=\/wp\/v2\/posts\/5026\/revisions"}],"predecessor-version":[{"id":5028,"href":"https:\/\/fleschmazowsza.com.pl\/index.php?rest_route=\/wp\/v2\/posts\/5026\/revisions\/5028"}],"wp:featuredmedia":[{"embeddable":true,"href":"https:\/\/fleschmazowsza.com.pl\/index.php?rest_route=\/wp\/v2\/media\/5027"}],"wp:attachment":[{"href":"https:\/\/fleschmazowsza.com.pl\/index.php?rest_route=%2Fwp%2Fv2%2Fmedia&parent=5026"}],"wp:term":[{"taxonomy":"category","embeddable":true,"href":"https:\/\/fleschmazowsza.com.pl\/index.php?rest_route=%2Fwp%2Fv2%2Fcategories&post=5026"},{"taxonomy":"post_tag","embeddable":true,"href":"https:\/\/fleschmazowsza.com.pl\/index.php?rest_route=%2Fwp%2Fv2%2Ftags&post=5026"}],"curies":[{"name":"wp","href":"https:\/\/api.w.org\/{rel}","templated":true}]}}