{"id":5009,"date":"2023-02-21T12:34:51","date_gmt":"2023-02-21T11:34:51","guid":{"rendered":"https:\/\/fleschmazowsza.com.pl\/?p=5009"},"modified":"2023-02-21T12:34:51","modified_gmt":"2023-02-21T11:34:51","slug":"szkoleniowy-weekend-w-ksiazenicach","status":"publish","type":"post","link":"https:\/\/fleschmazowsza.com.pl\/?p=5009","title":{"rendered":"Szkoleniowy weekend w Ksi\u0105\u017cenicach"},"content":{"rendered":"\n<p><strong>W weekend 4-5 lutego, \u017co\u0142nierze 61 Batalionu Lekkiej Piechoty z Ksi\u0105\u017cenic odbywali kolejne w tym roku szkolenia rotacyjne. Nawi\u0105zywanie \u0142\u0105czno\u015bci, doskonalenie umiej\u0119tno\u015bci z zakresu strzelania i zielonej taktyki, marsz kondycyjny m.in. w takim zakresie szkolili si\u0119 \u017co\u0142nierze 61 blp z Ksi\u0105\u017cenic. Podczas zaj\u0119\u0107 pojawili si\u0119 r\u00f3wnie\u017c go\u015bcie specjalni.<\/strong><\/p>\n\n\n\n<p>To by\u0142 intensywny czas szkolenia rotacyjnego dla \u017co\u0142nierzy i instruktor\u00f3w z dw\u00f3ch kompani lekkiej piechoty z Ksi\u0105\u017cenic. Przez dwa dni doskonali swoj\u0105 wiedz\u0119 teoretyczn\u0105 i umiej\u0119tno\u015bci praktyczne w wojskowym rzemio\u015ble.&nbsp;&nbsp;<\/p>\n\n\n\n<p>\u2013\u017bo\u0142nierze regularnie podnosz\u0105 swoje umiej\u0119tno\u015bci we wszystkich najwa\u017cniejszych dziedzinach wojskowych. W miniony weekend \u017co\u0142nierze walczyli nie tylko ze swoimi s\u0142abo\u015bciami, ale te\u017c z trudnymi warunkami pogodowymi. Mimo obfitych opad\u00f3w \u015bniegu odby\u0142y si\u0119 wszystkie zaplanowane zaj\u0119cia pocz\u0105wszy od taktyki, sko\u0144czywszy na strzelaniu \u2013 m\u00f3wi <strong>dow\u00f3dca 61 Batalionu Lekkiej Piechoty w Ksi\u0105\u017ceniach, pp\u0142k Artur Boruta<\/strong>.<\/p>\n\n\n\n<p class=\"has-text-align-center\"><strong>Go\u015bcie specjalni<\/strong><\/p>\n\n\n\n<p>Weekend szkoleniowy w 61 blp by\u0142 r\u00f3wnie\u017c okazj\u0105 dla \u017co\u0142nierzy do poznania niesamowitych ludzi &#8211; pasjonat\u00f3w tropienia i ratownictwa \u2013 przedstawicieli Cywilnej Grupy Poszukiwawczej TROPICIELE. Podczas wizyty zaprezentowano mo\u017cliwo\u015bci ps\u00f3w poszukiwawczych. Wystarczy\u0142o zaledwie kilka minut, by zwierz\u0119ta odnalaz\u0142y ukrytych w lesie \u017co\u0142nierzy odgrywaj\u0105cych role zaginionych.<\/p>\n\n\n\n<p>Spotkanie by\u0142o idealn\u0105 okazj\u0105, by w\u015br\u00f3d \u017co\u0142nierzy zaszczepi\u0107 ide\u0119 grup poszukiwawczych K9, a go\u015bciom przedstawi\u0107 mo\u017cliwo\u015b\u0107 wst\u0105pienia w szeregi 6MBOT.<\/p>\n\n\n\n<p class=\"has-text-align-center\"><strong>Grupy poszukiwawczo \u2013 ratownicze<\/strong><\/p>\n\n\n\n<p>Wojska Obrony Terytorialnej w 2022 roku rozpocz\u0119\u0142y formowanie nowych grup poszukiwawczo \u2013 ratowniczych. Pionierem projektu jest 13 \u015al\u0105ska Brygada OT, kt\u00f3ra teraz zgromadzon\u0105 przez ostatnie lata wiedz\u0119 i do\u015bwiadczenie przekazuje innym brygadom OT. Jest to r\u00f3wnie\u017c pierwsza jednostka Wojska Polskiego, w kt\u00f3rej psy pe\u0142ni\u0105 s\u0142u\u017cb\u0119 kontraktow\u0105.<\/p>\n\n\n\n<p>Czworono\u017cni \u017co\u0142nierze s\u0105 szkoleni do dzia\u0142a\u0144 podczas konflikt\u00f3w, a na co dzie\u0144 wspieraj\u0105 policj\u0119 i stra\u017c w poszukiwaniu os\u00f3b zaginionych. Grupa Poszukiwawczo \u2013 Ratownicza K9 sk\u0142ada si\u0119 z dow\u00f3dcy, planist\u00f3w, profilera oraz zespo\u0142\u00f3w z\u0142o\u017conych z nawigatora, przewodnika i psa. Czworonogi s\u0142u\u017c\u0105 razem ze swoimi przewodnikami \u2013 \u017co\u0142nierzami OT \u2013 w samodzielnym pododdziale jednostki.<\/p>\n\n\n\n<p class=\"has-text-align-center\"><strong>Do\u0142\u0105cz do nas!<\/strong><\/p>\n\n\n\n<p>Szkolenia rotacyjne \u017co\u0142nierzy 61 Batalionu Lekkiej Piechoty zazwyczaj odbywaj\u0105 si\u0119 w SRO (Sta\u0142ych Rejonach Odpowiedzialno\u015bci), gdzie na co dzie\u0144 mieszkaj\u0105, \u017cyj\u0105 i pracuj\u0105 terytorialsi. Kolejne szkolenie rotacyjne \u017co\u0142nierzy 61 blp ju\u017c w przysz\u0142ym miesi\u0105cu. Je\u015bli chcesz do\u0142\u0105czy\u0107 do \u017co\u0142nierzy 6 Mazowieckiej Brygady Obrony Terytorialnej, postawi\u0107 pierwsze kroki w wojsku, nauczy\u0107 si\u0119 strzela\u0107 i pozna\u0107 wojskowe rzemios\u0142o skontaktuj si\u0119 z rekruterami z Twojej okolicy za po\u015brednictwem strony internetowej https:\/\/rekruterzy.terytorialsi.wp.mil.pl\/, albo zg\u0142o\u015b si\u0119 do Wojskowego Centrum Rekrutacji (dawne WKU).<\/p>\n\n\n\n<p class=\"has-text-align-right\"><strong>ppor. Marlena ROS\u0141ANIEC<\/strong><br><em>Szef Sekcji<br>Sekcja Wsp\u00f3\u0142pracy Cywilno-Wojskowej<br>61 batalion lekkiej piechoty w Ksi\u0105\u017cenicach<\/em><\/p>\n","protected":false},"excerpt":{"rendered":"<p>W weekend 4-5 lutego, \u017co\u0142nierze 61 Batalionu Lekkiej Piechoty z Ksi\u0105\u017cenic odbywali kolejne w tym roku szkolenia rotacyjne. Nawi\u0105zywanie \u0142\u0105czno\u015bci, doskonalenie umiej\u0119tno\u015bci z zakresu strzelania i zielonej taktyki, marsz kondycyjny m.in. w takim zakresie szkolili si\u0119 \u017co\u0142nierze 61 blp z Ksi\u0105\u017cenic. Podczas zaj\u0119\u0107 pojawili si\u0119 r\u00f3wnie\u017c go\u015bcie specjalni. To by\u0142 intensywny czas szkolenia rotacyjnego dla [&hellip;]<\/p>\n","protected":false},"author":2,"featured_media":5010,"comment_status":"closed","ping_status":"open","sticky":false,"template":"","format":"standard","meta":{"footnotes":""},"categories":[8],"tags":[],"class_list":["post-5009","post","type-post","status-publish","format-standard","has-post-thumbnail","hentry","category-roznosci"],"_links":{"self":[{"href":"https:\/\/fleschmazowsza.com.pl\/index.php?rest_route=\/wp\/v2\/posts\/5009","targetHints":{"allow":["GET"]}}],"collection":[{"href":"https:\/\/fleschmazowsza.com.pl\/index.php?rest_route=\/wp\/v2\/posts"}],"about":[{"href":"https:\/\/fleschmazowsza.com.pl\/index.php?rest_route=\/wp\/v2\/types\/post"}],"author":[{"embeddable":true,"href":"https:\/\/fleschmazowsza.com.pl\/index.php?rest_route=\/wp\/v2\/users\/2"}],"replies":[{"embeddable":true,"href":"https:\/\/fleschmazowsza.com.pl\/index.php?rest_route=%2Fwp%2Fv2%2Fcomments&post=5009"}],"version-history":[{"count":1,"href":"https:\/\/fleschmazowsza.com.pl\/index.php?rest_route=\/wp\/v2\/posts\/5009\/revisions"}],"predecessor-version":[{"id":5011,"href":"https:\/\/fleschmazowsza.com.pl\/index.php?rest_route=\/wp\/v2\/posts\/5009\/revisions\/5011"}],"wp:featuredmedia":[{"embeddable":true,"href":"https:\/\/fleschmazowsza.com.pl\/index.php?rest_route=\/wp\/v2\/media\/5010"}],"wp:attachment":[{"href":"https:\/\/fleschmazowsza.com.pl\/index.php?rest_route=%2Fwp%2Fv2%2Fmedia&parent=5009"}],"wp:term":[{"taxonomy":"category","embeddable":true,"href":"https:\/\/fleschmazowsza.com.pl\/index.php?rest_route=%2Fwp%2Fv2%2Fcategories&post=5009"},{"taxonomy":"post_tag","embeddable":true,"href":"https:\/\/fleschmazowsza.com.pl\/index.php?rest_route=%2Fwp%2Fv2%2Ftags&post=5009"}],"curies":[{"name":"wp","href":"https:\/\/api.w.org\/{rel}","templated":true}]}}